{"id":542883,"date":"2025-11-18T17:14:15","date_gmt":"2025-11-18T17:14:15","guid":{"rendered":"https:\/\/www.europesays.com\/fr\/542883\/"},"modified":"2025-11-18T17:14:15","modified_gmt":"2025-11-18T17:14:15","slug":"larmee-francaise-doit-etre-prete-a-une-cyberguerre-contre-la-russie-pourquoi-la-bretagne-sera-aux-avant-postes","status":"publish","type":"post","link":"https:\/\/www.europesays.com\/fr\/542883\/","title":{"rendered":"L\u2019arm\u00e9e fran\u00e7aise doit \u00eatre pr\u00eate \u00e0 une cyberguerre contre la Russie\u00a0: pourquoi la Bretagne sera aux avant-postes"},"content":{"rendered":"<p>Sur terre, dans les airs, en mer mais aussi dans le cyberespace. Depuis quelques ann\u00e9es, la guerre a investi le champ du num\u00e9rique, avec, \u00e0 la cl\u00e9, une menace plus diffuse et des conflits presque invisibles aux yeux du grand public. Attaques informatiques, diffusion de fausses informations\u2026 \u00ab\u00a0Le combat dans le cyberespace est d\u00e9j\u00e0 l\u00e0. C\u2019est notre quotidien, avec un acteur particulier, la Russie, qui cible directement les arm\u00e9es et d\u2019autres entit\u00e9s en France\u00a0\u00bb, explique le g\u00e9n\u00e9ral Emmanuel Na\u00ebgelen, le chef du \u00ab\u00a0Comcyber\u00a0\u00bb, ce commandement de 500 cybercombattants, en grande majorit\u00e9 install\u00e9s \u00e0 Rennes.<\/p>\n<p>Pr\u00e9sent, ce mardi 18 novembre 2025, \u00e0 <a href=\"https:\/\/www.letelegramme.fr\/economie\/comment-les-attaques-informatiques-contre-des-entreprises-peuvent-mettre-a-larret-leconomie-6929777.php\" target=\"_blank\" rel=\"nofollow noopener\">la dixi\u00e8me European Cyber Week<\/a> de Rennes, le militaire est sur ses gardes\u00a0: au vu de la mont\u00e9e de la menace russe, il consid\u00e8re qu\u2019\u00ab\u00a0il faut \u00eatre pr\u00eat, au-del\u00e0 du combat au quotidien, \u00e0 un combat de haute intensit\u00e9 qui pourrait arriver d\u2019ici \u00e0 deux ou trois ans\u00a0\u00bb. Des propos qui font suite \u00e0 <a href=\"https:\/\/www.letelegramme.fr\/france\/larmee-francaise-doit-etre-prete-a-un-choc-dans-trois-quatre-ans-face-a-la-russie-6914106.php\" target=\"_blank\" rel=\"nofollow noopener\">ceux du chef d\u2019\u00e9tat-major des Arm\u00e9es, le g\u00e9n\u00e9ral Fabien Mandon<\/a>, qui estime que l\u2019arm\u00e9e fran\u00e7aise doit \u00eatre \u00ab\u00a0pr\u00eate \u00e0 un choc dans trois, quatre ans\u00a0\u00bb face \u00e0 la Russie. Dans ce contexte et alors que <a href=\"https:\/\/www.letelegramme.fr\/france\/defense-nationale-le-budget-double-dici-2027-au-lieu-de-2030-annonce-emmanuel-macron-6854804.php\" target=\"_blank\" rel=\"nofollow noopener\">la loi de programmation militaire pour 2024-2030<\/a> pr\u00e9voit 6,7 milliards d\u2019euros en plus pour la d\u00e9fense en 2026, il sera n\u00e9cessaire de d\u00e9multiplier les capacit\u00e9s de cyberguerre, plaide le g\u00e9n\u00e9ral Na\u00ebgelen, afin que l\u2019arm\u00e9e soit en mesure d\u2019attaquer et, surtout, de d\u00e9fendre ses syst\u00e8mes de pilotage et de combat, aujourd\u2019hui largement num\u00e9ris\u00e9s.<\/p>\n<p>\u00c9cosyst\u00e8me breton<\/p>\n<p>Dans ce grand chantier, la Bretagne aura une place cl\u00e9. D\u2019abord parce que c\u2019est l\u00e0 que le Comcyber s\u2019entra\u00eene et op\u00e8re. Ensuite parce que la r\u00e9gion dispose d\u2019une \u00ab\u00a0grande partie des leviers\u00a0\u00bb pour \u00ab\u00a0passer \u00e0 l\u2019\u00e9chelle\u00a0\u00bb, selon le g\u00e9n\u00e9ral Na\u00ebgelen. En r\u00e9gion rennaise, le Comcyber peut compter sur deux autres entit\u00e9s du minist\u00e8re des Arm\u00e9es\u00a0: la Direction g\u00e9n\u00e9rale de l\u2019armement-ma\u00eetrise de l\u2019information (DGA-MI) et ses 1\u00a0800 experts d\u00e9di\u00e9s au d\u00e9veloppement d\u2019innovations num\u00e9riques pour la d\u00e9fense, et <a href=\"https:\/\/www.letelegramme.fr\/ille-et-vilaine\/rennes-35000\/intelligence-artificielle-pour-rester-dans-la-course-larmee-installe-250-ingenieurs-pres-de-rennes-6705876.php\" target=\"_blank\" rel=\"nofollow noopener\">l\u2019Agence minist\u00e9rielle pour l\u2019intelligence artificielle de d\u00e9fense (Amiad)<\/a>, cr\u00e9\u00e9e en mai 2024 et qui compte d\u00e9j\u00e0 150 collaborateurs.<\/p>\n<p>\u00c0 ces acteurs s\u2019ajoute un tissu d\u2019\u00e9coles, d\u2019universit\u00e9s, de chercheurs et d\u2019entreprises (<a href=\"https:\/\/www.letelegramme.fr\/economie\/cybersecurite-la-filiere-bretonne-se-structure-et-recrute-6787463.php\" target=\"_blank\" rel=\"nofollow noopener\">plus de 10\u00a0000 salari\u00e9s<\/a>) coordonn\u00e9s par le P\u00f4le d\u2019excellence cyber (PEC). Un \u00ab\u00a0terreau favorable et stimulant\u00a0\u00bb dont l\u2019arm\u00e9e a besoin, selon l\u2019ing\u00e9nieur g\u00e9n\u00e9ral de l\u2019armement, Fr\u00e9d\u00e9ric Bouyer, patron des experts bretons de la DGA-MI. Car c\u2019est lui qui d\u00e9veloppe certaines des innovations utilis\u00e9es par la d\u00e9fense hexagonale. \u00ab\u00a0Nous besoin de ces innovations parce que face \u00e0 nous, nous avons des attaquants qui n\u2019arr\u00eatent pas d\u2019innover. Ce sont des cr\u00e9atifs, h\u00e9las\u00a0\u00bb, d\u00e9plore le g\u00e9n\u00e9ral Na\u00ebgelen.<\/p>\n","protected":false},"excerpt":{"rendered":"Sur terre, dans les airs, en mer mais aussi dans le cyberespace. Depuis quelques ann\u00e9es, la guerre a&hellip;\n","protected":false},"author":2,"featured_media":542884,"comment_status":"","ping_status":"","sticky":false,"template":"","format":"standard","meta":{"footnotes":""},"categories":[1591],"tags":[11,829,1887,12,1885,1886,132],"class_list":{"0":"post-542883","1":"post","2":"type-post","3":"status-publish","4":"format-standard","5":"has-post-thumbnail","7":"category-russie","8":"tag-actualites","9":"tag-bretagne","10":"tag-federation-de-russie","11":"tag-news","12":"tag-russia","13":"tag-russian-federation","14":"tag-russie"},"share_on_mastodon":{"url":"https:\/\/pubeurope.com\/@fr\/115571829363066436","error":""},"_links":{"self":[{"href":"https:\/\/www.europesays.com\/fr\/wp-json\/wp\/v2\/posts\/542883","targetHints":{"allow":["GET"]}}],"collection":[{"href":"https:\/\/www.europesays.com\/fr\/wp-json\/wp\/v2\/posts"}],"about":[{"href":"https:\/\/www.europesays.com\/fr\/wp-json\/wp\/v2\/types\/post"}],"author":[{"embeddable":true,"href":"https:\/\/www.europesays.com\/fr\/wp-json\/wp\/v2\/users\/2"}],"replies":[{"embeddable":true,"href":"https:\/\/www.europesays.com\/fr\/wp-json\/wp\/v2\/comments?post=542883"}],"version-history":[{"count":0,"href":"https:\/\/www.europesays.com\/fr\/wp-json\/wp\/v2\/posts\/542883\/revisions"}],"wp:featuredmedia":[{"embeddable":true,"href":"https:\/\/www.europesays.com\/fr\/wp-json\/wp\/v2\/media\/542884"}],"wp:attachment":[{"href":"https:\/\/www.europesays.com\/fr\/wp-json\/wp\/v2\/media?parent=542883"}],"wp:term":[{"taxonomy":"category","embeddable":true,"href":"https:\/\/www.europesays.com\/fr\/wp-json\/wp\/v2\/categories?post=542883"},{"taxonomy":"post_tag","embeddable":true,"href":"https:\/\/www.europesays.com\/fr\/wp-json\/wp\/v2\/tags?post=542883"}],"curies":[{"name":"wp","href":"https:\/\/api.w.org\/{rel}","templated":true}]}}