{"id":542887,"date":"2025-11-18T17:16:16","date_gmt":"2025-11-18T17:16:16","guid":{"rendered":"https:\/\/www.europesays.com\/fr\/542887\/"},"modified":"2025-11-18T17:16:16","modified_gmt":"2025-11-18T17:16:16","slug":"plan-de-paix-pour-gaza-lonu-suit-la-vision-des-etats-unis","status":"publish","type":"post","link":"https:\/\/www.europesays.com\/fr\/542887\/","title":{"rendered":"Plan de \u00ab\u00a0paix\u00a0\u00bb pour Gaza\u00a0: l\u2019ONU suit la vision des \u00c9tats-Unis"},"content":{"rendered":"<p>Les \u00c9tats-Unis forc\u00e9s de se tourner vers les Nations unies s\u2019agissant de la bande de Gaza\u00a0! Le Conseil de s\u00e9curit\u00e9 a, le 17\u00a0novembre, adopt\u00e9 par 13 voix pour et 2 abstentions (Russie et Chine) la <a href=\"https:\/\/www.humanite.fr\/monde\/bande-de-gaza\/gaza-comment-washington-et-tel-aviv-tentent-de-faire-adopter-le-plan-trump-par-les-nations-unies-sans-prendre-en-compte-le-peuple-palestinien\" rel=\"nofollow noopener\" target=\"_blank\">r\u00e9solution 2803, par laquelle il fait sien le plan d\u2019ensemble de Donald Trump<\/a> visant officiellement \u00e0 <a href=\"https:\/\/www.humanite.fr\/monde\/aide-humanitaire\/quavons-nous-fait-pour-meriter-tout-cela-les-habitants-de-gaza-en-proie-aux-inondations-et-au-blocus-israelien\" rel=\"nofollow noopener\" target=\"_blank\">mettre fin au conflit \u00e0 Gaza<\/a>, et demande \u00e0 toutes les parties de l\u2019appliquer dans son int\u00e9gralit\u00e9, \u00ab\u00a0notamment de respecter le cessez-le-feu, de bonne foi et sans d\u00e9lai\u00a0\u00bb. Cela alors qu\u2019Isra\u00ebl annon\u00e7ait le m\u00eame jour avoir tu\u00e9 trois Palestiniens coupables d\u2019avoir franchi la ligne Jaune, d\u00e9finie arbitrairement par Tel-Aviv et qui divise la bande en deux.<\/p>\n<p>Le Hamas a rejet\u00e9 la mesure, affirmant qu\u2019elle ne respectait pas les droits des&#8230;<\/p>\n","protected":false},"excerpt":{"rendered":"Les \u00c9tats-Unis forc\u00e9s de se tourner vers les Nations unies s\u2019agissant de la bande de Gaza\u00a0! Le Conseil&hellip;\n","protected":false},"author":2,"featured_media":542888,"comment_status":"","ping_status":"","sticky":false,"template":"","format":"standard","meta":{"footnotes":""},"categories":[1589],"tags":[11,4628,73,1866,11415,12,1864,1865,1863,308],"class_list":{"0":"post-542887","1":"post","2":"type-post","3":"status-publish","4":"format-standard","5":"has-post-thumbnail","7":"category-etats-unis","8":"tag-actualites","9":"tag-bande-de-gaza","10":"tag-etats-unis","11":"tag-etats-unis-damerique","12":"tag-nations-unies","13":"tag-news","14":"tag-united-states","15":"tag-united-states-of-america","16":"tag-us","17":"tag-usa"},"share_on_mastodon":{"url":"https:\/\/pubeurope.com\/@fr\/115571837335571655","error":""},"_links":{"self":[{"href":"https:\/\/www.europesays.com\/fr\/wp-json\/wp\/v2\/posts\/542887","targetHints":{"allow":["GET"]}}],"collection":[{"href":"https:\/\/www.europesays.com\/fr\/wp-json\/wp\/v2\/posts"}],"about":[{"href":"https:\/\/www.europesays.com\/fr\/wp-json\/wp\/v2\/types\/post"}],"author":[{"embeddable":true,"href":"https:\/\/www.europesays.com\/fr\/wp-json\/wp\/v2\/users\/2"}],"replies":[{"embeddable":true,"href":"https:\/\/www.europesays.com\/fr\/wp-json\/wp\/v2\/comments?post=542887"}],"version-history":[{"count":0,"href":"https:\/\/www.europesays.com\/fr\/wp-json\/wp\/v2\/posts\/542887\/revisions"}],"wp:featuredmedia":[{"embeddable":true,"href":"https:\/\/www.europesays.com\/fr\/wp-json\/wp\/v2\/media\/542888"}],"wp:attachment":[{"href":"https:\/\/www.europesays.com\/fr\/wp-json\/wp\/v2\/media?parent=542887"}],"wp:term":[{"taxonomy":"category","embeddable":true,"href":"https:\/\/www.europesays.com\/fr\/wp-json\/wp\/v2\/categories?post=542887"},{"taxonomy":"post_tag","embeddable":true,"href":"https:\/\/www.europesays.com\/fr\/wp-json\/wp\/v2\/tags?post=542887"}],"curies":[{"name":"wp","href":"https:\/\/api.w.org\/{rel}","templated":true}]}}