{"id":542889,"date":"2025-11-18T17:17:20","date_gmt":"2025-11-18T17:17:20","guid":{"rendered":"https:\/\/www.europesays.com\/fr\/542889\/"},"modified":"2025-11-18T17:17:20","modified_gmt":"2025-11-18T17:17:20","slug":"cop30-le-danemark-double-le-royaume-uni-et-devient-le-pays-europeen-le-plus-ambitieux-pour-le-climat","status":"publish","type":"post","link":"https:\/\/www.europesays.com\/fr\/542889\/","title":{"rendered":"COP30: le Danemark double le Royaume-uni et devient le pays europ\u00e9en le plus ambitieux pour le climat"},"content":{"rendered":"<p>Depuis lundi et les d\u00e9clarations de Lars Aagaard, le <a href=\"https:\/\/www.geo.fr\/voyage\/danemark-le-pays-des-voyages-au-grand-air-225523\" target=\"_blank\" rel=\"noopener\">Danemark<\/a> devient le pays avec les ambitions les plus fortes en mati\u00e8re de r\u00e9duction des \u00e9missions de gaz \u00e0 effet de serre.<\/p>\n<p>\u00ab\u00a0Il est crucial d&rsquo;envoyer un signal fort et clair, en particulier en ce moment\u00a0\u00bb s&rsquo;est exprim\u00e9 le ministre su\u00e9dois pour le climat lors de la <a href=\"https:\/\/www.geo.fr\/environnement\/il-doit-nous-ecouter-aux-portes-de-la-cop30-les-autochtones-demandent-a-lula-plus-d-efforts-pour-proteger-l-amazonie-229463\" target=\"_blank\" rel=\"noopener\">COP30<\/a> \u00e0 Bel\u00e9m. \u00ab\u00a0Il y a trop de choses dans ce monde qui vont dans la mauvaise direction. Le Danemark va continuer de prouver que de fortes ambitions climatiques peuvent aller de pair avec une \u00e9conomie comp\u00e9titive et une coh\u00e9sion sociale soutenue\u00a0\u00bb.<\/p>\n<p>Juste au-dessus du Royaume-Uni<\/p>\n<p>Jusqu&rsquo;ici, pour le climat, le Royaume-Uni faisait bande \u00e0 part en <a href=\"https:\/\/www.bloomberg.com\/news\/articles\/2025-02-11\/uk-s-climate-goals-buck-global-trend-as-trump-spurns-un-diplomacy\" target=\"_blank\" rel=\"noopener\">Europe<\/a>. En f\u00e9vrier, alors que dix des plus grandes \u00e9conomies du monde avaient d\u00e9j\u00e0 d\u00e9pass\u00e9 la deadline des Nations Unies pour soumettre leur plan de r\u00e9duction d&rsquo;\u00e9missions de GES sur la prochaine d\u00e9cennie, le <a href=\"https:\/\/www.geo.fr\/environnement\/points-de-bascule-climatique-le-royaume-uni-finance-le-developpement-d-un-systeme-d-alerte-precoce-224739\" target=\"_blank\" rel=\"noopener\">Royaume-Uni<\/a> \u00e9tait le seul pays \u00e0 avoir pr\u00e9sent\u00e9 une strat\u00e9gie claire jusqu&rsquo;en 2035, qui respectait les engagements pris lors des <a href=\"https:\/\/www.geo.fr\/environnement\/climat-les-bombes-carbone-lancees-par-les-geants-petroliers-reduisent-en-cendres-l-accord-de-paris-229181\" target=\"_blank\" rel=\"noopener\">accords de Paris<\/a>.<\/p>\n<p>L&rsquo;objectif: r\u00e9duire les \u00e9missions carbone britanniques de 81 % par rapport aux niveaux de 1990.<\/p>\n<p>D\u00e9sormais, le <a href=\"https:\/\/www.geo.fr\/environnement\/premiere-mondiale-le-danemark-va-introduire-une-taxe-carbone-sur-le-methane-issu-de-l-elevage-221137\" target=\"_blank\" rel=\"noopener\">Danemark<\/a> le devance, avec des objectifs allant de 82 \u00e0 85 % de r\u00e9duction d&rsquo;ici 2035, et des fonds allant jusqu&rsquo;\u00e0 620 millions de dollars par an pour atteindre ce palier. Le pays, explique <a href=\"https:\/\/www.bloomberg.com\/news\/articles\/2025-11-17\/uk-overtaken-by-denmark-as-most-ambitious-country-on-climate?srnd=phx-green\" target=\"_blank\" rel=\"noopener\">Bloomberg<\/a>, est l&rsquo;un des pays europ\u00e9ens les plus progressistes sur la question du climat et dont l&rsquo;\u00e9conomie tourne d\u00e9sormais essentiellement autour d&rsquo;\u00e9nergies et de technologies propres.<\/p>\n<p>Selon le site <a href=\"https:\/\/lowcarbonpower.org\/fr\/region\/Danemark\" target=\"_blank\" rel=\"noopener\">Low Carbon Power<\/a>, le mix \u00e9nerg\u00e9tique du Danemark est compos\u00e9 \u00e0 49,1% d&rsquo;\u00e9olien et 11,4% du solaire, contre 2,8% de gaz et 4,7% de charbon.<\/p>\n<p>Le Danemark, un pas plus loin que les autres<\/p>\n<p>En comparaison, la <a href=\"https:\/\/www.geo.fr\/environnement\/en-france-et-en-europe-la-dependance-aux-fossiles-menace-le-climat-mais-aussi-la-souverainete-229532\" target=\"_blank\" rel=\"noopener\">France<\/a> a depuis annonc\u00e9 vouloir atteindre -50% de ses \u00e9missions en 2030 et la <a href=\"https:\/\/www.geo.fr\/environnement\/sauver-le-climat-tout-en-forant-toujours-plus-de-petrole-le-bresil-soutenu-par-la-chine-en-pleine-dissonance-copnitive-229489\" target=\"_blank\" rel=\"noopener\">Chine<\/a> s&rsquo;est engag\u00e9e \u00e0 une r\u00e9duction de 7 \u00e0 10% d&rsquo;ici 2035 par rapport \u00e0 son pic d&rsquo;\u00e9mission. Un objectif modeste en pourcentage mais \u00e9norme en valeur absolue, rappelle le <a href=\"https:\/\/www.courrierinternational.com\/article\/cop30-les-reductions-d-emissions-chinoises-un-enjeu-majeur-pour-le-climat_236269\" target=\"_blank\" rel=\"noopener\">Courrier International<\/a>, car cela \u00e9quivaudrait \u00e0 trois d\u00e9carbonations compl\u00e8tes du Royaume-Uni.<\/p>\n<p>L&rsquo;<a href=\"https:\/\/www.geo.fr\/environnement\/la-taxe-carbone-aux-frontieres-de-l-union-europeenne-au-menu-de-la-cop30-a-belem-229408\" target=\"_blank\" rel=\"noopener\">Union europ\u00e9enne<\/a> de son c\u00f4t\u00e9, a propos\u00e9 aux Nations Unies un plan de r\u00e9duction de 90 % de ses \u00e9missions par rapport \u00e0 1990 pour 2040. D&rsquo;autres pollueurs majeurs comme l&rsquo;<a href=\"https:\/\/www.geo.fr\/environnement\/pollution-l-inde-tente-de-faire-tomber-la-pluie-pour-que-new-delhi-respire-a-nouveau-229167\" target=\"_blank\" rel=\"noopener\">Inde <\/a>et l&rsquo;<a href=\"https:\/\/www.geo.fr\/geopolitique\/petrole-vert-et-ia-l-arabie-saoudite-reaffirme-ses-ambitions-lors-du-davos-du-desert-229215\" target=\"_blank\" rel=\"noopener\">Arabie saoudite<\/a> n&rsquo;ont toujours pas rendu publiques leurs strat\u00e9gies de r\u00e9duction des GES pour 2035.<\/p>\n<p>\u00c0 <a href=\"https:\/\/www.geo.fr\/environnement\/a-belem-les-indigenes-tentent-de-faire-entendre-leur-voix-fatigues-des-negociations-creuses-et-des-promesses-non-tenues-229515\" target=\"_blank\" rel=\"noopener\">Bel\u00e9m<\/a>, les discussions autour de la COP30 vont continuer jusqu&rsquo;au 21 novembre, avec l&rsquo;espoir que de nouvelles strat\u00e9gies de r\u00e9duction soient d\u00e9voil\u00e9es, et surtout que nos dirigeants les tiennent.<\/p>\n","protected":false},"excerpt":{"rendered":"Depuis lundi et les d\u00e9clarations de Lars Aagaard, le Danemark devient le pays avec les ambitions les plus&hellip;\n","protected":false},"author":2,"featured_media":542890,"comment_status":"","ping_status":"","sticky":false,"template":"","format":"standard","meta":{"footnotes":""},"categories":[1588],"tags":[11,1129,145,1777,674,25371,12,3521,473,1853,1778,1851,1850,1852],"class_list":{"0":"post-542889","1":"post","2":"type-post","3":"status-publish","4":"format-standard","5":"has-post-thumbnail","7":"category-royaume-uni","8":"tag-actualites","9":"tag-climat","10":"tag-danemark","11":"tag-eu","12":"tag-europe","13":"tag-gaz-u00e0-effet-de-serre","14":"tag-news","15":"tag-onu","16":"tag-royaume-uni","17":"tag-royaume-uni-de-grande-bretagne-et-dirlande-du-nord","18":"tag-ue","19":"tag-uk","20":"tag-united-kingdom","21":"tag-united-kingdom-of-great-britain-and-northern-ireland"},"share_on_mastodon":{"url":"https:\/\/pubeurope.com\/@fr\/115571841160967216","error":""},"_links":{"self":[{"href":"https:\/\/www.europesays.com\/fr\/wp-json\/wp\/v2\/posts\/542889","targetHints":{"allow":["GET"]}}],"collection":[{"href":"https:\/\/www.europesays.com\/fr\/wp-json\/wp\/v2\/posts"}],"about":[{"href":"https:\/\/www.europesays.com\/fr\/wp-json\/wp\/v2\/types\/post"}],"author":[{"embeddable":true,"href":"https:\/\/www.europesays.com\/fr\/wp-json\/wp\/v2\/users\/2"}],"replies":[{"embeddable":true,"href":"https:\/\/www.europesays.com\/fr\/wp-json\/wp\/v2\/comments?post=542889"}],"version-history":[{"count":0,"href":"https:\/\/www.europesays.com\/fr\/wp-json\/wp\/v2\/posts\/542889\/revisions"}],"wp:featuredmedia":[{"embeddable":true,"href":"https:\/\/www.europesays.com\/fr\/wp-json\/wp\/v2\/media\/542890"}],"wp:attachment":[{"href":"https:\/\/www.europesays.com\/fr\/wp-json\/wp\/v2\/media?parent=542889"}],"wp:term":[{"taxonomy":"category","embeddable":true,"href":"https:\/\/www.europesays.com\/fr\/wp-json\/wp\/v2\/categories?post=542889"},{"taxonomy":"post_tag","embeddable":true,"href":"https:\/\/www.europesays.com\/fr\/wp-json\/wp\/v2\/tags?post=542889"}],"curies":[{"name":"wp","href":"https:\/\/api.w.org\/{rel}","templated":true}]}}