{"id":542891,"date":"2025-11-18T17:18:19","date_gmt":"2025-11-18T17:18:19","guid":{"rendered":"https:\/\/www.europesays.com\/fr\/542891\/"},"modified":"2025-11-18T17:18:19","modified_gmt":"2025-11-18T17:18:19","slug":"mystere-apres-la-decouverte-de-mains-sectionnees-et-dun-bebe-abandonne-devant-un-monastere","status":"publish","type":"post","link":"https:\/\/www.europesays.com\/fr\/542891\/","title":{"rendered":"myst\u00e8re apr\u00e8s la d\u00e9couverte de mains sectionn\u00e9es et d\u2019un b\u00e9b\u00e9 abandonn\u00e9 devant un monast\u00e8re"},"content":{"rendered":"<p class=\"intro\">En Allemagne, les mains d&rsquo;une femme ont \u00e9t\u00e9 retrouv\u00e9es sur une autoroute dans la nuit. Quelques heures plus tard, \u00e0 110 km de l\u00e0, un b\u00e9b\u00e9, qui serait le sien, a \u00e9t\u00e9 d\u00e9couvert devant un monast\u00e8re. Une enqu\u00eate est en cours. <\/p>\n<p>Sa disparition n\u2019avait pas \u00e9t\u00e9 signal\u00e9e. Celle de son b\u00e9b\u00e9 non plus. \u00a0<a href=\"https:\/\/www.parismatch.com\/actu\/faits-divers\/qui-ferait-une-chose-pareille-le-corps-de-fabian-8-ans-disparu-depuis-vendredi-retrouve-sans-vie-en-allemagne-258625\" rel=\"nofollow noopener\" target=\"_blank\">En Allemagne<\/a>, les mains sectionn\u00e9es d\u2019une femme ont \u00e9t\u00e9 retrouv\u00e9es sur une autoroute et quelques heures plus tard, son enfant a \u00e9t\u00e9 d\u00e9couvert vivant devant un monast\u00e8re \u00e0 proximit\u00e9 de Cologne, rapportent nos confr\u00e8res allemands de <a href=\"https:\/\/www.bild.de\/news\/inland\/ihre-abgehackten-haende-lagen-auf-der-autobahn-baby-des-stueckel-opfers-vor-kloster-abgelegt-691c363ae2c7d59420f7a59b\" rel=\"nofollow noopener\" target=\"_blank\">Bild<\/a>. La sinistre d\u00e9couverte a eu lieu dans la nuit du lundi\u00a017 au mardi 18\u00a0novembre sur une l\u2019A45 pr\u00e8s d\u2019Olpe, en Rh\u00e9nanie-du-Nord-Westphalie, apr\u00e8s l\u2019appel d\u2019un automobiliste signalant des objets qu&rsquo;il n&rsquo;avait pu identifier.<\/p>\n<p>L\u2019enfant retrouv\u00e9 \u00e0 110\u00a0km de l\u2019autoroute<\/p>\n<p>\u00c0 leur arriv\u00e9e sur place, les policiers locaux ont effectivement retrouv\u00e9 plusieurs restes humains, dont des mains sectionn\u00e9es. Plus tard ce mardi matin, un b\u00e9b\u00e9 a \u00e9t\u00e9 d\u00e9couvert abandonn\u00e9 dans une poussette devant un monast\u00e8re orthodoxe de Kr\u00f6ffelbach. Indemne, l\u2019enfant a \u00e9t\u00e9 pris en charge par les secours.<\/p>\n<p>    La suite apr\u00e8s cette publicit\u00e9<\/p>\n<p>Gr\u00e2ce aux empreintes digitales, les autorit\u00e9s allemandes ont r\u00e9ussi \u00e0 identifier les mains\u00a0: elles appartiennent \u00e0 une jeune \u00c9rythr\u00e9enne, qui vivait dans un centre d\u2019accueil pour demandeurs d\u2019asile dans la ville de Bonn. D\u2019apr\u00e8s de nombreux m\u00e9dias allemands, elle serait la m\u00e8re de l\u2019enfant et les enqu\u00eateurs ne savent pas si elle est morte ou non.<\/p>\n<p>    La suite apr\u00e8s cette publicit\u00e9<\/p>\n<p>D\u00e9sormais, les policiers tentent de retrouver la trace du compagnon de cette femme, qui serait \u00e9galement le p\u00e8re de l\u2019enfant d\u00e9couvert devant le monast\u00e8re. Pour le moment, aucune information ne permet de suspecter cet homme. Aucune autre partie du corps n\u2019a \u00e9t\u00e9 retrouv\u00e9e malgr\u00e9 des recherches approfondies le long de l\u2019autoroute et dans les bois avoisinants.<\/p>\n","protected":false},"excerpt":{"rendered":"En Allemagne, les mains d&rsquo;une femme ont \u00e9t\u00e9 retrouv\u00e9es sur une autoroute dans la nuit. Quelques heures plus&hellip;\n","protected":false},"author":2,"featured_media":542892,"comment_status":"","ping_status":"","sticky":false,"template":"","format":"standard","meta":{"footnotes":""},"categories":[1587],"tags":[11,672,1804,1805,1803,1777,674,1801,12,1802],"class_list":{"0":"post-542891","1":"post","2":"type-post","3":"status-publish","4":"format-standard","5":"has-post-thumbnail","7":"category-allemagne","8":"tag-actualites","9":"tag-allemagne","10":"tag-bundesrepublik-deutschland","11":"tag-de","12":"tag-deutschland","13":"tag-eu","14":"tag-europe","15":"tag-germany","16":"tag-news","17":"tag-republique-federale-dallemagne"},"share_on_mastodon":{"url":"https:\/\/pubeurope.com\/@fr\/115571845037204152","error":""},"_links":{"self":[{"href":"https:\/\/www.europesays.com\/fr\/wp-json\/wp\/v2\/posts\/542891","targetHints":{"allow":["GET"]}}],"collection":[{"href":"https:\/\/www.europesays.com\/fr\/wp-json\/wp\/v2\/posts"}],"about":[{"href":"https:\/\/www.europesays.com\/fr\/wp-json\/wp\/v2\/types\/post"}],"author":[{"embeddable":true,"href":"https:\/\/www.europesays.com\/fr\/wp-json\/wp\/v2\/users\/2"}],"replies":[{"embeddable":true,"href":"https:\/\/www.europesays.com\/fr\/wp-json\/wp\/v2\/comments?post=542891"}],"version-history":[{"count":0,"href":"https:\/\/www.europesays.com\/fr\/wp-json\/wp\/v2\/posts\/542891\/revisions"}],"wp:featuredmedia":[{"embeddable":true,"href":"https:\/\/www.europesays.com\/fr\/wp-json\/wp\/v2\/media\/542892"}],"wp:attachment":[{"href":"https:\/\/www.europesays.com\/fr\/wp-json\/wp\/v2\/media?parent=542891"}],"wp:term":[{"taxonomy":"category","embeddable":true,"href":"https:\/\/www.europesays.com\/fr\/wp-json\/wp\/v2\/categories?post=542891"},{"taxonomy":"post_tag","embeddable":true,"href":"https:\/\/www.europesays.com\/fr\/wp-json\/wp\/v2\/tags?post=542891"}],"curies":[{"name":"wp","href":"https:\/\/api.w.org\/{rel}","templated":true}]}}