{"id":542901,"date":"2025-11-18T17:24:12","date_gmt":"2025-11-18T17:24:12","guid":{"rendered":"https:\/\/www.europesays.com\/fr\/542901\/"},"modified":"2025-11-18T17:24:12","modified_gmt":"2025-11-18T17:24:12","slug":"amal-bentounsi-est-candidate-officiellement-investie-par-la-france-insoumise","status":"publish","type":"post","link":"https:\/\/www.europesays.com\/fr\/542901\/","title":{"rendered":"Amal Bentounsi est candidate, officiellement investie par La France Insoumise"},"content":{"rendered":"<p>                    Par<br \/>\n        <strong><br \/>\n            <a href=\"https:\/\/actu.fr\/auteur\/l-bourven\" title=\"Consulter tous les articles de Laura Bourven\" target=\"_blank\" rel=\"noopener\">Laura Bourven<\/a><br \/>\n                    <\/strong><\/p>\n<p>        Publi\u00e9 le<\/p>\n<p>            18 nov. 2025 \u00e0 18h19        <\/p>\n<p>C\u2019est officiel. En ce mois de novembre\u00a02025, quatre mois avant le premier tour des<a href=\"https:\/\/actu.fr\/tag\/municipales-2026\" target=\"_blank\" rel=\"noopener\"> \u00e9lections municipales,<\/a> La France Insoumise a d\u00e9cid\u00e9 d\u2019investir \u00e0 <a href=\"https:\/\/actu.fr\/ile-de-france\/meaux_77284\" target=\"_blank\" rel=\"noopener\">Meaux<\/a>, sans aucune surprise, <b>Amal Bentounsi.<\/b> <a href=\"https:\/\/actu.fr\/politique\/elections-legislatives\/legislatives-2024-amal-bentounsi-enfant-de-meaux-se-veut-la-porte-parole-des-minorites_61258340.html\" target=\"_blank\" rel=\"noopener\">Candidate aux \u00e9lections l\u00e9gislatives de 2024<\/a> pour la 6e circonscription de Seine-et-Marne et<a href=\"https:\/\/actu.fr\/ile-de-france\/meaux_77284\/meaux-la-france-insoumise-se-lance-dans-les-municipales-on-va-aller-a-la-rencontre-des-habitants_62549426.html\" target=\"_blank\" rel=\"noopener\"> co-cheffe de file <\/a>du parti pour les municipales depuis le printemps, cette enfant de Meaux porte d\u00e9sormais la liste LFI et s\u2019impose comme la<b> concurrente directe de Jean-Fran\u00e7ois Cop\u00e9.<\/b><\/p>\n<p>Des ateliers pour constituer son programme<\/p>\n<p class=\" wall-content\">Depuis le d\u00e9but du mois de novembre, la campagne s\u2019est acc\u00e9l\u00e9r\u00e9e pour Amal Bentounsi. La candidate LFI organise, tous les week-ends, dans les diff\u00e9rents quartiers de Meaux<b> des ateliers th\u00e9matiques.<\/b><\/p>\n<p class=\" wall-content\">Objectif\u2009: discuter avec les Meldois des sujets du quotidien afin de conna\u00eetre leurs besoins et, ainsi, <b>peaufiner le programme pour les municipales<\/b>. \u00ab\u2009On veut redonner la voix aux citoyens. Il y a une grande pr\u00e9carit\u00e9 \u00e0 Meaux, et le paysage urbain a chang\u00e9. Les Meldois ont \u00e9t\u00e9 repouss\u00e9s plus au fond de la ville. On veut voir comment on peut les accompagner. Ces ateliers reprennent nos priorit\u00e9s\u2009\u00bb indique la candidate.<\/p>\n<p class=\" wall-content\">Au programme des ateliers\u2009: le logement, le pouvoir d\u2019achat, la vie des femmes \u00e0 Meaux, la jeunesse, la s\u00e9curit\u00e9 et la protection, l\u2019environnement et le cadre de vie, les commerces. Le prochain atelier sera celui sur la vie des femmes, samedi 22\u00a0novembre, \u00e0 14\u2009h, place Colbert.<\/p>\n<p class=\" wall-content\">\u00ab\u2009En janvier, on aura un programme de pr\u00eat\u2009\u00bb, assure Amal Bentounsi qui dit incarner une <b>candidature \u00ab\u2009atypique\u2009\u00bb<\/b>. \u00ab\u2009Je suis issue d\u2019un quartier, j\u2019ai connu la pr\u00e9carit\u00e9, le ch\u00f4mage, la discrimination, les trag\u00e9dies. Je suis de ces personnes qui ont subi des accidents de la vie et qui sont tomb\u00e9es pour mieux se relever. Je veux donner de l\u2019espoir, tendre la main et recr\u00e9er du lien social \u00e0 Meaux.\u2009\u00bb<\/p>\n<p>Vid\u00e9os : en ce moment sur ActuUn lancement de campagne en grande pompe<\/p>\n<p class=\" wall-content\">En attendant, la candidate Amal Bentounsi, qui a annonc\u00e9 sa candidature \u00e0 travers les r\u00e9seaux sociaux ce mardi 18\u00a0novembre,<b> pr\u00e9pare son meeting de lancement de campagne.<\/b> Celui-ci aura lieu mercredi 29\u00a0novembre \u00e0 19\u2009h\u200930, dans un lieu pour l\u2019heure inconnu.<\/p>\n<p>Votre r\u00e9gion, votre actu !<\/p>\n<p>Recevez chaque jour les infos qui comptent pour vous.<\/p>\n<p>\t<a href=\"https:\/\/actu.fr\/newsletter\" class=\"ac-btn ac-btn--corner ac-btn--medium ac-btn--blue800\" target=\"_blank\" rel=\"noopener\">S&rsquo;incrire<\/a><\/p>\n<p class=\" wall-content\">Pour soutenir la candidate, plusieurs membres de la France insoumise seront pr\u00e9sents dont <b>Rachel Keke<\/b>, ancienne d\u00e9put\u00e9e du Val-de-Marne et <b>David Guiraud,<\/b> d\u00e9put\u00e9 du Nord. Le rappeur et chanteu<b>r Kery James <\/b>viendra donner un concert pour l\u2019occasion. Le lieu de la soir\u00e9e de lancement sera annonc\u00e9 dans les prochains jours.<\/p>\n<p class=\" wall-content\">Personnalisez votre actualit\u00e9 en ajoutant vos villes et m\u00e9dias en favori avec <a href=\"https:\/\/moncompte.actu.fr\" title=\"D\u00e9couvez Mon Actu\" rel=\"nofollow noopener\" data-trk=\"{&quot;cta&quot;:{&quot;action&quot;:&quot;https:\\\/\\\/moncompte.actu.fr&quot;,&quot;category&quot;:&quot;mon compte&quot;,&quot;from&quot;:&quot;article footer&quot;,&quot;name&quot;:&quot;Mon actu&quot;,&quot;type&quot;:&quot;cta&quot;}}\" target=\"_blank\">Mon Actu<\/a>.<\/p>\n","protected":false},"excerpt":{"rendered":"Par Laura Bourven Publi\u00e9 le 18 nov. 2025 \u00e0 18h19 C\u2019est officiel. En ce mois de novembre\u00a02025, quatre&hellip;\n","protected":false},"author":2,"featured_media":542902,"comment_status":"","ping_status":"","sticky":false,"template":"","format":"standard","meta":{"footnotes":""},"categories":[4],"tags":[11,4188,1011,27,1023,3434,12,316,25],"class_list":{"0":"post-542901","1":"post","2":"type-post","3":"status-publish","4":"format-standard","5":"has-post-thumbnail","7":"category-france","8":"tag-actualites","9":"tag-elections-municipales","10":"tag-fr","11":"tag-france","12":"tag-la-france-insoumise-lfi","13":"tag-municipales-2026","14":"tag-news","15":"tag-politique","16":"tag-republique-francaise"},"share_on_mastodon":{"url":"https:\/\/pubeurope.com\/@fr\/115571868678072738","error":""},"_links":{"self":[{"href":"https:\/\/www.europesays.com\/fr\/wp-json\/wp\/v2\/posts\/542901","targetHints":{"allow":["GET"]}}],"collection":[{"href":"https:\/\/www.europesays.com\/fr\/wp-json\/wp\/v2\/posts"}],"about":[{"href":"https:\/\/www.europesays.com\/fr\/wp-json\/wp\/v2\/types\/post"}],"author":[{"embeddable":true,"href":"https:\/\/www.europesays.com\/fr\/wp-json\/wp\/v2\/users\/2"}],"replies":[{"embeddable":true,"href":"https:\/\/www.europesays.com\/fr\/wp-json\/wp\/v2\/comments?post=542901"}],"version-history":[{"count":0,"href":"https:\/\/www.europesays.com\/fr\/wp-json\/wp\/v2\/posts\/542901\/revisions"}],"wp:featuredmedia":[{"embeddable":true,"href":"https:\/\/www.europesays.com\/fr\/wp-json\/wp\/v2\/media\/542902"}],"wp:attachment":[{"href":"https:\/\/www.europesays.com\/fr\/wp-json\/wp\/v2\/media?parent=542901"}],"wp:term":[{"taxonomy":"category","embeddable":true,"href":"https:\/\/www.europesays.com\/fr\/wp-json\/wp\/v2\/categories?post=542901"},{"taxonomy":"post_tag","embeddable":true,"href":"https:\/\/www.europesays.com\/fr\/wp-json\/wp\/v2\/tags?post=542901"}],"curies":[{"name":"wp","href":"https:\/\/api.w.org\/{rel}","templated":true}]}}