{"id":542905,"date":"2025-11-18T17:26:14","date_gmt":"2025-11-18T17:26:14","guid":{"rendered":"https:\/\/www.europesays.com\/fr\/542905\/"},"modified":"2025-11-18T17:26:14","modified_gmt":"2025-11-18T17:26:14","slug":"arthur-gomme-pur-produit-de-la-formation-de-lalterna-stade-poitevin","status":"publish","type":"post","link":"https:\/\/www.europesays.com\/fr\/542905\/","title":{"rendered":"Arthur Gomme, pur produit de la formation de l&rsquo;Alterna Stade Poitevin"},"content":{"rendered":"<p>Leader naturel de l\u2019\u00e9quipe\u00a0\u00c9lite Avenir de l\u2019Alterna Stade Poitevin, Arthur Gomme continue de confirmer, match apr\u00e8s match, tout le potentiel que le club lui pr\u00eate depuis ses d\u00e9buts. Ce samedi 15\u00a0novembre, le jeune pointu poitevin a une nouvelle fois r\u00e9pondu pr\u00e9sent en offrant \u00e0 son \u00e9quipe sa premi\u00e8re victoire de la saison. Un succ\u00e8s\u00a0au courage, d\u00e9croch\u00e9 au tie-break face \u00e0 Reims, au terme d\u2019un combat o\u00f9 il a inscrit le point de la victoire&#8230;. <\/p>\n<p>    Cet article a \u00e9t\u00e9 tronqu\u00e9. Abonnez-vous pour lire l&rsquo;article complet sur notre site.<\/p>\n<p style=\"margin: 0 !important; padding: 0 !important; font-size: 12px !important;\">Cet article a \u00e9t\u00e9 tronqu\u00e9. Abonnez-vous pour lire l&rsquo;article complet.<\/p>\n<p>    <a href=\"https:\/\/www.lanouvellerepublique.fr\/abonnements\" style=\"display: inline-block; margin-top: 5px !important; padding: 6px 12px !important; background: #cb1c27; color: white; text-decoration: none; border-radius: 4px; font-size: 12px !important;\" target=\"_blank\" rel=\"noopener\"><br \/>\n      S&rsquo;abonner<br \/>\n    <\/a><\/p>\n","protected":false},"excerpt":{"rendered":"Leader naturel de l\u2019\u00e9quipe\u00a0\u00c9lite Avenir de l\u2019Alterna Stade Poitevin, Arthur Gomme continue de confirmer, match apr\u00e8s match, tout&hellip;\n","protected":false},"author":2,"featured_media":542906,"comment_status":"","ping_status":"","sticky":false,"template":"","format":"standard","meta":{"footnotes":""},"categories":[1417],"tags":[1654,1011,27,9915,1653,60,1584,1470,1469],"class_list":{"0":"post-542905","1":"post","2":"type-post","3":"status-publish","4":"format-standard","5":"has-post-thumbnail","7":"category-volley","8":"tag-alterna-stade-poitevin-volley-ball","9":"tag-fr","10":"tag-france","11":"tag-nationaux-volley","12":"tag-poitiers","13":"tag-sports","14":"tag-vienne","15":"tag-volley","16":"tag-volleyball"},"share_on_mastodon":{"url":"https:\/\/pubeurope.com\/@fr\/115571876780533909","error":""},"_links":{"self":[{"href":"https:\/\/www.europesays.com\/fr\/wp-json\/wp\/v2\/posts\/542905","targetHints":{"allow":["GET"]}}],"collection":[{"href":"https:\/\/www.europesays.com\/fr\/wp-json\/wp\/v2\/posts"}],"about":[{"href":"https:\/\/www.europesays.com\/fr\/wp-json\/wp\/v2\/types\/post"}],"author":[{"embeddable":true,"href":"https:\/\/www.europesays.com\/fr\/wp-json\/wp\/v2\/users\/2"}],"replies":[{"embeddable":true,"href":"https:\/\/www.europesays.com\/fr\/wp-json\/wp\/v2\/comments?post=542905"}],"version-history":[{"count":0,"href":"https:\/\/www.europesays.com\/fr\/wp-json\/wp\/v2\/posts\/542905\/revisions"}],"wp:featuredmedia":[{"embeddable":true,"href":"https:\/\/www.europesays.com\/fr\/wp-json\/wp\/v2\/media\/542906"}],"wp:attachment":[{"href":"https:\/\/www.europesays.com\/fr\/wp-json\/wp\/v2\/media?parent=542905"}],"wp:term":[{"taxonomy":"category","embeddable":true,"href":"https:\/\/www.europesays.com\/fr\/wp-json\/wp\/v2\/categories?post=542905"},{"taxonomy":"post_tag","embeddable":true,"href":"https:\/\/www.europesays.com\/fr\/wp-json\/wp\/v2\/tags?post=542905"}],"curies":[{"name":"wp","href":"https:\/\/api.w.org\/{rel}","templated":true}]}}