{"id":542907,"date":"2025-11-18T17:27:11","date_gmt":"2025-11-18T17:27:11","guid":{"rendered":"https:\/\/www.europesays.com\/fr\/542907\/"},"modified":"2025-11-18T17:27:11","modified_gmt":"2025-11-18T17:27:11","slug":"xv-de-france-au-niveau-economique-la-tournee-dautomne-est-deja-une-reussite-totale-pour-la-ffr","status":"publish","type":"post","link":"https:\/\/www.europesays.com\/fr\/542907\/","title":{"rendered":"XV de France &#8211; Au niveau \u00e9conomique, la tourn\u00e9e d\u2019automne est (d\u00e9j\u00e0) une r\u00e9ussite totale pour la FFR"},"content":{"rendered":"<p>\n                Malgr\u00e9 la d\u00e9faite initiale du XV de France face aux Springboks, la tourn\u00e9e de novembre tourne \u00e0 la r\u00e9ussite totale pour la FFR. Affluences record, recettes largement au-dessus des pr\u00e9visions et hospitalit\u00e9s prises d\u2019assaut\u00a0: alors qu\u2019il reste encore \u00e0 affronter l\u2019Australie, le XV de France a d\u00e9j\u00e0 combl\u00e9 stades, partenaires et diffuseurs.\n            <\/p>\n<p align=\"left\" class=\"western\">La tourn\u00e9e de novembre a jusqu\u2019ici \u00e9t\u00e9 un succ\u00e8s populaire et \u00e9conomique pour la F\u00e9d\u00e9ration fran\u00e7aise de rugby. Au Stade de France, la venue des champions du monde sud-africains a provoqu\u00e9 un engouement spectaculaire\u00a0: 80\u00a0000 spectateurs, un remplissage \u00e0 99\u00a0% et surtout un record historique de recettes pour la FFR. Le budget pr\u00e9vu, 6,8\u00a0millions d\u2019euros, a \u00e9t\u00e9 ainsi largement d\u00e9pass\u00e9 avec 7,83\u00a0millions d\u2019euros finalement g\u00e9n\u00e9r\u00e9s. <strong><a href=\"https:\/\/www.rugbyrama.fr\/2025\/11\/15\/france-fidji-sans-convaincre-les-bleus-lemportent-face-aux-fidjiens-13054475.php\" target=\"_self\" rel=\"nofollow noopener\">Bordeaux n\u2019a pas \u00e9t\u00e9 en reste<\/a><\/strong>\u00a0: le match face aux Fidji, dans un stade plein \u00e0<strong> <\/strong>98<strong>%<\/strong>, a rapport\u00e9 2,967\u00a0millions d\u2019euros, l\u00e0 encore au-dessus des pr\u00e9visions (2,8\u00a0millions d\u2019euros).<\/p>\n<p align=\"left\" class=\"western\">La r\u00e9ception de l\u2019Australie, derni\u00e8re \u00e9tape de la tourn\u00e9e, s\u2019annonce tout aussi profitable. Avec un budget fix\u00e9 \u00e0 6\u00a0millions d\u2019euros, les recettes atteignent d\u00e9j\u00e0 6,006\u00a0millions d\u2019euros, pour un stade rempli \u00e0 93<strong>\u00a0%<\/strong> et des ventes toujours en cours. Pour la derni\u00e8re lev\u00e9e de l\u2019automne, la FFR anticipe une affluence quasi compl\u00e8te, confirmant l\u2019attractivit\u00e9 intacte des Bleus.<\/p>\n<p>20\u00a0% d\u2019int\u00e9ressement sur les hospitalit\u00e9s commercialis\u00e9es par GL Events<\/p>\n<p align=\"left\" class=\"western\">Les hospitalit\u00e9s ont suivi la m\u00eame dynamique. Celles commercialis\u00e9es directement par la FFR ont \u00e9t\u00e9 int\u00e9gralement vendues, que ce soit via les partenaires ou les agences agr\u00e9\u00e9es. Pour les offres op\u00e9r\u00e9es par GL Events, le concessionnaire du Stade de France, la f\u00e9d\u00e9ration touchera un int\u00e9ressement de 20<strong>\u00a0%<\/strong>, les chiffres d\u00e9finitifs \u00e9tant encore en consolidation. Au total, la tourn\u00e9e d\u00e9passe donc largement les projections initiales et valide les choix commerciaux des dirigeants f\u00e9d\u00e9raux.<\/p>\n","protected":false},"excerpt":{"rendered":"Malgr\u00e9 la d\u00e9faite initiale du XV de France face aux Springboks, la tourn\u00e9e de novembre tourne \u00e0 la&hellip;\n","protected":false},"author":2,"featured_media":542908,"comment_status":"","ping_status":"","sticky":false,"template":"","format":"standard","meta":{"footnotes":""},"categories":[1416],"tags":[1011,27,479,1468,60],"class_list":{"0":"post-542907","1":"post","2":"type-post","3":"status-publish","4":"format-standard","5":"has-post-thumbnail","7":"category-rugby","8":"tag-fr","9":"tag-france","10":"tag-rugby","11":"tag-rugby-football","12":"tag-sports"},"share_on_mastodon":{"url":"https:\/\/pubeurope.com\/@fr\/115571880445065417","error":""},"_links":{"self":[{"href":"https:\/\/www.europesays.com\/fr\/wp-json\/wp\/v2\/posts\/542907","targetHints":{"allow":["GET"]}}],"collection":[{"href":"https:\/\/www.europesays.com\/fr\/wp-json\/wp\/v2\/posts"}],"about":[{"href":"https:\/\/www.europesays.com\/fr\/wp-json\/wp\/v2\/types\/post"}],"author":[{"embeddable":true,"href":"https:\/\/www.europesays.com\/fr\/wp-json\/wp\/v2\/users\/2"}],"replies":[{"embeddable":true,"href":"https:\/\/www.europesays.com\/fr\/wp-json\/wp\/v2\/comments?post=542907"}],"version-history":[{"count":0,"href":"https:\/\/www.europesays.com\/fr\/wp-json\/wp\/v2\/posts\/542907\/revisions"}],"wp:featuredmedia":[{"embeddable":true,"href":"https:\/\/www.europesays.com\/fr\/wp-json\/wp\/v2\/media\/542908"}],"wp:attachment":[{"href":"https:\/\/www.europesays.com\/fr\/wp-json\/wp\/v2\/media?parent=542907"}],"wp:term":[{"taxonomy":"category","embeddable":true,"href":"https:\/\/www.europesays.com\/fr\/wp-json\/wp\/v2\/categories?post=542907"},{"taxonomy":"post_tag","embeddable":true,"href":"https:\/\/www.europesays.com\/fr\/wp-json\/wp\/v2\/tags?post=542907"}],"curies":[{"name":"wp","href":"https:\/\/api.w.org\/{rel}","templated":true}]}}