{"id":542909,"date":"2025-11-18T17:28:14","date_gmt":"2025-11-18T17:28:14","guid":{"rendered":"https:\/\/www.europesays.com\/fr\/542909\/"},"modified":"2025-11-18T17:28:14","modified_gmt":"2025-11-18T17:28:14","slug":"atp-fils-il-ny-a-plus-besoin-de-sinquieter-sports","status":"publish","type":"post","link":"https:\/\/www.europesays.com\/fr\/542909\/","title":{"rendered":"ATP &#8211; Fils : \u00ab\u00a0Il n&rsquo;y a plus besoin de s&rsquo;inqui\u00e9ter\u00a0\u00bb : Sports"},"content":{"rendered":"<p class=\"date\">\n                                                            Cl\u00e9ment P\u00e9dron, Media365, publi\u00e9 le mardi 18 novembre 2025 \u00e0 14h15\n                                                    <\/p>\n<p>\u00c9loign\u00e9 des courts depuis Roland-Garros m\u00eame s&rsquo;il a tent\u00e9 par la suite un retour pr\u00e9coce \u00e0 Toronto, Arthur Fils a accord\u00e9 un entretien \u00e0 20 minutes. Il est revenu sur sa fracture de fatigue au dos, son diagnostic et son retour imminent sur le circuit.<\/p>\n<p>Dans un monde id\u00e9al, Arthur Fils aurait sans doute \u00e9t\u00e9 de la partie \u00e0 Bologne pour disputer la phase finale de la Coupe Davis avec l&rsquo;\u00e9quipe de France. Oui mais voil\u00e0, le Tricolore n&rsquo;a pas exactement pass\u00e9 la deuxi\u00e8me moiti\u00e9 de la saison sous les meilleurs auspices. La raison ? Une fracture de fatigue au dos qui a condamn\u00e9 son troisi\u00e8me tour \u00e0 Roland-Garros contre Andrey Rublev. Deux mois plus tard, le 40\u00e8me mondial avait tent\u00e9 un retour \u00e0 Toronto mais le Francilien n&rsquo;a fait qu&rsquo;un tour avant de c\u00e9der contre Lehecka. Et de mettre un terme \u00e0 sa saison dans la foul\u00e9e.<\/p>\n<p>Ce mardi, Arthur Fils a pris le temps d&rsquo;\u00e9voquer sa sant\u00e9 pour 20 minutes. Il a tout d&rsquo;abord tenu \u00e0 rassurer son monde. \u00ab Franchement, \u00e7a va vraiment bien, a t-il expliqu\u00e9. \u00c9videmment, il faut \u00eatre patient, \u00e7a prend du temps, mais tout va bien.\u00a0\u00bb Alors que certains craignaient une blessure irr\u00e9versible pour la suite de sa carri\u00e8re, le Fran\u00e7ais a temp\u00e9r\u00e9 les peurs. \u00ab\u00a0Aucune inqui\u00e9tude, non, a affirm\u00e9 le joueur. Quand on est bien entour\u00e9&#8230; J&rsquo;ai fait \u00e9voluer mon staff m\u00e9dical. On a pos\u00e9 les bases. On a un plan. Il n&rsquo;y a plus besoin de s&rsquo;inqui\u00e9ter. Comme on dit en anglais, \u00ab\u00a0trust the process.\u00a0\u00bb\u00a0\u00bb<\/p>\n<p>Des ajustements pour la suite<\/p>\n<p>Apr\u00e8s avoir reconnu qu&rsquo;avec \u00ab\u00a0un peu plus d&rsquo;exp\u00e9rience, (il) prendrait la d\u00e9cision de ne pas disputer le tournoi\u00a0\u00bb de Roland-Garros car il se savait bless\u00e9 avant son entr\u00e9e en lice, Arthur Fils en a dit un peu plus sur ses maux. \u00ab\u00a0Sans rentrer dans les d\u00e9tails, quand j&rsquo;avais 15 ans, j&rsquo;avais d\u00e9j\u00e0 eu quelques petits probl\u00e8mes au dos, une lise isthmique au niveau de la vert\u00e8bre L5, a expliqu\u00e9 le Francilien. Si je ne dis pas de b\u00eatises, \u00e7a [la fracture] a d\u00fb se r\u00e9sorber, mais je sais que c&rsquo;est une partie de mon corps qui, de temps en temps, peut \u00eatre un peu fragile. Lorsque je suis arriv\u00e9 \u00e0 Roland, je savais que j&rsquo;avais d\u00e9j\u00e0 ma fracture de fatigue. On s&rsquo;est dit que \u00e7a ne pouvait pas s&rsquo;aggraver.\u00a0\u00bb \u00c0 tord malheureusement.<\/p>\n<p>Depuis l&rsquo;arr\u00eat de sa saison, le Fran\u00e7ais se reconstruit. \u00ab\u00a0Je dois faire \u00e9norm\u00e9ment de gainage, explique Fils. Toute ma journ\u00e9e est bas\u00e9e sur le gainage. Je dois faire attention \u00e0 beaucoup de choses, comme la r\u00e9cup\u00e9ration et la nutrition. Je fais beaucoup de soins, aussi. Pour un joueur de tennis, quand on n&rsquo;est pas sur le terrain, \u00e7a peut \u00eatre un peu relou. Mais \u00e7a fait partie du travail maintenant. C&rsquo;est une blessure qui prend du temps. Il ne faut pas aller trop vite, sinon, on se recasse. On a fait le choix avec l&rsquo;\u00e9quipe de prendre beaucoup de temps. J&rsquo;ai 21 ans. J&rsquo;ai encore 15 ans de carri\u00e8re. \u00c7a va, on n&rsquo;est pas press\u00e9. C&rsquo;est une nouvelle approche.\u00a0\u00bb Comme il l&rsquo;a r\u00e9v\u00e9l\u00e9 \u00e0 20 minutes, le 40\u00e8me mondial n&rsquo;a pas de date pr\u00e9cise quant \u00e0 son retour et il l&rsquo;assure : \u00ab\u00a0ce n&rsquo;est pas le plus important.\u00a0\u00bb<\/p>\n","protected":false},"excerpt":{"rendered":"Cl\u00e9ment P\u00e9dron, Media365, publi\u00e9 le mardi 18 novembre 2025 \u00e0 14h15 \u00c9loign\u00e9 des courts depuis Roland-Garros m\u00eame s&rsquo;il&hellip;\n","protected":false},"author":2,"featured_media":542910,"comment_status":"","ping_status":"","sticky":false,"template":"","format":"standard","meta":{"footnotes":""},"categories":[1415],"tags":[1011,27,60,1467],"class_list":{"0":"post-542909","1":"post","2":"type-post","3":"status-publish","4":"format-standard","5":"has-post-thumbnail","7":"category-tennis","8":"tag-fr","9":"tag-france","10":"tag-sports","11":"tag-tennis"},"share_on_mastodon":{"url":"https:\/\/pubeurope.com\/@fr\/115571884237567785","error":""},"_links":{"self":[{"href":"https:\/\/www.europesays.com\/fr\/wp-json\/wp\/v2\/posts\/542909","targetHints":{"allow":["GET"]}}],"collection":[{"href":"https:\/\/www.europesays.com\/fr\/wp-json\/wp\/v2\/posts"}],"about":[{"href":"https:\/\/www.europesays.com\/fr\/wp-json\/wp\/v2\/types\/post"}],"author":[{"embeddable":true,"href":"https:\/\/www.europesays.com\/fr\/wp-json\/wp\/v2\/users\/2"}],"replies":[{"embeddable":true,"href":"https:\/\/www.europesays.com\/fr\/wp-json\/wp\/v2\/comments?post=542909"}],"version-history":[{"count":0,"href":"https:\/\/www.europesays.com\/fr\/wp-json\/wp\/v2\/posts\/542909\/revisions"}],"wp:featuredmedia":[{"embeddable":true,"href":"https:\/\/www.europesays.com\/fr\/wp-json\/wp\/v2\/media\/542910"}],"wp:attachment":[{"href":"https:\/\/www.europesays.com\/fr\/wp-json\/wp\/v2\/media?parent=542909"}],"wp:term":[{"taxonomy":"category","embeddable":true,"href":"https:\/\/www.europesays.com\/fr\/wp-json\/wp\/v2\/categories?post=542909"},{"taxonomy":"post_tag","embeddable":true,"href":"https:\/\/www.europesays.com\/fr\/wp-json\/wp\/v2\/tags?post=542909"}],"curies":[{"name":"wp","href":"https:\/\/api.w.org\/{rel}","templated":true}]}}