{"id":542915,"date":"2025-11-18T17:35:12","date_gmt":"2025-11-18T17:35:12","guid":{"rendered":"https:\/\/www.europesays.com\/fr\/542915\/"},"modified":"2025-11-18T17:35:12","modified_gmt":"2025-11-18T17:35:12","slug":"quel-menteur-dave-81-ans-retablit-sa-verite-face-a-daniel-auteuil","status":"publish","type":"post","link":"https:\/\/www.europesays.com\/fr\/542915\/","title":{"rendered":"\u00ab\u00a0Quel menteur !\u00a0\u00bb : Dave (81 ans) r\u00e9tablit sa v\u00e9rit\u00e9 face \u00e0 Daniel Auteuil"},"content":{"rendered":"<p>\u00c0 80 ans, l\u2019artiste Dave prouve qu\u2019il n\u2019a rien perdu de son<br \/>\nfranc-parler. Alors que sa carri\u00e8re continue de rayonner malgr\u00e9<br \/>\nquelques soucis de sant\u00e9 r\u00e9cents, le chanteur s\u2019est r\u00e9cemment<br \/>\nexprim\u00e9 sur une vieille histoire partag\u00e9e par <a href=\"https:\/\/www.closermag.fr\/tv-tele-realite\/autres-emissions\/zapping-dave-raconte-ses-soirees-de-debauche-avec-daniel-auteuil-401396\" target=\"_blank\" rel=\"noopener\"><br \/>\nDaniel Auteuil, son ami de longue date<\/a>. Et selon lui, l\u2019acteur<br \/>\naurait tout invent\u00e9.<\/p>\n<p>Les deux artistes se connaissent depuis les ann\u00e9es 1970. Une<br \/>\namiti\u00e9 solide, n\u00e9e \u00e0 l\u2019\u00e9poque o\u00f9 l\u2019un brillait d\u00e9j\u00e0 sur sc\u00e8ne, et<br \/>\nl\u2019autre faisait ses d\u00e9buts au cin\u00e9ma. Pourtant, un d\u00e9saccord les<br \/>\noppose d\u00e9sormais sur les circonstances exactes de leur rencontre,<br \/>\nravivant une anecdote racont\u00e9e avec humour par Auteuil en d\u00e9but<br \/>\nd\u2019ann\u00e9e.<\/p>\n<p>Daniel Auteuil raconte une demande d\u2019argent inattendue<\/p>\n<p>Interrog\u00e9 sur <a href=\"https:\/\/www.closermag.fr\/tag\/europe-1\" target=\"_blank\" rel=\"noopener\">Europe 1<\/a>, Daniel<br \/>\nAuteuil se rem\u00e9morait avec malice les d\u00e9buts de leur relation<br \/>\namicale. Selon lui, tout serait parti d\u2019une conversation \u00e9trange et<br \/>\nmarquante : \u00ab\u00a0Oui oui, c\u2019est comme \u00e7a que notre amiti\u00e9 a<br \/>\ncommenc\u00e9. C\u2019\u00e9tait la premi\u00e8re fois o\u00f9 j\u2019avais r\u00e9ussi \u00e0 mettre de<br \/>\nl\u2019argent de c\u00f4t\u00e9. Je n\u2019ai jamais r\u00e9ussi apr\u00e8s, mais c\u2019est pas<br \/>\ngrave. Mais, non non, il m\u2019a appel\u00e9, il m\u2019a dit : \u00ab\u00a0Ecoute il faut<br \/>\nque je te dise, mon petit chien vient de se faire \u00e9craser&rsquo;. J\u2019ai<br \/>\ndit &lsquo;Ohhh&rsquo;, et il m\u2019a dit : &lsquo;T\u2019as pas un million \u00e0 me pr\u00eater ?&rsquo; Il<br \/>\nl\u2019a gliss\u00e9 comme \u00e7a !\u00a0\u00bb.<\/p>\n<p>Un souvenir cocasse, mais que Dave d\u00e9ment cat\u00e9goriquement, avec<br \/>\nla m\u00eame verve qui a fait sa r\u00e9putation.<\/p>\n<p>Dave d\u00e9ment avec humour et<br \/>\npr\u00e9cision<\/p>\n<p>Invit\u00e9 dans l\u2019\u00e9mission <a href=\"https:\/\/www.closermag.fr\/tag\/c-a-vous\" target=\"_blank\" rel=\"noopener\">C \u00e0 Vous<\/a>, le chanteur<br \/>\nn\u2019a pas m\u00e2ch\u00e9 ses mots : \u00ab\u00a0Quel menteur\u2009! C\u2019est le contraire\u2009!<br \/>\nJ\u2019ai gagn\u00e9 beaucoup d\u2019argent avant Daniel, \u00e9videmment, parce que<br \/>\nj\u2019\u00e9tais une vedette de la chanson, et lui n\u2019\u00e9tait pas encore un<br \/>\nacteur. Mais il m\u2019a bien d\u00e9pass\u00e9 apr\u00e8s\u2026 Daniel si tu veux me pr\u00eater<br \/>\nde l\u2019argent c\u2019est quand tu veux\u2009 !\u00a0\u00bb<\/p>\n<p>Cette version des faits n\u2019est pas nouvelle. <a href=\"https:\/\/www.closermag.fr\/people\/sans-filtre-dave-revele-la-somme-qu-il-reclame-pour-ses-apparitions-a-la-television-1192508\" target=\"_blank\" rel=\"noopener\"><br \/>\nDave avait d\u00e9j\u00e0 \u00e9voqu\u00e9 son succ\u00e8s financier<\/a> dans les ann\u00e9es 70,<br \/>\nlorsqu\u2019il dominait les ventes avec ses tubes : \u00ab\u00a0L\u00e0 o\u00f9 j\u2019ai le<br \/>\nplus gagn\u00e9 d\u2019argent, c\u2019\u00e9tait au moment o\u00f9 j\u2019\u00e9tais num\u00e9ro un des<br \/>\nventes, dans les ann\u00e9es 1970. Je gagnais \u00e9norm\u00e9ment d\u2019argent parce<br \/>\nque je faisais \u00e9norm\u00e9ment de concerts, je vendais \u00e9norm\u00e9ment de<br \/>\ndisques\u2026 J\u2019ai tout d\u00e9pens\u00e9 en vivant en premi\u00e8re classe ! Quand<br \/>\nvous d\u00e9cidez de partir au soleil en hiver \u00e0 la derni\u00e8re minute,<br \/>\nvous prenez la premi\u00e8re classe avec la suite pr\u00e9sidentielle \u00e0<br \/>\nl\u2019h\u00f4tel, vous avez d\u00e9pens\u00e9 pour dix jours l\u2019\u00e9quivalent de 50 000<br \/>\neuros\u2026\u00a0\u00bb<\/p>\n<p>Malgr\u00e9 ce d\u00e9saccord l\u2019amiti\u00e9 entre Dave et Daniel Auteuil semble<br \/>\nrester intacte. Une preuve que les meilleurs souvenirs ne tiennent<br \/>\nparfois qu\u2019\u00e0 un d\u00e9tail\u2026 ou une blague bien racont\u00e9e.<\/p>\n","protected":false},"excerpt":{"rendered":"\u00c0 80 ans, l\u2019artiste Dave prouve qu\u2019il n\u2019a rien perdu de son franc-parler. Alors que sa carri\u00e8re continue&hellip;\n","protected":false},"author":2,"featured_media":542916,"comment_status":"","ping_status":"","sticky":false,"template":"","format":"standard","meta":{"footnotes":""},"categories":[1359],"tags":[58,59,1011,27,973,65861],"class_list":{"0":"post-542915","1":"post","2":"type-post","3":"status-publish","4":"format-standard","5":"has-post-thumbnail","7":"category-people","8":"tag-divertissement","9":"tag-entertainment","10":"tag-fr","11":"tag-france","12":"tag-people","13":"tag-trend"},"share_on_mastodon":{"url":"https:\/\/pubeurope.com\/@fr\/115571911816316884","error":""},"_links":{"self":[{"href":"https:\/\/www.europesays.com\/fr\/wp-json\/wp\/v2\/posts\/542915","targetHints":{"allow":["GET"]}}],"collection":[{"href":"https:\/\/www.europesays.com\/fr\/wp-json\/wp\/v2\/posts"}],"about":[{"href":"https:\/\/www.europesays.com\/fr\/wp-json\/wp\/v2\/types\/post"}],"author":[{"embeddable":true,"href":"https:\/\/www.europesays.com\/fr\/wp-json\/wp\/v2\/users\/2"}],"replies":[{"embeddable":true,"href":"https:\/\/www.europesays.com\/fr\/wp-json\/wp\/v2\/comments?post=542915"}],"version-history":[{"count":0,"href":"https:\/\/www.europesays.com\/fr\/wp-json\/wp\/v2\/posts\/542915\/revisions"}],"wp:featuredmedia":[{"embeddable":true,"href":"https:\/\/www.europesays.com\/fr\/wp-json\/wp\/v2\/media\/542916"}],"wp:attachment":[{"href":"https:\/\/www.europesays.com\/fr\/wp-json\/wp\/v2\/media?parent=542915"}],"wp:term":[{"taxonomy":"category","embeddable":true,"href":"https:\/\/www.europesays.com\/fr\/wp-json\/wp\/v2\/categories?post=542915"},{"taxonomy":"post_tag","embeddable":true,"href":"https:\/\/www.europesays.com\/fr\/wp-json\/wp\/v2\/tags?post=542915"}],"curies":[{"name":"wp","href":"https:\/\/api.w.org\/{rel}","templated":true}]}}