{"id":542921,"date":"2025-11-18T17:39:11","date_gmt":"2025-11-18T17:39:11","guid":{"rendered":"https:\/\/www.europesays.com\/fr\/542921\/"},"modified":"2025-11-18T17:39:11","modified_gmt":"2025-11-18T17:39:11","slug":"radio-france-et-france-televisions-assignent-cnews-europe-1-et-le-jdd-en-justice","status":"publish","type":"post","link":"https:\/\/www.europesays.com\/fr\/542921\/","title":{"rendered":"Radio France et France T\u00e9l\u00e9visions assignent CNews, Europe 1 et \u00abLe JDD\u00bb en justice"},"content":{"rendered":"<p>\n    <strong>INFO LE FIGARO &#8211;<\/strong> Les deux groupes audiovisuels publics attaquent les trois m\u00e9dias, propri\u00e9t\u00e9s de l\u2019homme d\u2019affaires Vincent Bollor\u00e9, pour d\u00e9nigrement.<\/p>\n<p class=\"fig-paragraph\">La tension n\u2019est toujours pas retomb\u00e9e.\u00a0<a href=\"http:\/\/www.lefigaro.fr\/medias\/c-est-la-guerre-qui-est-declaree-entre-l-audiovisuel-public-et-les-medias-de-vincent-bollore-rien-ne-va-plus-20250917\" data-fig-type=\"NewsFlash\" data-gtm-custom-categorie=\"navigation\" data-gtm-custom-action=\"crossclick\" data-gtm-custom-label=\"Contextuel\" data-gtm-event=\"customEventSPE\" data-fig-domain=\"LEFIGARO\" target=\"_blank\" rel=\"noopener\">Entre l\u2019audiovisuel public et les m\u00e9dias de Bollor\u00e9, la guerre \u00e9tait ouvertement d\u00e9clar\u00e9e<\/a>\u00a0depuis la rentr\u00e9e et la r\u00e9v\u00e9lation de l\u2019affaire Legrand-Cohen, deux journalistes accus\u00e9s de connivence avec le PS apr\u00e8s la diffusion d\u2019une vid\u00e9o les montrant en pleine conversation avec deux responsables socialistes.<\/p>\n<p class=\"fig-paragraph\">Apr\u00e8s plusieurs violentes passes d\u2019armes\u00a0<a href=\"http:\/\/www.lefigaro.fr\/medias\/delphine-ernotte-qualifie-cnews-d-extreme-droite-elle-met-une-cible-sur-nos-vies-accuse-pascal-praud-20250918\" data-fig-type=\"NewsFlash\" data-gtm-custom-categorie=\"navigation\" data-gtm-custom-action=\"crossclick\" data-gtm-custom-label=\"Contextuel\" data-gtm-event=\"customEventSPE\" data-fig-domain=\"LEFIGARO\" target=\"_blank\" rel=\"noopener\">et de vives pol\u00e9miques<\/a>, c\u2019est un nouveau chapitre qui s\u2019ouvre, sur le front judiciaire cette fois. Selon nos informations, Radio France et France T\u00e9l\u00e9visions ont assign\u00e9 devant le Tribunal de commerce de Paris CNews, Europe 1 et le JDD. La semaine derni\u00e8re, les deux groupes publics ont d\u00e9pos\u00e9 plainte contre la cha\u00eene d\u2019info, la radio et le journal appartenant \u00e0 l\u2019homme d\u2019affaires Vincent Bollor\u00e9 pour \u00abd\u00e9nigrement\u00bb, qui est un grief constitutif de la concurrence d\u00e9loyale. Si Radio France et France T\u00e9l\u00e9visions se sont concert\u00e9s avant de lancer cette action en justice, les deux groupes publics ont toutefois agi\u2026<\/p>\n<p class=\"fig-premium-paywall__infos\">\n        Cet article est r\u00e9serv\u00e9 aux abonn\u00e9s.        Il vous reste 44% \u00e0 d\u00e9couvrir.\n    <\/p>\n<p>                <img  data- alt=\"Le Figaro\" class=\"fig-img--complete fig-img\"\/><\/p>\n<p class=\"fig-premium-paywall__title\">Black Friday<\/p>\n<p class=\"fig-premium-paywall__subtitle\">-70% sur l&rsquo;abonnement num\u00e9rique<\/p>\n<p class=\"fig-premium-paywall__connect\">\n                D\u00e9j\u00e0 abonn\u00e9\u00a0?                <a class=\"fig-premium-paywall__connect-link\" href=\"https:\/\/connect.lefigaro.fr\/login?client=horizon_web&amp;type=main&amp;redirect_uri=https%3A%2F%2Fwww.lefigaro.fr%2Fmedias%2Fradio-france-et-france-televisions-assignent-cnews-europe-1-et-le-jdd-en-justice-20251118\" data-js-gtm=\"{&quot;customCategorie&quot;: &quot;conversion&quot;, &quot;customAction&quot;: &quot;before_Landing_Connexion_paywall_auto&quot;, &quot;customLabel&quot;: &quot;bGVmaWdhcm8uZnJfXzFmMGM0OTNhLTdiMGEtNjUxYy1hODk2LTM5YmM5YzBkOGU4NF9fTmV3c0ZsYXNo_Radio France et France T\u00e9l\u00e9visions assignent CNews&lt;i&gt;,&lt;\/i&gt; Europe 1 et \u00abLe JDD\u00bb en justice_654&quot;, &quot;customIDSPE&quot;: &quot;bGVmaWdhcm8uZnJfXzFmMGM0OTNhLTdiMGEtNjUxYy1hODk2LTM5YmM5YzBkOGU4NF9fTmV3c0ZsYXNo&quot;, &quot;event&quot;: &quot;customEventSPE&quot;}\" target=\"_blank\" rel=\"noopener\"><br \/>\n                    Connectez-vous<br \/>\n                <\/a>\n            <\/p>\n","protected":false},"excerpt":{"rendered":"INFO LE FIGARO &#8211; Les deux groupes audiovisuels publics attaquent les trois m\u00e9dias, propri\u00e9t\u00e9s de l\u2019homme d\u2019affaires Vincent&hellip;\n","protected":false},"author":2,"featured_media":542922,"comment_status":"","ping_status":"","sticky":false,"template":"","format":"standard","meta":{"footnotes":""},"categories":[1355],"tags":[9722,58,59,1011,27,2400,1361,873,10316],"class_list":{"0":"post-542921","1":"post","2":"type-post","3":"status-publish","4":"format-standard","5":"has-post-thumbnail","7":"category-musique","8":"tag-cnews","9":"tag-divertissement","10":"tag-entertainment","11":"tag-fr","12":"tag-france","13":"tag-france-televisions","14":"tag-music","15":"tag-musique","16":"tag-radio-france"},"share_on_mastodon":{"url":"https:\/\/pubeurope.com\/@fr\/115571927587523298","error":""},"_links":{"self":[{"href":"https:\/\/www.europesays.com\/fr\/wp-json\/wp\/v2\/posts\/542921","targetHints":{"allow":["GET"]}}],"collection":[{"href":"https:\/\/www.europesays.com\/fr\/wp-json\/wp\/v2\/posts"}],"about":[{"href":"https:\/\/www.europesays.com\/fr\/wp-json\/wp\/v2\/types\/post"}],"author":[{"embeddable":true,"href":"https:\/\/www.europesays.com\/fr\/wp-json\/wp\/v2\/users\/2"}],"replies":[{"embeddable":true,"href":"https:\/\/www.europesays.com\/fr\/wp-json\/wp\/v2\/comments?post=542921"}],"version-history":[{"count":0,"href":"https:\/\/www.europesays.com\/fr\/wp-json\/wp\/v2\/posts\/542921\/revisions"}],"wp:featuredmedia":[{"embeddable":true,"href":"https:\/\/www.europesays.com\/fr\/wp-json\/wp\/v2\/media\/542922"}],"wp:attachment":[{"href":"https:\/\/www.europesays.com\/fr\/wp-json\/wp\/v2\/media?parent=542921"}],"wp:term":[{"taxonomy":"category","embeddable":true,"href":"https:\/\/www.europesays.com\/fr\/wp-json\/wp\/v2\/categories?post=542921"},{"taxonomy":"post_tag","embeddable":true,"href":"https:\/\/www.europesays.com\/fr\/wp-json\/wp\/v2\/tags?post=542921"}],"curies":[{"name":"wp","href":"https:\/\/api.w.org\/{rel}","templated":true}]}}