{"id":542923,"date":"2025-11-18T17:40:12","date_gmt":"2025-11-18T17:40:12","guid":{"rendered":"https:\/\/www.europesays.com\/fr\/542923\/"},"modified":"2025-11-18T17:40:12","modified_gmt":"2025-11-18T17:40:12","slug":"les-sorties-cinema-de-la-semaine-dossier-137-franz-k-eleanor-the-great-telerama","status":"publish","type":"post","link":"https:\/\/www.europesays.com\/fr\/542923\/","title":{"rendered":"Les sorties cin\u00e9ma de la semaine : \u201cDossier 137\u201d, \u201cFranz K.\u201d, \u201cEleanor the great\u201d\u2026 &#8211; T\u00e9l\u00e9rama"},"content":{"rendered":"<ol>\n<li><a href=\"https:\/\/news.google.com\/rss\/articles\/CBMiswFBVV95cUxPNUdPRktNclBsOUpKMjBwNVFkZEZTM1ZzRnNtS0M2NHl1WTNITmZXei1BaFpmMlhsaThIWjl4SmJmZGk5NFNMMDJYS2RPZkIwVGNUdTZPamJTUG9zVXNlZExsN0hPakZxMjlpdUhXWGdGVU5iX1ItV2xPQ04yemNzcDlERUprLVNJTUFYandGWHktczgxcEpoUmJMM2pDaWh0Umx6X09hLTVwYnpEX2RHY1R0TQ?oc=5\" target=\"_blank\" rel=\"nofollow noopener\">Les sorties cin\u00e9ma de la semaine : \u201cDossier 137\u201d, \u201cFranz K.\u201d, \u201cEleanor the great\u201d\u2026<\/a>&nbsp;&nbsp;T\u00e9l\u00e9rama<\/li>\n<li><a href=\"https:\/\/news.google.com\/rss\/articles\/CBMi7wFBVV95cUxNWDhHZmh1SW40OW9tRTItaEg0dnZmVEV3RXlJVzhqeHc0SDMyQ2JFWTN4TnFkSGljcWpKT21tUGFqSVNpdTVjY2gzNmxVdXdhclRPSG91ZHgzdWJDbFdLZ2wyb0hycnN0WHVrMkFIY010ckNad3ppWF9seVZsclRiZGhWZWpGcTZydWo3MmRBNmo4MjlyNlJGR2xGUDM2Q0xkR1lrUmlaQzhHemxYWlJkNWhjb2tnOFVHckIzLWZ2aTlaZEozTE9iZGJyMHBwb2hZRTdxREFTNFRqemY3ZG1QSlhPNjVFaXBHNkpsRldzUQ?oc=5\" target=\"_blank\" rel=\"nofollow noopener\">\u00ab Wicked : partie II \u00bb, \u00ab Franz K. \u00bb, \u00ab Jean Valjean \u00bb, \u00ab Dossier 137 \u00bb, \u00ab Running Man \u00bb\u2026 Les films \u00e0 voir (ou \u00e0 \u00e9viter) cette semaine<\/a>&nbsp;&nbsp;Le Point<\/li>\n<li><a href=\"https:\/\/news.google.com\/rss\/articles\/CBMifkFVX3lxTE5wNElyVzlxcFhUY3l6ekdnZFh5X2t1SS1yV0lFOVVkcHp5eU90R1BpZUI5OEVuMVBMYklGTGE3OFNGdGZTY1FNMXhCZ1dCVVZRRnp3aXdlRlNNN1ppdUtDNlhjN05HM3dvblQyMVFoNWFQbllVaG94R0Z5amVjdw?oc=5\" target=\"_blank\" rel=\"nofollow noopener\">Au cin\u00e9ma le 19 novembre, ce sont les films \u00e0 voir : Wicked 2, Running Man, Jean Valjean&#8230;<\/a>&nbsp;&nbsp;AlloCin\u00e9<\/li>\n<li><a href=\"https:\/\/news.google.com\/rss\/articles\/CBMiqgFBVV95cUxOUmRia2hEMkNmZnRmTm5EZGZPRzUxaFpEa2djeUNCTFZQYWVVbVBrU2s3RkZkZEliUUYyb1BMdzZucU1WRWs5c3NEQnlZeHpObjRhdHZNai11dHNNSFR3eGlwdGN0blRWdkdxbEVfMHFKUnJFUUx0c0NScXNRUjhSNmFUVlFIbDlGdzU3dTZiTzRjMHpsU05ON2IzaWdDLW9KVUo0Wkl4dXNPZw?oc=5\" target=\"_blank\" rel=\"nofollow noopener\">Dossier 137, Eleanor The Great, Running Man\u2026 Les tops et les flops cin\u00e9 de la semaine<\/a>&nbsp;&nbsp;lejdd.fr<\/li>\n<li><a href=\"https:\/\/news.google.com\/rss\/articles\/CBMingFBVV95cUxQWXJaOExERXlkclktWXA1cUdiY0tIVmFLOEJrZWcxYlViUDJUTEY1VlNuX0p0VHBzRWZiazJtNU1USGRhSk5mU2oweExIaHpHTWF1bVc3N1U5SGRXMkFoUWYtdElJbHkwTzJRckhveGlvbVZqUHhNa04yUG1nN1dRQ3BCMUFqS1JkaDQ2VlJGRUp6bTBWX2VfdjUyMHRMZw?oc=5\" target=\"_blank\" rel=\"nofollow noopener\">Sur les \u00e9crans cette semaine : Jean Valjean, Wicked 2, Running Man&#8230;<\/a>&nbsp;&nbsp;Livres Hebdo<\/li>\n<\/ol>\n","protected":false},"excerpt":{"rendered":"Les sorties cin\u00e9ma de la semaine : \u201cDossier 137\u201d, \u201cFranz K.\u201d, \u201cEleanor the great\u201d\u2026&nbsp;&nbsp;T\u00e9l\u00e9rama \u00ab Wicked : partie&hellip;\n","protected":false},"author":2,"featured_media":542924,"comment_status":"","ping_status":"","sticky":false,"template":"","format":"standard","meta":{"footnotes":""},"categories":[1354],"tags":[58,59,1346,1011,27,1360],"class_list":{"0":"post-542923","1":"post","2":"type-post","3":"status-publish","4":"format-standard","5":"has-post-thumbnail","7":"category-films","8":"tag-divertissement","9":"tag-entertainment","10":"tag-films","11":"tag-fr","12":"tag-france","13":"tag-movies"},"share_on_mastodon":{"url":"https:\/\/pubeurope.com\/@fr\/115571931427112416","error":""},"_links":{"self":[{"href":"https:\/\/www.europesays.com\/fr\/wp-json\/wp\/v2\/posts\/542923","targetHints":{"allow":["GET"]}}],"collection":[{"href":"https:\/\/www.europesays.com\/fr\/wp-json\/wp\/v2\/posts"}],"about":[{"href":"https:\/\/www.europesays.com\/fr\/wp-json\/wp\/v2\/types\/post"}],"author":[{"embeddable":true,"href":"https:\/\/www.europesays.com\/fr\/wp-json\/wp\/v2\/users\/2"}],"replies":[{"embeddable":true,"href":"https:\/\/www.europesays.com\/fr\/wp-json\/wp\/v2\/comments?post=542923"}],"version-history":[{"count":0,"href":"https:\/\/www.europesays.com\/fr\/wp-json\/wp\/v2\/posts\/542923\/revisions"}],"wp:featuredmedia":[{"embeddable":true,"href":"https:\/\/www.europesays.com\/fr\/wp-json\/wp\/v2\/media\/542924"}],"wp:attachment":[{"href":"https:\/\/www.europesays.com\/fr\/wp-json\/wp\/v2\/media?parent=542923"}],"wp:term":[{"taxonomy":"category","embeddable":true,"href":"https:\/\/www.europesays.com\/fr\/wp-json\/wp\/v2\/categories?post=542923"},{"taxonomy":"post_tag","embeddable":true,"href":"https:\/\/www.europesays.com\/fr\/wp-json\/wp\/v2\/tags?post=542923"}],"curies":[{"name":"wp","href":"https:\/\/api.w.org\/{rel}","templated":true}]}}