{"id":542925,"date":"2025-11-18T17:42:12","date_gmt":"2025-11-18T17:42:12","guid":{"rendered":"https:\/\/www.europesays.com\/fr\/542925\/"},"modified":"2025-11-18T17:42:12","modified_gmt":"2025-11-18T17:42:12","slug":"lhecatombe-continue-le-staff-et-les-joueurs-prennent-cher","status":"publish","type":"post","link":"https:\/\/www.europesays.com\/fr\/542925\/","title":{"rendered":"L&rsquo;h\u00e9catombe continue, le staff et les joueurs prennent cher"},"content":{"rendered":"<p><b>Vendredi soir en Ligue 1, l\u2019OM aura un d\u00e9placement p\u00e9rilleux \u00e0 n\u00e9gocier sur la pelouse de Nice. Roberto De Zerbi devra une nouvelle fois jongler avec les absences nombreuses dans ses rangs.\u00a0<\/b><\/p>\n<p>L\u2019<a href=\"https:\/\/www.foot01.com\/marseille\/om-griezmann-la-bombe-de-janvier-a-marseille\" target=\"_self\" rel=\"noopener\">OM<\/a> a l\u2019occasion de reprendre provisoirement la t\u00eate de la Ligue 1 d\u00e8s ce vendredi soir. Pour cela, il faudra battre l\u2019OGC Nice sur ses terres. Pas forc\u00e9ment une mince affaire, d\u2019autant que les Phoc\u00e9ens doivent d\u00e9plorer de nombreuses absences. Amine Gouiri et Nayef Aguerd vont manquer pas mal de rencontres mais ce sera aussi le cas pour d\u2019autres joueurs de l\u2019effectif de Roberto De Zerbi. Alors que la tr\u00eave internationale est sur le point de s\u2019achever, la presse sp\u00e9cialis\u00e9e a fait le point ces derni\u00e8res heures sur la situation des absents.\u00a0Des fans constern\u00e9s\u00a0<\/p>\n<p>Comme on peut le voir \u00e9crit dans La Provence ou encore L\u2019Equipe et synth\u00e9tis\u00e9 par le compte Massilia Zone , quatre joueurs sont concern\u00e9s : Amir Murillo, qui souffre du tendon et de la cuisse, Hamed Traor\u00e9, qui ressent des douleurs musculaires, Facundo Medina, qui poursuit son protocole de reprise et Leonardo Balerdi, qui devrait rependre l\u2019entrainement collectif dans les prochaines heures. Ces trop nombreuses absences commencent en tout cas \u00e0 inqui\u00e9ter les fans de l\u2019OM, qui s\u2019en sont pris sur X au staff m\u00e9dical mais aussi \u00e0 l\u2019hygi\u00e8ne de vie des joueurs marseillais.\u00a0<\/p>\n<p>On pouvait notamment voir comme commentaires ces derni\u00e8res heures : \u00ab Au mercato d&rsquo;hiver, c&rsquo;est un staff m\u00e9dical qu&rsquo;il faut acheter pas des joueurs \u00bb ; \u00ab C\u2019est quoi le souci en fait ? Les bless\u00e9s ont des physiques de merde ou bien on a des m\u00e9decins N3 ? \u00bb ; \u00ab Mais nos bless\u00e9s sont soign\u00e9s avec les laboratoires Boiron sans d\u00e9conner. Ils prennent des petits cachets hom\u00e9opathiques. Ils reviendrons en 2030 \u00bb ; \u00ab\u00a0 Si les joueurs on une hygi\u00e8ne de vie catastrophique, le staff peut pas faire des miracles\u00a0 \u00bb ou encore \u00ab A un moment notre cellule m\u00e9dicale peut aussi s\u2019inscrire sur des projets humanitaires et aller chez m\u00e9decin sans fronti\u00e8res parce que bon le foot c\u2019est pas pour eux \u00bb.\u00a0<\/p>\n<p>Roberto De Zerbi a du pain sur la planche pour trouver les meilleures solutions pour son collectif. Surtout que les matchs importants vont s\u2019enchainer en cette fin d\u2019ann\u00e9e 2025. Apr\u00e8s son d\u00e9placement \u00e0 Nice, l\u2019OM recevra Newcastle en Ligue des champions. Un match d\u00e9cisif pour l\u2019avenir europ\u00e9en des Phoc\u00e9ens.\u00a0<\/p>\n","protected":false},"excerpt":{"rendered":"Vendredi soir en Ligue 1, l\u2019OM aura un d\u00e9placement p\u00e9rilleux \u00e0 n\u00e9gocier sur la pelouse de Nice. Roberto&hellip;\n","protected":false},"author":2,"featured_media":542926,"comment_status":"","ping_status":"","sticky":false,"template":"","format":"standard","meta":{"footnotes":""},"categories":[9],"tags":[1011,27,149,60],"class_list":{"0":"post-542925","1":"post","2":"type-post","3":"status-publish","4":"format-standard","5":"has-post-thumbnail","7":"category-sports","8":"tag-fr","9":"tag-france","10":"tag-om","11":"tag-sports"},"share_on_mastodon":{"url":"https:\/\/pubeurope.com\/@fr\/115571939441548928","error":""},"_links":{"self":[{"href":"https:\/\/www.europesays.com\/fr\/wp-json\/wp\/v2\/posts\/542925","targetHints":{"allow":["GET"]}}],"collection":[{"href":"https:\/\/www.europesays.com\/fr\/wp-json\/wp\/v2\/posts"}],"about":[{"href":"https:\/\/www.europesays.com\/fr\/wp-json\/wp\/v2\/types\/post"}],"author":[{"embeddable":true,"href":"https:\/\/www.europesays.com\/fr\/wp-json\/wp\/v2\/users\/2"}],"replies":[{"embeddable":true,"href":"https:\/\/www.europesays.com\/fr\/wp-json\/wp\/v2\/comments?post=542925"}],"version-history":[{"count":0,"href":"https:\/\/www.europesays.com\/fr\/wp-json\/wp\/v2\/posts\/542925\/revisions"}],"wp:featuredmedia":[{"embeddable":true,"href":"https:\/\/www.europesays.com\/fr\/wp-json\/wp\/v2\/media\/542926"}],"wp:attachment":[{"href":"https:\/\/www.europesays.com\/fr\/wp-json\/wp\/v2\/media?parent=542925"}],"wp:term":[{"taxonomy":"category","embeddable":true,"href":"https:\/\/www.europesays.com\/fr\/wp-json\/wp\/v2\/categories?post=542925"},{"taxonomy":"post_tag","embeddable":true,"href":"https:\/\/www.europesays.com\/fr\/wp-json\/wp\/v2\/tags?post=542925"}],"curies":[{"name":"wp","href":"https:\/\/api.w.org\/{rel}","templated":true}]}}