{"id":542927,"date":"2025-11-18T17:43:11","date_gmt":"2025-11-18T17:43:11","guid":{"rendered":"https:\/\/www.europesays.com\/fr\/542927\/"},"modified":"2025-11-18T17:43:11","modified_gmt":"2025-11-18T17:43:11","slug":"sur-tf1-la-matinale-bonjour-joue-les-prolongations-et-sinstalle-a-la-place-du-teleshopping","status":"publish","type":"post","link":"https:\/\/www.europesays.com\/fr\/542927\/","title":{"rendered":"Sur TF1, la matinale \u00abBonjour!\u00bb joue les prolongations et s\u2019installe \u00e0 la place du \u00abT\u00e9l\u00e9shopping\u00bb"},"content":{"rendered":"<p>\n    <strong>INFO LE FIGARO &#8211;<\/strong> C\u2019est \u00e0 l\u2019animateur Christophe Beaugrand qu\u2019a \u00e9t\u00e9 confi\u00e9e l\u2019animation de cette nouvelle case, \u00e0 partir de 10 heures. Au total, la matinale de TF1 proposera pr\u00e8s de 4 heures de direct.<\/p>\n<p class=\"fig-paragraph\"><a href=\"http:\/\/www.lefigaro.fr\/medias\/sur-tf1-bonjour-et-plus-belle-la-vie-demarrent-en-fanfare-20240109\" data-fig-type=\"NewsFlash\" data-gtm-custom-categorie=\"navigation\" data-gtm-custom-action=\"crossclick\" data-gtm-custom-label=\"Contextuel\" data-gtm-event=\"customEventSPE\" data-fig-domain=\"LEFIGARO\" target=\"_blank\" rel=\"noopener\">La matinale de TF1<\/a>\u00a0repousse encore les meubles. Pr\u00e9sent\u00e9e par Bruce Toussaint, l\u2019\u00e9mission va prochainement emm\u00e9nager sur la case actuellement occup\u00e9e par le T\u00e9l\u00e9shopping.\u00a0<a href=\"https:\/\/tvmag.lefigaro.fr\/programme-tv\/actu-tele\/teleshopping-l-emission-tirera-definitivement-sa-reverence-en-fin-d-annee-sur-tf1-20250709\" target=\"_blank\" data-fig-type=\"Article\" rel=\"sponsored noopener\" data-gtm-custom-categorie=\"navigation\" data-gtm-custom-action=\"crossclick\" data-gtm-custom-label=\"Contextuel\" data-gtm-event=\"customEventSPE\" data-fig-domain=\"TVMAG\">Le programme culte de t\u00e9l\u00e9-achat<\/a>\u00a0lanc\u00e9 en 1987 sur la Une, et actuellement anim\u00e9 par Marie-Ange Nardi et Alexandre Devoise, s\u2019arr\u00eatera d\u00e9finitivement le 31 d\u00e9cembre prochain. Il y avait donc une place \u00e0 prendre, entre 10 et 11 heures.<\/p>\n<p class=\"fig-paragraph\">Lanc\u00e9e en janvier 2024, Bonjour! s\u2019est d\u00e9j\u00e0 \u00e9tir\u00e9e en longueur une premi\u00e8re fois. Depuis fin ao\u00fbt, l\u2019\u00e9mission faisait durer le plaisir jusqu\u2019\u00e0 10 heures, apr\u00e8s l\u2019arr\u00eat de la diffusion du feuilleton populaire Amour, gloire et beaut\u00e9, qui occupait la case. \u00abFort de son succ\u00e8s, nous allons cr\u00e9er une d\u00e9clinaison dans le prolongement de cette matinale. Il ne s\u2019agit pas d\u2019une rupture. Il y aura une unit\u00e9 de ton et d\u2019esprit\u00bb, indique au Figaro le patron de l\u2019info du groupe TF1,\u00a0<a href=\"http:\/\/www.lefigaro.fr\/medias\/j-ai-referme-le-dossier-thierry-thuillier-n-est-pas-candidat-a-la-presidence-de-france-televisions-20250409\" data-fig-type=\"Article\" data-gtm-custom-categorie=\"navigation\" data-gtm-custom-action=\"crossclick\" data-gtm-custom-label=\"Contextuel\" data-gtm-event=\"customEventSPE\" data-fig-domain=\"LEFIGARO\" target=\"_blank\" rel=\"noopener\">Thierry Thuillier<\/a>.<\/p>\n<p class=\"fig-body-link\">\n            \u00c0 lire aussi<br \/>\n        <a class=\"fig-body-link__link fig-premium-mark\" href=\"http:\/\/tvmag.lefigaro.fr\/programme-tv\/actu-tele\/le-carnet-de-notes-des-chroniqueurs-de-bonjour-la-matinale-de-tf1-ange-noiret-seduit-christophe-beaugrand-agace-20240131\" target=\"_blank\" data-fig-type=\"Article\" rel=\"noopener\" data-gtm-custom-categorie=\"navigation\" data-gtm-custom-action=\"crossclick\" data-gtm-custom-label=\"Contextuel\" data-gtm-event=\"customEventSPE\" data-fig-domain=\"TVMAG\"><\/p>\n<p>        Le carnet de notes des chroniqueurs de \u00abBonjour\u00a0!\u00bb, la matinale de TF1\u00a0: Ange Noiret s\u00e9duit, Christophe Beaugrand agace<br \/>\n    <\/a>\n<\/p>\n<p>Un \u00abtalk-show\u00bb \u00e0 la fran\u00e7aise<\/p>\n<p class=\"fig-paragraph\">\u00c0 sa t\u00eate, un animateur bien connu des t\u00e9l\u00e9spectateurs de TF1. \u00abNous allons confier l\u2019animation de cette\u2026<\/p>\n<p class=\"fig-premium-paywall__infos\">\n        Cet article est r\u00e9serv\u00e9 aux abonn\u00e9s.        Il vous reste 76% \u00e0 d\u00e9couvrir.\n    <\/p>\n<p>                <img  data- alt=\"Le Figaro\" class=\"fig-img--complete fig-img\"\/><\/p>\n<p class=\"fig-premium-paywall__title\">Black Friday<\/p>\n<p class=\"fig-premium-paywall__subtitle\">-70% sur l&rsquo;abonnement num\u00e9rique<\/p>\n<p class=\"fig-premium-paywall__connect\">\n                D\u00e9j\u00e0 abonn\u00e9\u00a0?                <a class=\"fig-premium-paywall__connect-link\" href=\"https:\/\/connect.lefigaro.fr\/login?client=horizon_web&amp;type=main&amp;redirect_uri=https%3A%2F%2Fwww.lefigaro.fr%2Fmedias%2Fsur-tf1-la-matinale-bonjour-joue-les-prolongations-et-s-installe-a-la-place-du-teleshopping-20251118\" data-js-gtm=\"{&quot;customCategorie&quot;: &quot;conversion&quot;, &quot;customAction&quot;: &quot;before_Landing_Connexion_paywall_auto&quot;, &quot;customLabel&quot;: &quot;bGVmaWdhcm8uZnJfXzFmMGM0NjY2LTllNDQtNjdjYS05MTUwLWZkNzU5NzFjZjMyNV9fTmV3c0ZsYXNo_Sur TF1, la matinale \u00abBonjour!\u00bb joue les prolongations et s\u2019installe \u00e0 la place du \u00abT\u00e9l\u00e9shopping\u00bb_101&quot;, &quot;customIDSPE&quot;: &quot;bGVmaWdhcm8uZnJfXzFmMGM0NjY2LTllNDQtNjdjYS05MTUwLWZkNzU5NzFjZjMyNV9fTmV3c0ZsYXNo&quot;, &quot;event&quot;: &quot;customEventSPE&quot;}\" target=\"_blank\" rel=\"noopener\"><br \/>\n                    Connectez-vous<br \/>\n                <\/a>\n            <\/p>\n","protected":false},"excerpt":{"rendered":"INFO LE FIGARO &#8211; C\u2019est \u00e0 l\u2019animateur Christophe Beaugrand qu\u2019a \u00e9t\u00e9 confi\u00e9e l\u2019animation de cette nouvelle case, \u00e0&hellip;\n","protected":false},"author":2,"featured_media":542928,"comment_status":"","ping_status":"","sticky":false,"template":"","format":"standard","meta":{"footnotes":""},"categories":[8],"tags":[58,59,1011,27,252,199],"class_list":{"0":"post-542927","1":"post","2":"type-post","3":"status-publish","4":"format-standard","5":"has-post-thumbnail","7":"category-divertissement","8":"tag-divertissement","9":"tag-entertainment","10":"tag-fr","11":"tag-france","12":"tag-television","13":"tag-tf1"},"share_on_mastodon":{"url":"https:\/\/pubeurope.com\/@fr\/115571943329313103","error":""},"_links":{"self":[{"href":"https:\/\/www.europesays.com\/fr\/wp-json\/wp\/v2\/posts\/542927","targetHints":{"allow":["GET"]}}],"collection":[{"href":"https:\/\/www.europesays.com\/fr\/wp-json\/wp\/v2\/posts"}],"about":[{"href":"https:\/\/www.europesays.com\/fr\/wp-json\/wp\/v2\/types\/post"}],"author":[{"embeddable":true,"href":"https:\/\/www.europesays.com\/fr\/wp-json\/wp\/v2\/users\/2"}],"replies":[{"embeddable":true,"href":"https:\/\/www.europesays.com\/fr\/wp-json\/wp\/v2\/comments?post=542927"}],"version-history":[{"count":0,"href":"https:\/\/www.europesays.com\/fr\/wp-json\/wp\/v2\/posts\/542927\/revisions"}],"wp:featuredmedia":[{"embeddable":true,"href":"https:\/\/www.europesays.com\/fr\/wp-json\/wp\/v2\/media\/542928"}],"wp:attachment":[{"href":"https:\/\/www.europesays.com\/fr\/wp-json\/wp\/v2\/media?parent=542927"}],"wp:term":[{"taxonomy":"category","embeddable":true,"href":"https:\/\/www.europesays.com\/fr\/wp-json\/wp\/v2\/categories?post=542927"},{"taxonomy":"post_tag","embeddable":true,"href":"https:\/\/www.europesays.com\/fr\/wp-json\/wp\/v2\/tags?post=542927"}],"curies":[{"name":"wp","href":"https:\/\/api.w.org\/{rel}","templated":true}]}}