{"id":542931,"date":"2025-11-18T17:45:19","date_gmt":"2025-11-18T17:45:19","guid":{"rendered":"https:\/\/www.europesays.com\/fr\/542931\/"},"modified":"2025-11-18T17:45:19","modified_gmt":"2025-11-18T17:45:19","slug":"la-justice-autorise-perrier-a-rester-en-rayons-au-grand-dam-des-mineraliers-respectueux-des-regles","status":"publish","type":"post","link":"https:\/\/www.europesays.com\/fr\/542931\/","title":{"rendered":"la justice autorise Perrier \u00e0 rester en rayons, au grand dam des min\u00e9raliers \u00ab\u00a0respectueux des r\u00e8gles\u00a0\u00bb"},"content":{"rendered":"<p>                     <img loading=\"lazy\" decoding=\"async\" src=\"https:\/\/www.europesays.com\/fr\/wp-content\/uploads\/2025\/11\/628dd43_ftp-import-images-1-aq8aogycixja-5453610-01-06.jpg\" alt=\"Bouteilles d\u2019eau gazeuse Perrier \u00e0 Nantes, le 19\u00a0mai 2025.\"   width=\"664\" height=\"443\"\/>    Bouteilles d\u2019eau gazeuse Perrier \u00e0 Nantes, le 19\u00a0mai 2025.  LOIC VENANCE \/ AFP                 <\/p>\n<p class=\"article__paragraph  \">Au si\u00e8ge social fran\u00e7ais de Nestl\u00e9, \u00e0 Issy-les-Moulineaux, dans les Hauts-de-Seine, c\u2019est le soulagement\u00a0: Perrier peut rester en rayons. Dans une d\u00e9cision rendue mardi 18\u00a0novembre, le tribunal judiciaire de Nanterre a rejet\u00e9 la demande de l\u2019UFC-Que Choisir de suspendre la commercialisation de la plus populaire des eaux gazeuses fran\u00e7aises, qu\u2019elle estime \u00ab\u00a0trompeuse\u00a0\u00bb en tant qu\u2019eau pr\u00e9tendument \u00ab\u00a0min\u00e9rale naturelle\u00a0\u00bb.<\/p>\n<p class=\"article__paragraph  \">Apr\u00e8s la s\u00e9rie de r\u00e9v\u00e9lations du Monde et de Radio-France sur l\u2019usage frauduleux de filtres pour d\u00e9polluer les sources Perrier cens\u00e9es \u00eatre naturellement pures, l\u2019association de d\u00e9fense des consommateurs avait saisi la justice en r\u00e9f\u00e9r\u00e9 le 5\u00a0juin. L\u2019UFC-Que Choisir avait demand\u00e9 des mesures provisoires tant que la multinationale suisse\u00a0ne se mettrait pas au diapason de la r\u00e9glementation sur les eaux min\u00e9rales naturelles en cessant de recourir \u00e0 des syst\u00e8mes de microfiltration\u00a0: \u00ab\u00a0retrait du march\u00e9 et rappel des produits\u00a0\u00bb, \u00ab\u00a0interdiction de commercialisation\u00a0\u00bb et \u00ab\u00a0cessation des tromperies concernant les eaux Perrier pr\u00e9sent\u00e9es comme min\u00e9rales naturelles\u00a0\u00bb.<\/p>\n<p class=\"reading-mode-only \"><strong>Il vous reste 81.31% de cet article \u00e0 lire. La suite est r\u00e9serv\u00e9e aux abonn\u00e9s.<\/strong><\/p>\n","protected":false},"excerpt":{"rendered":"Bouteilles d\u2019eau gazeuse Perrier \u00e0 Nantes, le 19\u00a0mai 2025. LOIC VENANCE \/ AFP Au si\u00e8ge social fran\u00e7ais de&hellip;\n","protected":false},"author":2,"featured_media":542932,"comment_status":"","ping_status":"","sticky":false,"template":"","format":"standard","meta":{"footnotes":""},"categories":[6],"tags":[35,33,34,1011,27],"class_list":{"0":"post-542931","1":"post","2":"type-post","3":"status-publish","4":"format-standard","5":"has-post-thumbnail","7":"category-economie","8":"tag-business","9":"tag-economie","10":"tag-economy","11":"tag-fr","12":"tag-france"},"share_on_mastodon":{"url":"https:\/\/pubeurope.com\/@fr\/115571951870299984","error":""},"_links":{"self":[{"href":"https:\/\/www.europesays.com\/fr\/wp-json\/wp\/v2\/posts\/542931","targetHints":{"allow":["GET"]}}],"collection":[{"href":"https:\/\/www.europesays.com\/fr\/wp-json\/wp\/v2\/posts"}],"about":[{"href":"https:\/\/www.europesays.com\/fr\/wp-json\/wp\/v2\/types\/post"}],"author":[{"embeddable":true,"href":"https:\/\/www.europesays.com\/fr\/wp-json\/wp\/v2\/users\/2"}],"replies":[{"embeddable":true,"href":"https:\/\/www.europesays.com\/fr\/wp-json\/wp\/v2\/comments?post=542931"}],"version-history":[{"count":0,"href":"https:\/\/www.europesays.com\/fr\/wp-json\/wp\/v2\/posts\/542931\/revisions"}],"wp:featuredmedia":[{"embeddable":true,"href":"https:\/\/www.europesays.com\/fr\/wp-json\/wp\/v2\/media\/542932"}],"wp:attachment":[{"href":"https:\/\/www.europesays.com\/fr\/wp-json\/wp\/v2\/media?parent=542931"}],"wp:term":[{"taxonomy":"category","embeddable":true,"href":"https:\/\/www.europesays.com\/fr\/wp-json\/wp\/v2\/categories?post=542931"},{"taxonomy":"post_tag","embeddable":true,"href":"https:\/\/www.europesays.com\/fr\/wp-json\/wp\/v2\/tags?post=542931"}],"curies":[{"name":"wp","href":"https:\/\/api.w.org\/{rel}","templated":true}]}}