{"id":542941,"date":"2025-11-18T17:50:20","date_gmt":"2025-11-18T17:50:20","guid":{"rendered":"https:\/\/www.europesays.com\/fr\/542941\/"},"modified":"2025-11-18T17:50:20","modified_gmt":"2025-11-18T17:50:20","slug":"saint-etienne-congres-de-la-cfdt-retraites-loire-un-changement-de-nom","status":"publish","type":"post","link":"https:\/\/www.europesays.com\/fr\/542941\/","title":{"rendered":"Saint-\u00c9tienne. Congr\u00e8s de la CFDT retrait\u00e9s Loire\u00a0: un changement de nom"},"content":{"rendered":"<p>\u00ab\u00a0On change de nom, et ce n\u2019est pas simplement rh\u00e9torique.\u00a0\u00bb Jean-Antoine Neyran, ancien syndicaliste \u00e0 Manufrance, d\u00e9sormais retrait\u00e9 et adh\u00e9rent \u00e0 la CFDT retrait\u00e9s Loire, trace les grandes lignes qui animeront le congr\u00e8s, ce jeudi 20\u00a0novembre, de la section retrait\u00e9s de la CFDT de la Loire. <\/p>\n<p>  \u00ab\u00a0\u00catre ensemble peut aider\u00a0\u00bb<\/p>\n<p>\u00ab\u00a0\u00c7a va donner le Syndicat des retrait\u00e9s de la Loire, comme \u00e7a, on annonce la couleur. Nous sommes une association, et m\u00eame si nous ne sommes pas salari\u00e9s, nous sommes actifs. \u00c7a va permettre d\u2019augmenter notre champ d\u2019action. On reste une organisation organis\u00e9e g\u00e9ographiquement et professionnellement.\u00a0\u00bb<\/p>\n<p>Ce changement de nom ne va pas changer les missions que se donne le syndicat. \u00ab\u00a0Nous avons \u00e9t\u00e9 de toutes les manifestations r\u00e9centes contre les retraites et nous restons concern\u00e9s par la vie politique, explique-t-il, nos axes forts sont la lutte contre l\u2019extr\u00eame droite, <a href=\"https:\/\/www.leprogres.fr\/social\/2022\/03\/14\/les-retraites-cfdt-inquiets-sur-le-pouvoir-d-achat\" target=\"_blank\" rel=\"nofollow noopener\">la d\u00e9fense des retrait\u00e9s<\/a> , le pouvoir d\u2019achat. Nous intervenons dans diff\u00e9rentes structures comme le Conseil d\u00e9partemental de la citoyennet\u00e9 et de l\u2019autonomie mais aussi des CCAS, des Ehpad pour repr\u00e9senter les usagers et leurs familles.\u00a0\u00bb<\/p>\n<p>Au-del\u00e0 de <a href=\"https:\/\/www.leprogres.fr\/loire-42\/2019\/10\/03\/les-retraites-dans-la-rue-pour-leur-pouvoir-d-achat-et-plus-de-consideration\" target=\"_blank\" rel=\"nofollow noopener\">la lutte syndicale<\/a>, Jean-Antoine Neyran rappelle que les adh\u00e9rents, ou non, peuvent solliciter la CFDT\u00a0: \u00ab\u00a0Nous avons des formations pour les personnes qui seront bient\u00f4t \u00e0 la retraite. C\u2019est un moment compliqu\u00e9 et des gens form\u00e9s peuvent leur expliquer les r\u00e9gimes, les proc\u00e9dures. La notion de service est importante. Et puis, \u00eatre ensemble peut aider. \u00c7a permet de rester actif, voir du monde. Nous ne sommes pas dans la tristesse, il y a la convivialit\u00e9.\u00a0\u00bb<\/p>\n","protected":false},"excerpt":{"rendered":"\u00ab\u00a0On change de nom, et ce n\u2019est pas simplement rh\u00e9torique.\u00a0\u00bb Jean-Antoine Neyran, ancien syndicaliste \u00e0 Manufrance, d\u00e9sormais retrait\u00e9&hellip;\n","protected":false},"author":2,"featured_media":542942,"comment_status":"","ping_status":"","sticky":false,"template":"","format":"standard","meta":{"footnotes":""},"categories":[9653],"tags":[1111,11,2430,7539,1777,674,1011,27,3367,12,25,137,4001,7538,801],"class_list":{"0":"post-542941","1":"post","2":"type-post","3":"status-publish","4":"format-standard","5":"has-post-thumbnail","7":"category-saint-etienne","8":"tag-actu","9":"tag-actualites","10":"tag-auvergne-rhone-alpes","11":"tag-edition-loire-sud","12":"tag-eu","13":"tag-europe","14":"tag-fr","15":"tag-france","16":"tag-loire","17":"tag-news","18":"tag-republique-francaise","19":"tag-retraite","20":"tag-saint-etienne","21":"tag-saint-etienne-ville","22":"tag-social"},"share_on_mastodon":{"url":"https:\/\/pubeurope.com\/@fr\/115571970757848398","error":""},"_links":{"self":[{"href":"https:\/\/www.europesays.com\/fr\/wp-json\/wp\/v2\/posts\/542941","targetHints":{"allow":["GET"]}}],"collection":[{"href":"https:\/\/www.europesays.com\/fr\/wp-json\/wp\/v2\/posts"}],"about":[{"href":"https:\/\/www.europesays.com\/fr\/wp-json\/wp\/v2\/types\/post"}],"author":[{"embeddable":true,"href":"https:\/\/www.europesays.com\/fr\/wp-json\/wp\/v2\/users\/2"}],"replies":[{"embeddable":true,"href":"https:\/\/www.europesays.com\/fr\/wp-json\/wp\/v2\/comments?post=542941"}],"version-history":[{"count":0,"href":"https:\/\/www.europesays.com\/fr\/wp-json\/wp\/v2\/posts\/542941\/revisions"}],"wp:featuredmedia":[{"embeddable":true,"href":"https:\/\/www.europesays.com\/fr\/wp-json\/wp\/v2\/media\/542942"}],"wp:attachment":[{"href":"https:\/\/www.europesays.com\/fr\/wp-json\/wp\/v2\/media?parent=542941"}],"wp:term":[{"taxonomy":"category","embeddable":true,"href":"https:\/\/www.europesays.com\/fr\/wp-json\/wp\/v2\/categories?post=542941"},{"taxonomy":"post_tag","embeddable":true,"href":"https:\/\/www.europesays.com\/fr\/wp-json\/wp\/v2\/tags?post=542941"}],"curies":[{"name":"wp","href":"https:\/\/api.w.org\/{rel}","templated":true}]}}