{"id":542943,"date":"2025-11-18T17:52:21","date_gmt":"2025-11-18T17:52:21","guid":{"rendered":"https:\/\/www.europesays.com\/fr\/542943\/"},"modified":"2025-11-18T17:52:21","modified_gmt":"2025-11-18T17:52:21","slug":"nancy-le-site-internet-dune-cordonnerie-en-lice-pour-les-finales-nationales-des-trophees-numeriques-de-la-cpme","status":"publish","type":"post","link":"https:\/\/www.europesays.com\/fr\/542943\/","title":{"rendered":"Nancy. Le site Internet d\u2019une cordonnerie en lice pour les finales nationales des troph\u00e9es num\u00e9riques de la CPME"},"content":{"rendered":"<p>Les mois d\u2019avril ont une saveur particuli\u00e8re pour Stephen Ustic. En avril\u00a02022, cet ancien cadre dans le recrutement <a href=\"https:\/\/www.estrepublicain.fr\/economie\/2022\/09\/23\/le-cordonnier-qui-bichonne-les-baskets\" target=\"_blank\" rel=\"noopener\">lan\u00e7ait sa cordonnerie Chausse pieds \u00e0 Nancy<\/a> , dans le quartier Rives de Meurthe. Dans cet atelier plein de charme situ\u00e9 juste en face du supermarch\u00e9 Leclerc, le Nanc\u00e9ien r\u00e9pare et r\u00e9nove chaussures, sneakers mais aussi sacs et blousons\u2026 \u00ab\u00a0On essaie de d\u00e9poussi\u00e9rer la cordonnerie en apportant une nouvelle vision et des nouveaut\u00e9s\u00a0\u00bb, r\u00e9sume-t-il.<\/p>\n<p>  \u00ab On a un client par jour qui vient gr\u00e2ce \u00e0 Internet \u00bb<\/p>\n<p>En avril\u00a02025, le dirigeant a \u00e9crit une nouvelle page avec le lancement du site Internet de l\u2019entreprise. \u00ab\u00a0On avait \u00e9t\u00e9 contact\u00e9 via les r\u00e9seaux sociaux par des gens qui souhaitaient b\u00e9n\u00e9ficier de nos services\u00a0\u00bb, explique-t-il.<\/p>\n<p>Le dirigeant a alors contact\u00e9 un technicien de France Num (l\u2019initiative gouvernementale pour la transformation num\u00e9rique des tr\u00e8s petites, petites et moyennes entreprises) qui a r\u00e9alis\u00e9 le site. Au menu\u00a0? Achats de produits, devis en ligne mais aussi conseils et astuces\u2026 \ufeff\u00ab\u00a0Il y a une partie blog qu\u2019on essaie d\u2019alimenter toutes les deux semaines avec des articles d\u2019informations sur les chaussures, comment les entretenir, les diff\u00e9rentes marques qu\u2019on r\u00e9pare, reprend Stephen Ustic. D\u2019ici quelques semaines ou mois, on va aussi proposer des tutoriels. On va donner nos astuces.\u00a0\u00bb<\/p>\n<p>\u00c0 l\u2019image d\u2019autres soci\u00e9t\u00e9s ayant pris le virage num\u00e9rique, Chausse pieds a pu dynamiser son activit\u00e9 gr\u00e2ce \u00e0 ce site. \u00ab\u00a0On a un client par jour qui vient gr\u00e2ce \u00e0 Internet\u00a0\u00bb, calcule le dirigeant.<\/p>\n<p>  7 000 euros pour les laur\u00e9ats<\/p>\n<p>Plus inattendu, le site a aussi tap\u00e9 dans l\u2019\u0153il de la CPME. Alors que la Conf\u00e9d\u00e9ration des petites et moyennes d\u2019entreprises d\u00e9cerne chaque ann\u00e9e ses troph\u00e9es num\u00e9riques pour distinguer les TPE et PME qui ont r\u00e9ussi leur transition num\u00e9rique dans six cat\u00e9gories diff\u00e9rentes, Chausse pieds fait partie des dix-huit finalistes nationaux, comme trois autres PME du Grand Est. \u00ab\u00a0J\u2019avais rempli un dossier pour participer, reprend Stephen Ustic. Cela fait toujours plaisir d\u2019\u00eatre retenu.\u00a0\u00bb<\/p>\n<p>Chausse pieds concourra dans la cat\u00e9gorie \u00ab\u00a0site en.fr\u00a0\u00bb. Les laur\u00e9ats seront connus le 2\u00a0d\u00e9cembre \u00e0 l\u2019issue du vote du public (sur le site de la CPME) et du jury. Avec \u00e0 la cl\u00e9, un joli ch\u00e8que de 7\u00a0000\u00a0euros pour les vainqueurs de chaque cat\u00e9gorie. \u00ab\u00a0Cela permettrait de faire de nouveaux investissements dans le num\u00e9rique et le digital\u00a0\u00bb, souligne Stephen Ustic. Histoire de d\u00e9velopper encore plus le site Internet de la cordonnerie\u2026<\/p>\n","protected":false},"excerpt":{"rendered":"Les mois d\u2019avril ont une saveur particuli\u00e8re pour Stephen Ustic. En avril\u00a02022, cet ancien cadre dans le recrutement&hellip;\n","protected":false},"author":2,"featured_media":542944,"comment_status":"","ping_status":"","sticky":false,"template":"","format":"standard","meta":{"footnotes":""},"categories":[9635],"tags":[1111,11,33,1704,1777,674,1011,27,775,1702,1703,12,25,216],"class_list":{"0":"post-542943","1":"post","2":"type-post","3":"status-publish","4":"format-standard","5":"has-post-thumbnail","7":"category-nancy","8":"tag-actu","9":"tag-actualites","10":"tag-economie","11":"tag-edition-nancy-et-agglomeration","12":"tag-eu","13":"tag-europe","14":"tag-fr","15":"tag-france","16":"tag-grand-est","17":"tag-nancy","18":"tag-nancy-ville-54b","19":"tag-news","20":"tag-republique-francaise","21":"tag-vie-des-entreprises"},"share_on_mastodon":{"url":"https:\/\/pubeurope.com\/@fr\/115571978752080085","error":""},"_links":{"self":[{"href":"https:\/\/www.europesays.com\/fr\/wp-json\/wp\/v2\/posts\/542943","targetHints":{"allow":["GET"]}}],"collection":[{"href":"https:\/\/www.europesays.com\/fr\/wp-json\/wp\/v2\/posts"}],"about":[{"href":"https:\/\/www.europesays.com\/fr\/wp-json\/wp\/v2\/types\/post"}],"author":[{"embeddable":true,"href":"https:\/\/www.europesays.com\/fr\/wp-json\/wp\/v2\/users\/2"}],"replies":[{"embeddable":true,"href":"https:\/\/www.europesays.com\/fr\/wp-json\/wp\/v2\/comments?post=542943"}],"version-history":[{"count":0,"href":"https:\/\/www.europesays.com\/fr\/wp-json\/wp\/v2\/posts\/542943\/revisions"}],"wp:featuredmedia":[{"embeddable":true,"href":"https:\/\/www.europesays.com\/fr\/wp-json\/wp\/v2\/media\/542944"}],"wp:attachment":[{"href":"https:\/\/www.europesays.com\/fr\/wp-json\/wp\/v2\/media?parent=542943"}],"wp:term":[{"taxonomy":"category","embeddable":true,"href":"https:\/\/www.europesays.com\/fr\/wp-json\/wp\/v2\/categories?post=542943"},{"taxonomy":"post_tag","embeddable":true,"href":"https:\/\/www.europesays.com\/fr\/wp-json\/wp\/v2\/tags?post=542943"}],"curies":[{"name":"wp","href":"https:\/\/api.w.org\/{rel}","templated":true}]}}