{"id":542951,"date":"2025-11-18T17:56:10","date_gmt":"2025-11-18T17:56:10","guid":{"rendered":"https:\/\/www.europesays.com\/fr\/542951\/"},"modified":"2025-11-18T17:56:10","modified_gmt":"2025-11-18T17:56:10","slug":"des-excuses-etonnamment-inventives-apres-deux-vols-de-velos-commis-a-montpellier","status":"publish","type":"post","link":"https:\/\/www.europesays.com\/fr\/542951\/","title":{"rendered":"Des excuses \u00e9tonnamment inventives apr\u00e8s deux vols de v\u00e9los commis \u00e0 Montpellier"},"content":{"rendered":"<p>                    Par<br \/>\n        <strong><br \/>\n            <a href=\"https:\/\/actu.fr\/auteur\/lea-pippinato\" title=\"Consulter tous les articles de L\u00e9a Pippinato\" rel=\"nofollow noopener\" target=\"_blank\">L\u00e9a Pippinato<\/a><br \/>\n                    <\/strong><\/p>\n<p>        Publi\u00e9 le<\/p>\n<p>            18 nov. 2025 \u00e0 18h42        <\/p>\n<p><strong>Les vols de v\u00e9lo<\/strong> se multiplient dans <strong>les rues de Montpellier<\/strong>. Les policiers doivent g\u00e9rer <strong>des suspects<\/strong> qui improvisent <strong>des justifications parfois d\u00e9connect\u00e9es<\/strong>. Les faits du week-end illustrent cette tendance.<\/p>\n<p class=\" wall-content\"><strong>Ce dimanche 16 novembre 2025<\/strong>, quartier Port Marianne, la police nationale re\u00e7oit un appel du march\u00e9 du Lez. Un vigile retient un homme suspect\u00e9 d\u2019une tentative de vol de v\u00e9lo. Un \u00e9quipage de police secours arrive sur place. Le suspect nie les faits et dit seulement manger une pizza en terrasse. Pourtant, le suspect frappait la cha\u00eene du v\u00e9lo quelques minutes plus t\u00f4t \u00e0 l\u2019aide d\u2019un manche \u00e0 balai. La vid\u00e9osurveillance du site confirme cette version. L\u2019individu, SDF, \u00e2g\u00e9 de 33 ans, est interpell\u00e9 \u00e0 21h40. Il se trouve en situation irr\u00e9guli\u00e8re. Il re\u00e7oit une ordonnance p\u00e9nale fix\u00e9e<strong> au 7 janvier 2026.<\/strong><\/p>\n<p>    <a href=\"https:\/\/www.google.com\/maps\/embed?pb=!1m18!1m12!1m3!1d2889.6646790120008!2d3.9029370764591826!3d43.59270037110503!2m3!1f0!2f0!3f0!3m2!1i1024!2i768!4f13.1!3m3!1m2!1s0x12b6af8a7b4bcea7%3A0x9ec42ac0600236eb!2sMarch%C3%A9%20du%20Lez!5e0!3m2!1sfr!2sfr!4v1763485789629!5m2!1sfr!2sfr\" title=\"Ouvrie le lien\" rel=\"nofollow noopener\" target=\"_blank\">Cliquez ici pour visualiser le contenu<\/a><\/p>\n<p>Un v\u00e9lo \u00e9lectrique \u00e0 1 000 euros pour 80 euros<\/p>\n<p class=\" wall-content\">Vers 3h du matin, <strong>dans la nuit du 16 au 17 novembre<\/strong>, les cam\u00e9ras de la CSU (centre de supervision urbaine) d\u00e9tectent deux silhouettes rue Mareschal. Les deux hommes s\u2019approchent d\u2019un v\u00e9lo \u00e9lectrique et l\u2019emportent ensuite \u00e0 pied vers la rue Maguelone.<\/p>\n<p>    <a href=\"https:\/\/www.google.com\/maps\/embed?pb=!1m18!1m12!1m3!1d2888.941690700361!2d3.8795803764598307!3d43.60775567110434!2m3!1f0!2f0!3f0!3m2!1i1024!2i768!4f13.1!3m3!1m2!1s0x12b6afa0e003bc23%3A0x9e7bbfdb959db913!2sRue%20Mareschal%2C%2034000%20Montpellier!5e0!3m2!1sfr!2sfr!4v1763485804557!5m2!1sfr!2sfr\" title=\"Ouvrie le lien\" rel=\"nofollow noopener\" target=\"_blank\">Cliquez ici pour visualiser le contenu<\/a><\/p>\n<p>Vid\u00e9os : en ce moment sur Actu<\/p>\n<p class=\" wall-content\">La Bac (brigade anticriminalit\u00e9) observe la sc\u00e8ne puis suit les suspects. Les policiers nationaux les interceptent place Moli\u00e8re, dans le secteur Com\u00e9die. Les deux hommes nient tout vol. Ils affirment avoir achet\u00e9 le v\u00e9lo pour 80 euros. L\u2019antivol reste pourtant fix\u00e9 au cadre et la valeur du v\u00e9lo approche des 1 000 euros. Les agents placent les deux suspects en garde \u00e0 vue. Ils ont 38 et 35 ans. Le plus \u00e2g\u00e9 est SDF et sous OQTF (obligation de quitter le territoire fran\u00e7ais). Ils \u00e9copent d\u2019une ordonnance p\u00e9nale fix\u00e9e <strong>au 16 janvier.<\/strong><\/p>\n<p class=\" wall-content\">Personnalisez votre actualit\u00e9 en ajoutant vos villes et m\u00e9dias en favori avec <a href=\"https:\/\/moncompte.actu.fr\" title=\"D\u00e9couvez Mon Actu\" rel=\"nofollow noopener\" data-trk=\"{&quot;cta&quot;:{&quot;action&quot;:&quot;https:\\\/\\\/moncompte.actu.fr&quot;,&quot;category&quot;:&quot;mon compte&quot;,&quot;from&quot;:&quot;article footer&quot;,&quot;name&quot;:&quot;Mon actu&quot;,&quot;type&quot;:&quot;cta&quot;}}\" target=\"_blank\">Mon Actu<\/a>.<\/p>\n","protected":false},"excerpt":{"rendered":"Par L\u00e9a Pippinato Publi\u00e9 le 18 nov. 2025 \u00e0 18h42 Les vols de v\u00e9lo se multiplient dans les&hellip;\n","protected":false},"author":2,"featured_media":542952,"comment_status":"","ping_status":"","sticky":false,"template":"","format":"standard","meta":{"footnotes":""},"categories":[9599],"tags":[1111,11,1777,674,118,1011,27,303,2208,12,2680,1072,25,208],"class_list":{"0":"post-542951","1":"post","2":"type-post","3":"status-publish","4":"format-standard","5":"has-post-thumbnail","7":"category-montpellier","8":"tag-actu","9":"tag-actualites","10":"tag-eu","11":"tag-europe","12":"tag-faits-divers","13":"tag-fr","14":"tag-france","15":"tag-justice","16":"tag-montpellier","17":"tag-news","18":"tag-occitanie","19":"tag-police","20":"tag-republique-francaise","21":"tag-velo"},"share_on_mastodon":{"url":"https:\/\/pubeurope.com\/@fr\/115571994523585249","error":""},"_links":{"self":[{"href":"https:\/\/www.europesays.com\/fr\/wp-json\/wp\/v2\/posts\/542951","targetHints":{"allow":["GET"]}}],"collection":[{"href":"https:\/\/www.europesays.com\/fr\/wp-json\/wp\/v2\/posts"}],"about":[{"href":"https:\/\/www.europesays.com\/fr\/wp-json\/wp\/v2\/types\/post"}],"author":[{"embeddable":true,"href":"https:\/\/www.europesays.com\/fr\/wp-json\/wp\/v2\/users\/2"}],"replies":[{"embeddable":true,"href":"https:\/\/www.europesays.com\/fr\/wp-json\/wp\/v2\/comments?post=542951"}],"version-history":[{"count":0,"href":"https:\/\/www.europesays.com\/fr\/wp-json\/wp\/v2\/posts\/542951\/revisions"}],"wp:featuredmedia":[{"embeddable":true,"href":"https:\/\/www.europesays.com\/fr\/wp-json\/wp\/v2\/media\/542952"}],"wp:attachment":[{"href":"https:\/\/www.europesays.com\/fr\/wp-json\/wp\/v2\/media?parent=542951"}],"wp:term":[{"taxonomy":"category","embeddable":true,"href":"https:\/\/www.europesays.com\/fr\/wp-json\/wp\/v2\/categories?post=542951"},{"taxonomy":"post_tag","embeddable":true,"href":"https:\/\/www.europesays.com\/fr\/wp-json\/wp\/v2\/tags?post=542951"}],"curies":[{"name":"wp","href":"https:\/\/api.w.org\/{rel}","templated":true}]}}