{"id":542955,"date":"2025-11-18T17:58:12","date_gmt":"2025-11-18T17:58:12","guid":{"rendered":"https:\/\/www.europesays.com\/fr\/542955\/"},"modified":"2025-11-18T17:58:12","modified_gmt":"2025-11-18T17:58:12","slug":"la-seine-maritime-en-alerte-jaune-ces-prochaines-heures","status":"publish","type":"post","link":"https:\/\/www.europesays.com\/fr\/542955\/","title":{"rendered":"la Seine-Maritime en alerte jaune ces prochaines heures"},"content":{"rendered":"<p melodystyle=\"texte\">La Seine-Maritime s&rsquo;appr\u00eate \u00e0 conna\u00eetre un \u00e9pisode m\u00e9t\u00e9orologique particuli\u00e8rement agit\u00e9. De nombreuses averses sont attendues \u00e0 partir de ce mardi soir 18 novembre et jusqu&rsquo;\u00e0 mercredi en fin de journ\u00e9e. Elles pourraient se montrer localement fortes. Le d\u00e9partement sera d&rsquo;ailleurs plac\u00e9 en vigilance jaune : pour vent ce mercredi de 13h \u00e0 21h, et pour pluie-inondation \u00e0 partir de ce mardi minuit et jusqu&rsquo;\u00e0 mercredi 21h.<\/p>\n<p>Des averses intenses, jusqu&rsquo;\u00e0 40mm de pluie<\/p>\n<p melodystyle=\"texte\">Selon Beno\u00eet Morel, sp\u00e9cialiste m\u00e9t\u00e9o de la Seine-Maritime, les pr\u00e9cipitations seront nombreuses au cours des prochaines heures. \u00ab\u00a0Les averses pourront \u00eatre parfois fortes. Etant fr\u00e9quentes, elles pourront d\u00e9verser entre 20 et 40mm de pluies dans la zone en jaune\u00a0\u00bb, indique-t-il. Dans certaines communes, notamment dans le Pays de Caux et le Petit Caux, les cumuls pourraient atteindre \u00ab\u00a0localement les 50mm\u00a0\u00bb. Une situation typique de ce type de d\u00e9gradation automnale, mais qui n\u00e9cessite une vigilance particuli\u00e8re en raison de la r\u00e9p\u00e9tition des averses.<\/p>\n<p>Rafales \u00e0 80\u201390km\/h attendues sur le littoral<\/p>\n<p melodystyle=\"texte\">Cet \u00e9pisode pluvieux sera accompagn\u00e9 d&rsquo;un coup de vent demain, mercredi 19 novembre, entre 14h et 21h. Le sp\u00e9cialiste \u00e9voque un ph\u00e9nom\u00e8ne \u00ab\u00a0habituel et banal, n\u00e9cessitant toutefois un communiqu\u00e9 en compl\u00e9ment des averses\u00a0\u00bb. Les rafales pourraient atteindre 80 \u00e0 90km\/h sur l&rsquo;ensemble du littoral, sous un vent orient\u00e9 nord \u00e0 nord-ouest.<\/p>\n<p>Des chutes de neige isol\u00e9es\u00a0pas exclues<\/p>\n<p melodystyle=\"texte\">A\u00a0partir de mercredi apr\u00e8s-midi, les conditions resteront perturb\u00e9es avec l&rsquo;arriv\u00e9e de giboul\u00e9es. Celles-ci pourront se produire \u00ab\u00a0sous forme de pluie seule, pluie et neige m\u00eal\u00e9es et\/ou gr\u00e9sil\u00a0\u00bb, pr\u00e9cise Beno\u00eet Morel. Des chutes de neige isol\u00e9es ne sont pas totalement exclues. Elles pourraient survenir par \u00ab\u00a0effet d&rsquo;isothermie\u00a0\u00bb, un ph\u00e9nom\u00e8ne qui se produit lorsque \u00ab\u00a0l&rsquo;air froid est drain\u00e9 vers le sol gr\u00e2ce \u00e0 l&rsquo;intensit\u00e9 forte de pr\u00e9cipitation\u00a0\u00bb. Toutefois, poursuit le sp\u00e9cialiste, \u00ab\u00a0le risque de tenue au sol est peu probable\u00a0\u00bb.<\/p>\n","protected":false},"excerpt":{"rendered":"La Seine-Maritime s&rsquo;appr\u00eate \u00e0 conna\u00eetre un \u00e9pisode m\u00e9t\u00e9orologique particuli\u00e8rement agit\u00e9. De nombreuses averses sont attendues \u00e0 partir de&hellip;\n","protected":false},"author":2,"featured_media":542956,"comment_status":"","ping_status":"","sticky":false,"template":"","format":"standard","meta":{"footnotes":""},"categories":[9587],"tags":[1111,11,1777,674,1011,27,12,5161,25,9590],"class_list":{"0":"post-542955","1":"post","2":"type-post","3":"status-publish","4":"format-standard","5":"has-post-thumbnail","7":"category-rouen","8":"tag-actu","9":"tag-actualites","10":"tag-eu","11":"tag-europe","12":"tag-fr","13":"tag-france","14":"tag-news","15":"tag-normandie","16":"tag-republique-francaise","17":"tag-rouen"},"share_on_mastodon":{"url":"https:\/\/pubeurope.com\/@fr\/115572002313574918","error":""},"_links":{"self":[{"href":"https:\/\/www.europesays.com\/fr\/wp-json\/wp\/v2\/posts\/542955","targetHints":{"allow":["GET"]}}],"collection":[{"href":"https:\/\/www.europesays.com\/fr\/wp-json\/wp\/v2\/posts"}],"about":[{"href":"https:\/\/www.europesays.com\/fr\/wp-json\/wp\/v2\/types\/post"}],"author":[{"embeddable":true,"href":"https:\/\/www.europesays.com\/fr\/wp-json\/wp\/v2\/users\/2"}],"replies":[{"embeddable":true,"href":"https:\/\/www.europesays.com\/fr\/wp-json\/wp\/v2\/comments?post=542955"}],"version-history":[{"count":0,"href":"https:\/\/www.europesays.com\/fr\/wp-json\/wp\/v2\/posts\/542955\/revisions"}],"wp:featuredmedia":[{"embeddable":true,"href":"https:\/\/www.europesays.com\/fr\/wp-json\/wp\/v2\/media\/542956"}],"wp:attachment":[{"href":"https:\/\/www.europesays.com\/fr\/wp-json\/wp\/v2\/media?parent=542955"}],"wp:term":[{"taxonomy":"category","embeddable":true,"href":"https:\/\/www.europesays.com\/fr\/wp-json\/wp\/v2\/categories?post=542955"},{"taxonomy":"post_tag","embeddable":true,"href":"https:\/\/www.europesays.com\/fr\/wp-json\/wp\/v2\/tags?post=542955"}],"curies":[{"name":"wp","href":"https:\/\/api.w.org\/{rel}","templated":true}]}}