{"id":542957,"date":"2025-11-18T17:59:27","date_gmt":"2025-11-18T17:59:27","guid":{"rendered":"https:\/\/www.europesays.com\/fr\/542957\/"},"modified":"2025-11-18T17:59:27","modified_gmt":"2025-11-18T17:59:27","slug":"un-a-rouen-lautre-dans-lessonne-suite-a-la-fermeture-de-ce-moulin-tarnais-des-reconversions-absurdes-sont-proposees-aux-salaries","status":"publish","type":"post","link":"https:\/\/www.europesays.com\/fr\/542957\/","title":{"rendered":"\u00ab\u00a0Un \u00e0 Rouen, l\u2019autre dans l\u2019Essonne\u00a0\u00bb\u2026 Suite \u00e0 la fermeture de ce moulin tarnais, des reconversions absurdes sont propos\u00e9es aux salari\u00e9s"},"content":{"rendered":"<p>\n                                                                    l&rsquo;essentiel<br \/>\n                                                                La fermeture prochaine du Moulin du Dadou plonge ses salari\u00e9s dans l\u2019incertitude. Des mutations \u00e0 800 kilom\u00e8tres de distance sont propos\u00e9es, suscitant col\u00e8re et incompr\u00e9hension. Les employ\u00e9s, confront\u00e9s \u00e0 un avenir incertain, envisagent d\u00e9j\u00e0 leur reconversion.\n                            <\/p>\n<p>C\u2019est un cauchemar qu\u2019ils ne pensaient jamais vivre, et pourtant. Un couple de Tarnais, parents de plusieurs enfants et souhaitant rester anonyme, s\u2019est vu proposer par la direction du groupe InVivo des mutations situ\u00e9es \u00e0 plus de 800 kilom\u00e8tres l\u2019une de l\u2019autre\u00a0: Rouen pour l\u2019un, Corbeil-Essonnes pour l\u2019autre. Une situation \u00ab\u00a0ubuesque\u00a0\u00bb, d\u00e9nonc\u00e9e ce lundi 17\u00a0novembre par la d\u00e9put\u00e9e LFI du Tarn Karen Erodi, venue soutenir les salari\u00e9s du Moulin du Dadou en gr\u00e8ve.<\/p>\n<p>Cette d\u00e9cision illustre la crise profonde qui secoue le site de Saint-Genest-de-Contest depuis que les 26 salari\u00e9s ont appris, le 9\u00a0octobre dernier, la fermeture prochaine de l\u2019activit\u00e9 qui existe depuis 1910. Pour la premi\u00e8re fois depuis cette annonce brutale, ils se sont r\u00e9unis ce lundi autour d\u2019un brasero artisanal, avec le maire de la commune, Jean-Jacques Ayral, afin de faire front, malgr\u00e9 la quasi-certitude que leur avenir professionnel est compromis.<\/p>\n<p class=\"std-elt__inline\">\n        <strong>\u00c0 lire aussi :<\/strong><br \/>\n        <a href=\"https:\/\/www.ladepeche.fr\/2025\/10\/10\/info-la-depeche-on-est-abasourdis-plus-de-40-salaries-dun-des-moulins-les-plus-productifs-de-france-devraient-rapidement-etre-licencies-12984483.php\" rel=\"nofollow noopener\" target=\"_blank\">INFO LA D\u00c9P\u00caCHE. \u00ab\u00a0On est abasourdis\u00a0\u00bb\u2026 Plus de 40 salari\u00e9s d\u2019un des moulins les plus productifs de France devraient rapidement \u00eatre licenci\u00e9s<\/a>\n    <\/p>\n<p>Des salari\u00e9s amers<\/p>\n<p>Une trentaine d\u2019hommes et de femmes, v\u00eatus de leur habit de travail orange fluo et portant dans leur dos des messages adress\u00e9s \u00e0 leur employeur, d\u00e9noncent une d\u00e9cision qu\u2019ils jugent incompr\u00e9hensible. Le Moulin du Dadou, pourtant rentable selon eux, verrait son activit\u00e9 supprim\u00e9e car \u00ab\u00a0il produirait trop par rapport aux besoins du territoire\u00a0\u00bb, une justification qui laisse les salari\u00e9s amers.<\/p>\n<p>        <img decoding=\"async\" class=\"std-img__img responsive-img\" src=\"https:\/\/www.europesays.com\/fr\/wp-content\/uploads\/2025\/11\/1763488766_897_image.jpg\" alt=\"Les salari\u00e9s du Moulin du Dadou \u00e9taient en gr\u00e8ve ce lundi 17\u00a0novembre pour tenter de sauver leurs emplois.\"\/><\/p>\n<p>                Les salari\u00e9s du Moulin du Dadou \u00e9taient en gr\u00e8ve ce lundi 17\u00a0novembre pour tenter de sauver leurs emplois.<br \/>\n                                    DDM &#8211; EMILIE CAYRE<\/p>\n<p>Nicolas Birindelli, responsable depuis 21 ans des silos \u00e0 bl\u00e9 dont la capacit\u00e9 atteint 16\u00a0000 tonnes, r\u00e9sume le climat actuel\u00a0: \u00ab\u00a0Les n\u00e9gociations avec la direction se passent tr\u00e8s mal, d\u2019o\u00f9 notre gr\u00e8ve. 26 emplois vont \u00eatre supprim\u00e9s et on nous justifie cela ainsi, laissez-moi rire.\u00a0\u00bb Comme lui, de nombreux salari\u00e9s (meuniers, boulangers, caristes, cadres logistique ou chef de site) estiment que les propositions de reclassement \u2014 sept mois pay\u00e9s \u00e0 70\u00a0% du salaire et une prime pouvant aller jusqu\u2019\u00e0 80\u00a0000\u00a0euros \u2014 ne compensent en rien le d\u00e9racinement impos\u00e9 ou la difficult\u00e9 de reconstruire une vie ailleurs apr\u00e8s tant d\u2019ann\u00e9es.<\/p>\n<p>Selon eux, les solutions avanc\u00e9es par la direction ignorent totalement la r\u00e9alit\u00e9 familiale de nombreux employ\u00e9s, conduisant \u00e0 des couples dispers\u00e9s dans toute la France, parfois dans des r\u00e9gions \u00e9loign\u00e9es de plusieurs centaines de kilom\u00e8tres. Les principaux concern\u00e9s savent d\u00e9j\u00e0 qu\u2019ils n\u2019accepteront pas l\u2019offre, quitte \u00e0 se retrouver au ch\u00f4mage. \u00ab\u00a0On songe d\u00e9j\u00e0 \u00e0 nos reconversions, mais il faudra bien remplir le frigo d\u2019ici l\u00e0\u00a0!\u00a0\u00bb<\/p>\n<p>Un combat perdu d\u2019avance\u00a0?<\/p>\n<p>Pour Karen Erodi, les cons\u00e9quences d\u00e9passent largement le cadre des salari\u00e9s\u00a0: \u00ab\u00a0Cette fermeture va impacter nos agriculteurs qui produisaient du bl\u00e9 pour le Moulin du Dadou. Je vais alerter le gouvernement d\u00e8s mon retour \u00e0 Paris.\u00a0\u00bb<\/p>\n<p>        <img decoding=\"async\" class=\"std-img__img responsive-img\" src=\"https:\/\/www.europesays.com\/fr\/wp-content\/uploads\/2025\/11\/1763488767_668_image.jpg\" alt=\"Les salari\u00e9s ont re\u00e7u le soutien de la d\u00e9put\u00e9e Karen Erodi.\"\/><\/p>\n<p>                Les salari\u00e9s ont re\u00e7u le soutien de la d\u00e9put\u00e9e Karen Erodi.<br \/>\n                                    DDM &#8211; EMILIE CAYRE<\/p>\n<p>Autour du feu, certains ont d\u00e9j\u00e0 accept\u00e9 l\u2019id\u00e9e que le site dispara\u00eetra. Nicolas Birindelli et son \u00e9pouse, qui travaille au laboratoire de production depuis neuf ans, savent qu\u2019ils seront licenci\u00e9s\u00a0: \u00ab\u00a0On nous a inform\u00e9s que les lettres arriveraient mi-janvier. Fin juin\u00a02026, le site sera vid\u00e9.\u00a0\u00bb Et d\u2019ajouter\u00a0: \u00ab\u00a0On a le sentiment d\u2019\u00eatre encore moins que des chiffres pour les patrons. Pourtant, nous n\u2019avons jamais compt\u00e9 nos heures. C\u2019est tr\u00e8s dur \u00e0 vivre.\u00a0\u00bb<\/p>\n","protected":false},"excerpt":{"rendered":"l&rsquo;essentiel La fermeture prochaine du Moulin du Dadou plonge ses salari\u00e9s dans l\u2019incertitude. Des mutations \u00e0 800 kilom\u00e8tres&hellip;\n","protected":false},"author":2,"featured_media":542958,"comment_status":"","ping_status":"","sticky":false,"template":"","format":"standard","meta":{"footnotes":""},"categories":[9587],"tags":[1111,11,1777,674,1011,27,12,5161,25,9590],"class_list":{"0":"post-542957","1":"post","2":"type-post","3":"status-publish","4":"format-standard","5":"has-post-thumbnail","7":"category-rouen","8":"tag-actu","9":"tag-actualites","10":"tag-eu","11":"tag-europe","12":"tag-fr","13":"tag-france","14":"tag-news","15":"tag-normandie","16":"tag-republique-francaise","17":"tag-rouen"},"share_on_mastodon":{"url":"https:\/\/pubeurope.com\/@fr\/115572007035590984","error":""},"_links":{"self":[{"href":"https:\/\/www.europesays.com\/fr\/wp-json\/wp\/v2\/posts\/542957","targetHints":{"allow":["GET"]}}],"collection":[{"href":"https:\/\/www.europesays.com\/fr\/wp-json\/wp\/v2\/posts"}],"about":[{"href":"https:\/\/www.europesays.com\/fr\/wp-json\/wp\/v2\/types\/post"}],"author":[{"embeddable":true,"href":"https:\/\/www.europesays.com\/fr\/wp-json\/wp\/v2\/users\/2"}],"replies":[{"embeddable":true,"href":"https:\/\/www.europesays.com\/fr\/wp-json\/wp\/v2\/comments?post=542957"}],"version-history":[{"count":0,"href":"https:\/\/www.europesays.com\/fr\/wp-json\/wp\/v2\/posts\/542957\/revisions"}],"wp:featuredmedia":[{"embeddable":true,"href":"https:\/\/www.europesays.com\/fr\/wp-json\/wp\/v2\/media\/542958"}],"wp:attachment":[{"href":"https:\/\/www.europesays.com\/fr\/wp-json\/wp\/v2\/media?parent=542957"}],"wp:term":[{"taxonomy":"category","embeddable":true,"href":"https:\/\/www.europesays.com\/fr\/wp-json\/wp\/v2\/categories?post=542957"},{"taxonomy":"post_tag","embeddable":true,"href":"https:\/\/www.europesays.com\/fr\/wp-json\/wp\/v2\/tags?post=542957"}],"curies":[{"name":"wp","href":"https:\/\/api.w.org\/{rel}","templated":true}]}}