{"id":54296,"date":"2025-04-26T11:46:14","date_gmt":"2025-04-26T11:46:14","guid":{"rendered":"https:\/\/www.europesays.com\/fr\/54296\/"},"modified":"2025-04-26T11:46:14","modified_gmt":"2025-04-26T11:46:14","slug":"nancy-la-cathedrale-de-nancy-remplie-pour-un-dernier-hommage-au-pape-francois","status":"publish","type":"post","link":"https:\/\/www.europesays.com\/fr\/54296\/","title":{"rendered":"Nancy. La cath\u00e9drale de Nancy remplie pour un dernier hommage au pape Fran\u00e7ois"},"content":{"rendered":"<p>Du monde, ce samedi matin, \u00e0 la cath\u00e9drale de Nancy pour assister \u00e0 la messe en m\u00e9moire du pape Fran\u00e7ois. L\u2019\u00e9difice religieux n\u2019\u00e9tait pas bourr\u00e9 \u00e0 craquer mais bien rempli pour rendre un dernier hommage \u00e0 celui qui fut un souverain pontife pas comme les autres. Sa personnalit\u00e9 atypique a fait bouger les lignes et a su s\u00e9duire une partie de la jeunesse.<\/p>\n<p>Illustration avec Maud et Erin, deux jeunes filles de 17 ans, membres des scouts et guides de France, qui ont tenu \u00e0 \u00eatre pr\u00e9sentes \u00e0 la cath\u00e9drale\u00a0: \u00ab\u00a0Fran\u00e7ois \u00e9tait assez progressiste et il a pris des positions que nous souhaitions, notamment sur les migrants. Nous n\u2019avons pas pleur\u00e9 lorsqu\u2019il est mort. Nous n\u2019\u00e9tions pas tristes. Mais c\u2019\u00e9tait une figure et c\u2019est important pour nous d\u2019\u00eatre l\u00e0 aujourd\u2019hui\u00a0\u00bb, expliquent en ch\u0153ur les deux adolescentes, tout sourire dans leur uniforme.<\/p>\n<p>Avec une trentaine de leurs camarades scouts et guides, elles ont fait souffler un (petit) vent de fra\u00eecheur sur un office religieux d\u2019une orthodoxie sans faille. Chants, pri\u00e8res et recueillement.<\/p>\n<p>Devant une assembl\u00e9e o\u00f9 les cheveux gris ou blancs \u00e9taient majoritaires, l\u2019\u00e9v\u00eaque de Nancy, Monseigneur Pierre-Yves Michel a aussi eu quelques mots pour le d\u00e9funt pape\u00a0: \u00ab\u00a0C\u2019\u00e9tait un p\u00eacheur comme nous et nous allons demander \u00e0 Dieu sa mis\u00e9ricorde.\u00a0\u00bb Amen.<\/p>\n","protected":false},"excerpt":{"rendered":"Du monde, ce samedi matin, \u00e0 la cath\u00e9drale de Nancy pour assister \u00e0 la messe en m\u00e9moire du&hellip;\n","protected":false},"author":2,"featured_media":54297,"comment_status":"","ping_status":"","sticky":false,"template":"","format":"standard","meta":{"footnotes":""},"categories":[9635],"tags":[1111,11,1704,1777,674,1011,27,775,3457,1702,1703,12,5889,25,104],"class_list":{"0":"post-54296","1":"post","2":"type-post","3":"status-publish","4":"format-standard","5":"has-post-thumbnail","7":"category-nancy","8":"tag-actu","9":"tag-actualites","10":"tag-edition-nancy-et-agglomeration","11":"tag-eu","12":"tag-europe","13":"tag-fr","14":"tag-france","15":"tag-grand-est","16":"tag-meurthe-et-moselle","17":"tag-nancy","18":"tag-nancy-ville-54b","19":"tag-news","20":"tag-religion-croyance","21":"tag-republique-francaise","22":"tag-societe"},"share_on_mastodon":{"url":"https:\/\/pubeurope.com\/@fr\/114404103547913081","error":""},"_links":{"self":[{"href":"https:\/\/www.europesays.com\/fr\/wp-json\/wp\/v2\/posts\/54296","targetHints":{"allow":["GET"]}}],"collection":[{"href":"https:\/\/www.europesays.com\/fr\/wp-json\/wp\/v2\/posts"}],"about":[{"href":"https:\/\/www.europesays.com\/fr\/wp-json\/wp\/v2\/types\/post"}],"author":[{"embeddable":true,"href":"https:\/\/www.europesays.com\/fr\/wp-json\/wp\/v2\/users\/2"}],"replies":[{"embeddable":true,"href":"https:\/\/www.europesays.com\/fr\/wp-json\/wp\/v2\/comments?post=54296"}],"version-history":[{"count":0,"href":"https:\/\/www.europesays.com\/fr\/wp-json\/wp\/v2\/posts\/54296\/revisions"}],"wp:featuredmedia":[{"embeddable":true,"href":"https:\/\/www.europesays.com\/fr\/wp-json\/wp\/v2\/media\/54297"}],"wp:attachment":[{"href":"https:\/\/www.europesays.com\/fr\/wp-json\/wp\/v2\/media?parent=54296"}],"wp:term":[{"taxonomy":"category","embeddable":true,"href":"https:\/\/www.europesays.com\/fr\/wp-json\/wp\/v2\/categories?post=54296"},{"taxonomy":"post_tag","embeddable":true,"href":"https:\/\/www.europesays.com\/fr\/wp-json\/wp\/v2\/tags?post=54296"}],"curies":[{"name":"wp","href":"https:\/\/api.w.org\/{rel}","templated":true}]}}