{"id":542961,"date":"2025-11-18T18:01:14","date_gmt":"2025-11-18T18:01:14","guid":{"rendered":"https:\/\/www.europesays.com\/fr\/542961\/"},"modified":"2025-11-18T18:01:14","modified_gmt":"2025-11-18T18:01:14","slug":"grenoble-ladolescent-blesse-par-balles-est-toujours-dans-un-etat-grave","status":"publish","type":"post","link":"https:\/\/www.europesays.com\/fr\/542961\/","title":{"rendered":"Grenoble. L\u2019adolescent bless\u00e9 par balles est toujours dans un \u00e9tat grave"},"content":{"rendered":"<p>Chaouki, l\u2019adolescent de 13 ans tr\u00e8s gri\u00e8vement <a href=\"https:\/\/www.ledauphine.com\/faits-divers-justice\/2025\/11\/17\/adolescent-gravement-blesse-par-balles-ces-elements-de-l-enquete-qui-convergent-sur-le-point-de-deal-de-saint-bruno\" target=\"_blank\" rel=\"noopener\">bless\u00e9 par balles dimanche vers 3 heures dans le quartier Chorier-Berriat<\/a> \u00e0 Grenoble, \u00e9tait toujours hospitalis\u00e9 dans un \u00e9tat tr\u00e8s s\u00e9rieux mardi apr\u00e8s-midi au CHU Grenoble Alpes, a appris Le Dauphin\u00e9 lib\u00e9r\u00e9 de sources concordantes.<\/p>\n<p>Le jeune mineur isol\u00e9 alg\u00e9rien a \u00e9t\u00e9 vis\u00e9 par au moins neuf tirs dont trois l\u2019ont atteint. Deux balles l\u2019ont bless\u00e9 aux jambes, la troisi\u00e8me provoquant une tr\u00e8s grave blessure traversante dans la zone abdominale.<\/p>\n<p>Ce contenu est bloqu\u00e9 car vous n&rsquo;avez pas accept\u00e9 les cookies et autres traceurs.<\/p>\n<p>En cliquant sur \u00ab J\u2019accepte \u00bb, les cookies et autres traceurs seront d\u00e9pos\u00e9s et vous pourrez visualiser les contenus  (<a href=\"\" class=\"consentModule_policy\" target=\"_blank\" title=\"Consulter la politique de protection des donn\u00e9es du fournisseur\">plus d&rsquo;informations<\/a>).<\/p>\n<p>En cliquant sur \u00ab J\u2019accepte tous les cookies \u00bb, vous autorisez des d\u00e9p\u00f4ts de cookies et autres traceurs pour le stockage de vos donn\u00e9es sur nos sites et applications \u00e0 des fins de personnalisation et de ciblage publicitaire.<\/p>\n<p class=\"consentModule_secondaryText\">Vous gardez la possibilit\u00e9 de retirer votre consentement \u00e0 tout moment en consultant notre <a href=\"https:\/\/www.ledauphine.com\/protection-des-donnees\" target=\"_blank\" title=\"Consulter notre politique de protection des donn\u00e9es\" rel=\"noopener\">politique de protection des donn\u00e9es<\/a>. <br \/>&#13;<br \/>\n            <a href=\"https:\/\/www.ledauphine.com\/faits-divers-justice\/2025\/11\/18\/javascript:Didomi.notice.show()\" class=\"consentModule_cmp\" target=\"_blank\" rel=\"noopener\">G\u00e9rer mes choix<\/a>&#13;\n        <\/p>\n<p>&#13;<br \/>\n                        J&rsquo;accepte&#13;<br \/>\n            J&rsquo;accepte tous les cookies&#13;\n        <\/p>\n<p>Alors que le jeune gar\u00e7on lutte contre la mort \u00e0 l\u2019h\u00f4pital, les policiers de la Division de la criminalit\u00e9 organis\u00e9e et sp\u00e9cialis\u00e9e poursuivent leur enqu\u00eate, l\u2019hypoth\u00e8se principale \u00e9tant, ainsi que Le Dauphin\u00e9 lib\u00e9r\u00e9 l\u2019a relat\u00e9 ces deux derniers jours, celle d\u2019un r\u00e8glement de comptes li\u00e9 au trafic de stup\u00e9fiants, et plus pr\u00e9cis\u00e9ment au point de deal du quartier Saint-Bruno, l\u2019un des bastions historiques de l\u2019\u00e9conomie parall\u00e8le dans l\u2019agglom\u00e9ration grenobloise.<\/p>\n<p>Le jeune gar\u00e7on avait \u00e9t\u00e9 interpell\u00e9 \u00e0 deux reprises \u00e0 Saint-Bruno en possession de produits stup\u00e9fiants et de num\u00e9raire en septembre et octobre dernier.<\/p>\n","protected":false},"excerpt":{"rendered":"Chaouki, l\u2019adolescent de 13 ans tr\u00e8s gri\u00e8vement bless\u00e9 par balles dimanche vers 3 heures dans le quartier Chorier-Berriat&hellip;\n","protected":false},"author":2,"featured_media":542962,"comment_status":"","ping_status":"","sticky":false,"template":"","format":"standard","meta":{"footnotes":""},"categories":[9566],"tags":[1111,11,2430,271,272,112,1777,674,274,1011,27,2731,2732,108,12,25],"class_list":{"0":"post-542961","1":"post","2":"type-post","3":"status-publish","4":"format-standard","5":"has-post-thumbnail","7":"category-grenoble","8":"tag-actu","9":"tag-actualites","10":"tag-auvergne-rhone-alpes","11":"tag-crime","12":"tag-delit-et-contravention","13":"tag-edition-grenoble-agglomeration","14":"tag-eu","15":"tag-europe","16":"tag-faits-divers-justice","17":"tag-fr","18":"tag-france","19":"tag-grenoble","20":"tag-grenoble-bassin","21":"tag-isere","22":"tag-news","23":"tag-republique-francaise"},"share_on_mastodon":{"url":"https:\/\/pubeurope.com\/@fr\/115572014131515310","error":""},"_links":{"self":[{"href":"https:\/\/www.europesays.com\/fr\/wp-json\/wp\/v2\/posts\/542961","targetHints":{"allow":["GET"]}}],"collection":[{"href":"https:\/\/www.europesays.com\/fr\/wp-json\/wp\/v2\/posts"}],"about":[{"href":"https:\/\/www.europesays.com\/fr\/wp-json\/wp\/v2\/types\/post"}],"author":[{"embeddable":true,"href":"https:\/\/www.europesays.com\/fr\/wp-json\/wp\/v2\/users\/2"}],"replies":[{"embeddable":true,"href":"https:\/\/www.europesays.com\/fr\/wp-json\/wp\/v2\/comments?post=542961"}],"version-history":[{"count":0,"href":"https:\/\/www.europesays.com\/fr\/wp-json\/wp\/v2\/posts\/542961\/revisions"}],"wp:featuredmedia":[{"embeddable":true,"href":"https:\/\/www.europesays.com\/fr\/wp-json\/wp\/v2\/media\/542962"}],"wp:attachment":[{"href":"https:\/\/www.europesays.com\/fr\/wp-json\/wp\/v2\/media?parent=542961"}],"wp:term":[{"taxonomy":"category","embeddable":true,"href":"https:\/\/www.europesays.com\/fr\/wp-json\/wp\/v2\/categories?post=542961"},{"taxonomy":"post_tag","embeddable":true,"href":"https:\/\/www.europesays.com\/fr\/wp-json\/wp\/v2\/tags?post=542961"}],"curies":[{"name":"wp","href":"https:\/\/api.w.org\/{rel}","templated":true}]}}