{"id":542963,"date":"2025-11-18T18:02:11","date_gmt":"2025-11-18T18:02:11","guid":{"rendered":"https:\/\/www.europesays.com\/fr\/542963\/"},"modified":"2025-11-18T18:02:11","modified_gmt":"2025-11-18T18:02:11","slug":"municipales-2026-a-rennes-trois-partis-rejoignent-lunion-de-la-gauche-autour-de-nathalie-appere","status":"publish","type":"post","link":"https:\/\/www.europesays.com\/fr\/542963\/","title":{"rendered":"Municipales 2026 \u00e0 Rennes\u00a0: trois partis rejoignent l\u2019union de la gauche autour de Nathalie App\u00e9r\u00e9"},"content":{"rendered":"<p>\u00ab Nous nous projetons d\u00e9sormais r\u00e9solument dans la campagne qui s\u2019ouvre. \u00bb Ce mardi 18 novembre, G\u00e9n\u00e9ration.s, le parti fond\u00e9 par Beno\u00eet Hamon, officialise son ralliement \u00e0 l\u2019union de la gauche et des \u00e9cologistes autour de Nathalie App\u00e9r\u00e9. \ufeffDeux autres mouvements, l\u2019Apr\u00e8s et Debout !, fond\u00e9s respectivement par les \u00ab purg\u00e9s \u00bb de LFI et par Fran\u00e7ois Ruffin, se disent \u00e9galement pr\u00eats \u00e0 faire partie de ce rassemblement pour les municipales 2026 \u00e0 Rennes.<\/p>\n<p><a href=\"https:\/\/www.letelegramme.fr\/ille-et-vilaine\/rennes-35000\/municipales-a-rennes-le-grand-bilan-de-nathalie-appere-6928724.php\" target=\"_blank\" rel=\"noopener\">Municipales \u00e0 Rennes : le grand bilan de Nathalie App\u00e9r\u00e9<\/a><\/p>\n<p>\u00ab Nous appelions cette union de nos v\u0153ux depuis d\u00e9cembre dernier, rappelle G\u00e9n\u00e9ration.s dans un communiqu\u00e9. Nous avons activement \u0153uvr\u00e9 pour la concr\u00e9tiser, en ayant notamment encourag\u00e9 fortement la phase d\u2019ateliers de convergence programmatique qui s\u2019est tenue cet automne. \u00bb L\u2019annonce n\u2019est pas vraiment une surprise pour cette formation, dont les cinq conseillers municipaux sont d\u00e9j\u00e0 membres de la majorit\u00e9 actuelle. Il est cependant le signe que les discussions entre la maire sortante et ses alli\u00e9s touchent \u00e0 leur fin, lui d\u00e9gageant le champ pour se d\u00e9clarer candidate.<\/p>\n<p>\u00ab Un projet conforme \u00e0 l\u2019espace politique actuel \u00bb<\/p>\n<p>Le 18 octobre, apr\u00e8s des mois de d\u00e9bats internes, les \u00c9cologistes avaient ouvert le bal en actant leur rapprochement avec l\u2019\u00e9dile socialiste d\u00e8s le premier tour. Une premi\u00e8re \u00e0 Rennes depuis 25 ans, les Verts ayant toujours pr\u00e9f\u00e9r\u00e9 \u00ab se compter \u00bb avant toute fusion avec le PS au second tour. Le 14 novembre, les communistes leur avaient embo\u00eet\u00e9 le pas. Avec G\u00e9n\u00e9ration.s qui rempile, la majorit\u00e9 sortante est quasiment au complet &#8211; seul le Parti radical ne s\u2019est pas encore officiellement prononc\u00e9, mais sa pr\u00e9sence sur la photo fait peu de doute. La mission de Nathalie App\u00e9r\u00e9, qui souhaitait reconstituer \u00ab un projet conforme \u00e0 l\u2019espace politique actuel \u00bb, semble donc sur le point d\u2019\u00eatre accomplie.<\/p>\n<p>L\u2019id\u00e9e d\u2019un Nouveau front populaire \u00e0 la rennaise a fait long feu : la France Insoumise est bien partie pour faire cavalier seul. Deux chefs de file ont d\u00e9j\u00e0 \u00e9t\u00e9 nomm\u00e9s pour mener les discussions &#8211; infructueuses &#8211; avec les autres partis de gauche, la d\u00e9put\u00e9e Marie Mesmeur et Gw\u00e9nol\u00e9 Bourr\u00e9, ancienne figure du syndicat \u00e9tudiant Union pirate. La t\u00eate de liste du mouvement de Jean-Luc M\u00e9lenchon doit \u00eatre d\u00e9sign\u00e9e cette semaine. Ce, alors que <a href=\"https:\/\/www.letelegramme.fr\/ille-et-vilaine\/rennes-35000\/je-suis-toujours-candidat-ulysse-rabate-reste-mobilise-apres-la-designation-des-chefs-de-file-de-lfi-aux-municipales-a-rennes-6835804.php\" target=\"_blank\" rel=\"noopener\">l\u2019Insoumis Ulysse Rabat\u00e9, \u00e9cart\u00e9 par les militants, a annonc\u00e9 sa volont\u00e9 d\u2019\u00eatre candidat co\u00fbte que co\u00fbte<\/a>.<\/p>\n","protected":false},"excerpt":{"rendered":"\u00ab Nous nous projetons d\u00e9sormais r\u00e9solument dans la campagne qui s\u2019ouvre. \u00bb Ce mardi 18 novembre, G\u00e9n\u00e9ration.s, le&hellip;\n","protected":false},"author":2,"featured_media":542964,"comment_status":"","ping_status":"","sticky":false,"template":"","format":"standard","meta":{"footnotes":""},"categories":[2821],"tags":[1111,11,829,1777,674,1011,27,3434,10736,12,3364,584,25],"class_list":{"0":"post-542963","1":"post","2":"type-post","3":"status-publish","4":"format-standard","5":"has-post-thumbnail","7":"category-rennes","8":"tag-actu","9":"tag-actualites","10":"tag-bretagne","11":"tag-eu","12":"tag-europe","13":"tag-fr","14":"tag-france","15":"tag-municipales-2026","16":"tag-nathalie-appere","17":"tag-news","18":"tag-politique-a-rennes","19":"tag-rennes","20":"tag-republique-francaise"},"share_on_mastodon":{"url":"https:\/\/pubeurope.com\/@fr\/115572018033565536","error":""},"_links":{"self":[{"href":"https:\/\/www.europesays.com\/fr\/wp-json\/wp\/v2\/posts\/542963","targetHints":{"allow":["GET"]}}],"collection":[{"href":"https:\/\/www.europesays.com\/fr\/wp-json\/wp\/v2\/posts"}],"about":[{"href":"https:\/\/www.europesays.com\/fr\/wp-json\/wp\/v2\/types\/post"}],"author":[{"embeddable":true,"href":"https:\/\/www.europesays.com\/fr\/wp-json\/wp\/v2\/users\/2"}],"replies":[{"embeddable":true,"href":"https:\/\/www.europesays.com\/fr\/wp-json\/wp\/v2\/comments?post=542963"}],"version-history":[{"count":0,"href":"https:\/\/www.europesays.com\/fr\/wp-json\/wp\/v2\/posts\/542963\/revisions"}],"wp:featuredmedia":[{"embeddable":true,"href":"https:\/\/www.europesays.com\/fr\/wp-json\/wp\/v2\/media\/542964"}],"wp:attachment":[{"href":"https:\/\/www.europesays.com\/fr\/wp-json\/wp\/v2\/media?parent=542963"}],"wp:term":[{"taxonomy":"category","embeddable":true,"href":"https:\/\/www.europesays.com\/fr\/wp-json\/wp\/v2\/categories?post=542963"},{"taxonomy":"post_tag","embeddable":true,"href":"https:\/\/www.europesays.com\/fr\/wp-json\/wp\/v2\/tags?post=542963"}],"curies":[{"name":"wp","href":"https:\/\/api.w.org\/{rel}","templated":true}]}}