{"id":542967,"date":"2025-11-18T18:04:30","date_gmt":"2025-11-18T18:04:30","guid":{"rendered":"https:\/\/www.europesays.com\/fr\/542967\/"},"modified":"2025-11-18T18:04:30","modified_gmt":"2025-11-18T18:04:30","slug":"images-la-place-du-temple-neuf-a-strasbourg-enfin-dans-sa-forme-finale-les-habitants-mitiges","status":"publish","type":"post","link":"https:\/\/www.europesays.com\/fr\/542967\/","title":{"rendered":"IMAGES. La place du Temple Neuf \u00e0 Strasbourg enfin dans sa forme finale : les habitants mitig\u00e9s"},"content":{"rendered":"<p>                    Par<br \/>\n        <strong><br \/>\n            <a href=\"https:\/\/actu.fr\/auteur\/ivan-capecchi\" title=\"Consulter tous les articles de Ivan CAPECCHI\" rel=\"nofollow noopener\" target=\"_blank\">Ivan CAPECCHI<\/a><br \/>\n                    <\/strong><\/p>\n<p>        Publi\u00e9 le<\/p>\n<p>            18 nov. 2025 \u00e0 16h38<br \/>\n        ; mis \u00e0 jour le 18 nov. 2025 \u00e0 16h39    <\/p>\n<p>Le 10 novembre dernier, Syamak Agha Babaei, premier adjoint \u00e0 la maire de Strasbourg, a communiqu\u00e9 via sa page Facebook sur la livraison de la <a href=\"https:\/\/actu.fr\/grand-est\/strasbourg_67482\/travaux-a-strasbourg-cette-place-du-centre-ville-va-totalement-changer-de-visage_62682040.html\" rel=\"nofollow noopener\" target=\"_blank\">place du Temple Neuf<\/a>. Il s\u2019agit l\u00e0 de sa <strong>version d\u00e9finitive<\/strong>, alors que les <strong>travaux<\/strong>, \u00e9tal\u00e9s de 2023 \u00e0 2025, ont \u00e9t\u00e9 r\u00e9alis\u00e9s en trois phases distinctes.<\/p>\n<p class=\" wall-content\">Sur Facebook toujours, M. Agha Babaei vante une \u00ab <strong>pi\u00e9tonisation p\u00e9renne, un patrimoine valoris\u00e9, un parvis \u00e9largi et des continuit\u00e9s pi\u00e9tonnes s\u00e9curis\u00e9es<\/strong> \u00bb. Sur le terrain, les avis sont plus <strong>mitig\u00e9s<\/strong>.<\/p>\n<p>\u00ab\u00a0Personne n\u2019avait demand\u00e9 un tel changement\u00a0\u00bb<\/p>\n<p class=\" wall-content\">\u00ab D\u00e9j\u00e0, personne n\u2019avait demand\u00e9 \u00e0 ce qu\u2019il y ait un changement \u00bb, estime Candice, une commer\u00e7ante de la place, qui pointe \u00ab des choses bizarres \u00bb dans la r\u00e9habilitation de cette place.<\/p>\n<p class=\" wall-content\">Par exemple, le fait que \u00ab la rampe d\u2019acc\u00e8s PMR \u00e0 l\u2019\u00e9glise protestante du Temple-Neuf devienne <strong>inaccessible<\/strong> sit\u00f4t que des voitures se garent le long de l\u2019\u00e9difice \u00bb.\u00a0<\/p>\n<p>    <img   decoding=\"async\" loading=\"lazy\" src=\"https:\/\/www.europesays.com\/fr\/wp-content\/uploads\/2025\/11\/place-temple-neuf-strasbourg-4-960x640.jpg\" alt=\"A noter que, pour le moment en tout cas, il n\u2019y a aucune mat\u00e9rialisation du stationnement \u00e0 cet endroit, juste une pr\u00e9disposition des pav\u00e9s qui laisse \u00e0 penser l\u2019installation future de places de stationnement.\" width=\"960\" height=\"640\"\/><br \/>\n    A noter que, pour le moment en tout cas, il n\u2019y a aucune mat\u00e9rialisation du stationnement \u00e0 cet endroit, juste une pr\u00e9disposition des pav\u00e9s qui laisse \u00e0 penser l\u2019installation future de places de stationnement. (\u00a9Ivan Capecchi \/ Actu Strasbourg)\u00ab\u00a0\u00c7a fait plus propre\u00a0\u00bb<\/p>\n<p class=\" wall-content\">Certains appr\u00e9cient le r\u00e9sultat final, \u00e0 l\u2019image de Marie-Odile, 90 ans : \u00ab Je suis contente car <strong>\u00e7a fait plus propre<\/strong> \u00bb.<\/p>\n<p class=\" wall-content\">Elle est rejointe par Nola, 16 ans, \u00e9tudiante au Gymnase site de Jean Sturm, une \u00e9cole priv\u00e9e situ\u00e9e sur la place : \u00ab C\u2019est bien, c\u2019est plus propre \u00bb.<\/p>\n<p>Votre r\u00e9gion, votre actu !<\/p>\n<p>Recevez chaque jour les infos qui comptent pour vous.<\/p>\n<p>\t<a href=\"https:\/\/actu.fr\/newsletter\" class=\"ac-btn ac-btn--corner ac-btn--medium ac-btn--blue800\" rel=\"nofollow noopener\" target=\"_blank\">S&rsquo;incrire<\/a><\/p>\n<p class=\" wall-content\">M\u00eame constat pour Julie*, commer\u00e7ante du quartier : \u00ab <strong>Le r\u00e9sultat final nous pla\u00eet<\/strong> \u00bb.<\/p>\n<blockquote class=\"tiktok-embed\" cite=\"https:\/\/www.tiktok.com\/@lorraine.actu\/video\/7574070622758685955\" data-video-id=\"7574070622758685955\" data-embed-from=\"oembed\" style=\"max-width:605px; min-width:325px;\"><p>\n<a target=\"_blank\" title=\"@lorraine.actu\" href=\"https:\/\/www.tiktok.com\/@lorraine.actu?refer=embed\" rel=\"nofollow noopener\">@lorraine.actu<\/a> <\/p>\n<p>Le 10 novembre, Syamak Agha Babaei, premier adjoint \u00e0 la maire de Strasbourg, a annonc\u00e9 sur Facebook la livraison d\u00e9finitive de la place du Temple-Neuf, apr\u00e8s trois phases de travaux men\u00e9es entre 2023 et 2025. Il met en avant une place \u00ab pi\u00e9tonis\u00e9e \u00bb, un patrimoine \u00ab valoris\u00e9 \u00bb et des cheminements \u00ab s\u00e9curis\u00e9s \u00bb. Sur le terrain, les avis divergent. Candice, commer\u00e7ante, regrette un chantier \u00ab jamais demand\u00e9 \u00bb et pointe des \u00ab incoh\u00e9rences \u00bb, comme l\u2019acc\u00e8s PMR \u00e0 l\u2019\u00e9glise rendu impraticable d\u00e8s qu\u2019une voiture se gare \u00e0 proximit\u00e9, faute de mat\u00e9rialisation claire du stationnement. D\u2019autres saluent l\u2019esth\u00e9tique finale : \u00ab plus propre \u00bb, jugent Marie-Odile, 90 ans, Nola, 16 ans, et plusieurs commer\u00e7ants, malgr\u00e9 huit mois de travaux \u00e9prouvants. Certains critiquent aussi le co\u00fbt du projet. En r\u00e9ponse, Agha Babaei rappelle qu\u2019il s\u2019agit d\u2019une requalification de 3 000 m\u00b2, issue d\u2019une concertation aux 75 % d\u2019avis favorables, pour un budget total de 1,7 M\u20ac, dans les standards pour ce type d\u2019am\u00e9nagement, avec une premi\u00e8re phase \u00ab \u00e9ph\u00e9m\u00e8re \u00bb factur\u00e9e\u00a017\u00a0940\u00a0\u20ac.<\/p>\n<p> <a target=\"_blank\" title=\"\u266c Interstellar Multiverse - Ted D&#039;Souza\" href=\"https:\/\/www.tiktok.com\/music\/Interstellar-Multiverse-7459789101967263745?refer=embed\" rel=\"nofollow noopener\">\u266c Interstellar Multiverse \u2013 Ted D\u2019Souza<\/a> <\/p>\n<\/blockquote>\n<p>Des travaux trop longs et co\u00fbteux selon certains<\/p>\n<p class=\" wall-content\">Ceci \u00e9tant dit, Marie-Odile ne comprend pas <strong>que les travaux aient \u00ab mis tant de temps<\/strong>, avec des \u00e9tapes si surprenantes\u2026 \u00bb. \u00ab On a cumul\u00e9 huit mois de travaux au total, <strong>\u00e7a a \u00e9t\u00e9 tr\u00e8s compliqu\u00e9<\/strong> \u00bb, confie pour sa part la commer\u00e7ante Julie.<\/p>\n<p class=\" wall-content\">D\u2019autres pointent le co\u00fbt de ces <a href=\"https:\/\/actu.fr\/grand-est\/strasbourg_67482\/strasbourg-c-est-quoi-ces-gros-travaux-en-cours-sur-la-place-du-temple-neuf_62435660.html\" rel=\"nofollow noopener\" target=\"_blank\">travaux<\/a> : \u00ab De pauvres gens sont dans la rue, <strong>l\u2019investissement devrait \u00eatre fait pour d\u2019autres choses \u00e0 Strasbourg<\/strong> \u00bb, estime ainsi Dorine, 34 ans, une banqui\u00e8re qui a ses habitudes dans le secteur.<\/p>\n<p class=\" wall-content\">\u00ab\u00a0Beaucoup de clients nous disent : <strong>\u2018Tout \u00e7a pour \u00e7a ?\u2019<\/strong>\u00ab\u00a0, constate pour sa part Julie.<\/p>\n<p>    <img   decoding=\"async\" loading=\"lazy\" src=\"https:\/\/www.europesays.com\/fr\/wp-content\/uploads\/2025\/11\/place-temple-neuf-strasbourg-1-960x640.jpg\" alt=\"Place du Temple Neuf Strasbourg\" width=\"960\" height=\"640\"\/><br \/>\n    Auparavant, la place du Temple Neuf \u00e9tait un parking \u00e0 ciel ouvert. (\u00a9Ivan Capecchi \/ Actu Strasbourg)Syamak Agha Babaei r\u00e9agit<\/p>\n<p class=\" wall-content\">Syamak Agha Babaei a tenu \u00e0 r\u00e9agir sur ces deux points. \u00ab Quelques \u00e9l\u00e9ments d\u2019office pour celles et ceux qui diront que nous avons fait trois fois les travaux et d\u00e9pens\u00e9 une somme inconsid\u00e9r\u00e9e \u00bb, \u00e9crit-il sur Facebook, avant de lister :<\/p>\n<ul class=\" wall-content\">\n<li>\u00ab <strong>3 000 m\u00b2 requalifi\u00e9s<\/strong>, dont 325 m\u00b2 v\u00e9g\u00e9talis\u00e9s,<\/li>\n<li>Concertation : 430 avis recueillis, 75 % favorables,<\/li>\n<li><strong>Budget total : 1,7 million d\u2019euros<\/strong> TTC (Ville : 450 000 \u20ac), co\u00fbt habituel pour ce type de transformation,<\/li>\n<li>D\u00e9marche en trois temps : usages \u00e9ph\u00e9m\u00e8res \u2013 r\u00e9glages de circulation et parvis \u2013 travaux d\u00e9finitifs [\u2026] \u00bb.<\/li>\n<\/ul>\n<p>    <a href=\"https:\/\/www.facebook.com\/plugins\/video.php?height=476&amp;href=https%3A%2F%2Fwww.facebook.com%2Freel%2F852271700519823%2F&amp;show_text=true&amp;width=350&amp;t=0\" title=\"Ouvrie le lien\" rel=\"nofollow noopener\" target=\"_blank\">Cliquez ici pour visualiser le contenu<\/a><\/p>\n<p class=\" wall-content\">\u00ab \u00c0 propos de l\u2019\u00e9ph\u00e9m\u00e8re : 17 940 \u20ac pour le collectif d\u2019architectes dans la premi\u00e8re phase, et 22 700 \u20ac d\u2019investissement pour d\u00e9buter les usages futurs (installation, voirie l\u00e9g\u00e8re, v\u00e9g\u00e9talisation, animations, \u00e9lectricit\u00e9 etc.) \u00bb, ajoute l\u2019\u00e9lu.<\/p>\n<p class=\" wall-content\">*Le pr\u00e9nom a \u00e9t\u00e9 modifi\u00e9.\u00a0<\/p>\n<p class=\" wall-content\">Personnalisez votre actualit\u00e9 en ajoutant vos villes et m\u00e9dias en favori avec <a href=\"https:\/\/moncompte.actu.fr\" title=\"D\u00e9couvez Mon Actu\" rel=\"nofollow noopener\" data-trk=\"{&quot;cta&quot;:{&quot;action&quot;:&quot;https:\\\/\\\/moncompte.actu.fr&quot;,&quot;category&quot;:&quot;mon compte&quot;,&quot;from&quot;:&quot;article footer&quot;,&quot;name&quot;:&quot;Mon actu&quot;,&quot;type&quot;:&quot;cta&quot;}}\" target=\"_blank\">Mon Actu<\/a>.<\/p>\n<p>                    <script async src=\"\/\/www.tiktok.com\/embed.js\"><\/script><\/p>\n","protected":false},"excerpt":{"rendered":"Par Ivan CAPECCHI Publi\u00e9 le 18 nov. 2025 \u00e0 16h38 ; mis \u00e0 jour le 18 nov. 2025&hellip;\n","protected":false},"author":2,"featured_media":542968,"comment_status":"","ping_status":"","sticky":false,"template":"","format":"standard","meta":{"footnotes":""},"categories":[2820],"tags":[1111,11,1777,674,1011,27,775,12,25,104,640,2086],"class_list":{"0":"post-542967","1":"post","2":"type-post","3":"status-publish","4":"format-standard","5":"has-post-thumbnail","7":"category-strasbourg","8":"tag-actu","9":"tag-actualites","10":"tag-eu","11":"tag-europe","12":"tag-fr","13":"tag-france","14":"tag-grand-est","15":"tag-news","16":"tag-republique-francaise","17":"tag-societe","18":"tag-strasbourg","19":"tag-travaux"},"share_on_mastodon":{"url":"https:\/\/pubeurope.com\/@fr\/115572026654187764","error":""},"_links":{"self":[{"href":"https:\/\/www.europesays.com\/fr\/wp-json\/wp\/v2\/posts\/542967","targetHints":{"allow":["GET"]}}],"collection":[{"href":"https:\/\/www.europesays.com\/fr\/wp-json\/wp\/v2\/posts"}],"about":[{"href":"https:\/\/www.europesays.com\/fr\/wp-json\/wp\/v2\/types\/post"}],"author":[{"embeddable":true,"href":"https:\/\/www.europesays.com\/fr\/wp-json\/wp\/v2\/users\/2"}],"replies":[{"embeddable":true,"href":"https:\/\/www.europesays.com\/fr\/wp-json\/wp\/v2\/comments?post=542967"}],"version-history":[{"count":0,"href":"https:\/\/www.europesays.com\/fr\/wp-json\/wp\/v2\/posts\/542967\/revisions"}],"wp:featuredmedia":[{"embeddable":true,"href":"https:\/\/www.europesays.com\/fr\/wp-json\/wp\/v2\/media\/542968"}],"wp:attachment":[{"href":"https:\/\/www.europesays.com\/fr\/wp-json\/wp\/v2\/media?parent=542967"}],"wp:term":[{"taxonomy":"category","embeddable":true,"href":"https:\/\/www.europesays.com\/fr\/wp-json\/wp\/v2\/categories?post=542967"},{"taxonomy":"post_tag","embeddable":true,"href":"https:\/\/www.europesays.com\/fr\/wp-json\/wp\/v2\/tags?post=542967"}],"curies":[{"name":"wp","href":"https:\/\/api.w.org\/{rel}","templated":true}]}}