{"id":542971,"date":"2025-11-18T18:06:17","date_gmt":"2025-11-18T18:06:17","guid":{"rendered":"https:\/\/www.europesays.com\/fr\/542971\/"},"modified":"2025-11-18T18:06:17","modified_gmt":"2025-11-18T18:06:17","slug":"la-nuit-de-lorientation-revient-a-nice-pour-eclairer-les-parcours-des","status":"publish","type":"post","link":"https:\/\/www.europesays.com\/fr\/542971\/","title":{"rendered":"La Nuit de l\u2019Orientation revient \u00e0 Nice pour \u00e9clairer les parcours des (\u2026)"},"content":{"rendered":"<p>                    <img loading=\"lazy\" decoding=\"async\" src=\"https:\/\/www.europesays.com\/fr\/wp-content\/uploads\/2025\/11\/3f96918946dac94dd0f4badabed6f8.png\" class=\"img-responsive post-image\" width=\"680\" height=\"510\" alt=\"La Nuit de l'Orientation\" title=\"La Nuit de l'Orientation revient \u00e0 Nice pour \u00e9clairer les parcours des jeunes et de leurs familles\"\/><\/p>\n<p class=\"chapo\">Trouver sa voie n\u2019est pas toujours simple, surtout quand on est coll\u00e9gien, lyc\u00e9en ou \u00e9tudiant. Pour accompagner les jeunes dans leur r\u00e9flexion et leur offrir une exp\u00e9rience concr\u00e8te et inspirante, la Chambre de Commerce et d\u2019Industrie Nice C\u00f4te d\u2019Azur organise la Nuit de l\u2019Orientation, vendredi 28 novembre, de 17h \u00e0 22h, au Campus Sud des M\u00e9tiers.<\/p>\n<p>Cette soir\u00e9e unique en son genre propose une <strong>approche ludique et pratique de l\u2019orientation<\/strong>. Au programme\u00a0: des \u00e9changes avec des professionnels, des ateliers pour mieux cerner ses centres d\u2019int\u00e9r\u00eat, et des conf\u00e9rences pour s\u2019informer et d\u00e9battre. L\u2019objectif est clair\u00a0: permettre \u00e0 chacun de d\u00e9couvrir des m\u00e9tiers, d\u2019affiner son projet professionnel et de s\u2019orienter en toute confiance.<\/p>\n<p><br class=\"autobr\"\/><br \/>\n<strong>\u00c0 noter\u00a0: <\/strong> Avant de se rendre sur place, les visiteurs sont invit\u00e9s \u00e0 r\u00e9aliser le test d\u2019int\u00e9r\u00eat m\u00e9tiers \u00ab\u00a0Inforizon\u00a0\u00bb sur la plateforme Parcour\u00e9o (<a href=\"https:\/\/www.parcoureo.fr\/auth\/login\" class=\"spip_out\" rel=\"external noopener\" target=\"_blank\">parcoureo.fr<\/a>) en utilisant le <strong>code CY9AD6RT<\/strong>. Ce test, accessible en ligne, permet de pr\u00e9parer sa venue et d\u2019identifier ses affinit\u00e9s avec diff\u00e9rents secteurs d\u2019activit\u00e9.Un programme vari\u00e9 pour tous les profils<\/p>\n<p>D\u00e8s 17h, le Campus Sud des M\u00e9tiers, situ\u00e9 au 13 avenue Simone Veil \u00e0 Nice, ouvrira ses portes pour accueillir les participants. Plusieurs espaces th\u00e9matiques seront propos\u00e9s\u00a0: un espace d\u00e9couverte des m\u00e9tiers avec des ateliers, des d\u00e9monstrations et des mises en situation, un espace test et multim\u00e9dia, ainsi qu\u2019un espace speed dating pour des entretiens en face \u00e0 face avec des professionnels.<br class=\"autobr\"\/><br \/>\nLes ateliers de coaching, anim\u00e9s par des experts, guideront les jeunes \u00e0 travers des questions essentielles\u00a0: \u00ab\u00a0 Qu\u2019est-ce qui me rend unique\u00a0? \u00a0\u00bb, \u00ab\u00a0Qu\u2019est-ce qui me motive\u00a0?\u00a0\u00bb. Un atelier sp\u00e9cialement d\u00e9di\u00e9 aux parents, \u00ab\u00a0Mon r\u00f4le de parent dans l\u2019orientation \u00a0\u00bb, permettra d\u2019\u00e9changer sur la mani\u00e8re d\u2019accompagner au mieux les jeunes dans leurs choix.<br class=\"autobr\"\/><br \/>\n<strong>C\u00f4t\u00e9 conf\u00e9rences, le programme est dense et diversifi\u00e9<\/strong>\u00a0: de l\u2019apprentissage aux m\u00e9tiers de la recherche, en passant par l\u2019industrie, le tourisme, Parcoursup, l\u2019ing\u00e9nierie ou encore le num\u00e9rique. Chaque intervention sera l\u2019occasion d\u2019obtenir des informations pr\u00e9cises et de poser ses questions \u00e0 des sp\u00e9cialistes.<\/p>\n<p>Un accompagnement personnalis\u00e9 pour chaque visiteur<\/p>\n<p>En plus des ateliers et des conf\u00e9rences, un espace conseil et reconversion sera disponible pour informer sur les diff\u00e9rents acteurs et outils de l\u2019orientation, ainsi que sur les dispositifs de reconversion professionnelle comme la VAE ou le CEP. Tout au long de la soir\u00e9e, des conseillers seront pr\u00e9sents pour \u00e9clairer le projet professionnel de chacun et r\u00e9pondre aux interrogations des \u00e9tudiants et de leurs familles.<br class=\"autobr\"\/><br \/>\nLa Nuit de l\u2019Orientation s\u2019adresse \u00e0 tous ceux qui souhaitent prendre le temps de r\u00e9fl\u00e9chir \u00e0 leur avenir, dans une ambiance conviviale et stimulante. Pour participer, il suffit de s\u2019inscrire en ligne sur le site d\u00e9di\u00e9\u00a0: <a href=\"https:\/\/www.la-nuit-de-lorientation-06.fr\/page\/ce9c-informations\/\" class=\"spip_out\" rel=\"external noopener\" target=\"_blank\">la-nuit-de-lorientation-06.fr.<\/a><\/p>\n","protected":false},"excerpt":{"rendered":"Trouver sa voie n\u2019est pas toujours simple, surtout quand on est coll\u00e9gien, lyc\u00e9en ou \u00e9tudiant. Pour accompagner les&hellip;\n","protected":false},"author":2,"featured_media":542972,"comment_status":"","ping_status":"","sticky":false,"template":"","format":"standard","meta":{"footnotes":""},"categories":[2819],"tags":[1111,11,2408,1777,674,1011,27,12,2401,882,25],"class_list":{"0":"post-542971","1":"post","2":"type-post","3":"status-publish","4":"format-standard","5":"has-post-thumbnail","7":"category-nice","8":"tag-actu","9":"tag-actualites","10":"tag-appels-d","11":"tag-eu","12":"tag-europe","13":"tag-fr","14":"tag-france","15":"tag-news","16":"tag-nice","17":"tag-provence-alpes-cote-dazur","18":"tag-republique-francaise"},"share_on_mastodon":{"url":"https:\/\/pubeurope.com\/@fr\/115572034449149416","error":""},"_links":{"self":[{"href":"https:\/\/www.europesays.com\/fr\/wp-json\/wp\/v2\/posts\/542971","targetHints":{"allow":["GET"]}}],"collection":[{"href":"https:\/\/www.europesays.com\/fr\/wp-json\/wp\/v2\/posts"}],"about":[{"href":"https:\/\/www.europesays.com\/fr\/wp-json\/wp\/v2\/types\/post"}],"author":[{"embeddable":true,"href":"https:\/\/www.europesays.com\/fr\/wp-json\/wp\/v2\/users\/2"}],"replies":[{"embeddable":true,"href":"https:\/\/www.europesays.com\/fr\/wp-json\/wp\/v2\/comments?post=542971"}],"version-history":[{"count":0,"href":"https:\/\/www.europesays.com\/fr\/wp-json\/wp\/v2\/posts\/542971\/revisions"}],"wp:featuredmedia":[{"embeddable":true,"href":"https:\/\/www.europesays.com\/fr\/wp-json\/wp\/v2\/media\/542972"}],"wp:attachment":[{"href":"https:\/\/www.europesays.com\/fr\/wp-json\/wp\/v2\/media?parent=542971"}],"wp:term":[{"taxonomy":"category","embeddable":true,"href":"https:\/\/www.europesays.com\/fr\/wp-json\/wp\/v2\/categories?post=542971"},{"taxonomy":"post_tag","embeddable":true,"href":"https:\/\/www.europesays.com\/fr\/wp-json\/wp\/v2\/tags?post=542971"}],"curies":[{"name":"wp","href":"https:\/\/api.w.org\/{rel}","templated":true}]}}