{"id":542977,"date":"2025-11-18T18:09:12","date_gmt":"2025-11-18T18:09:12","guid":{"rendered":"https:\/\/www.europesays.com\/fr\/542977\/"},"modified":"2025-11-18T18:09:12","modified_gmt":"2025-11-18T18:09:12","slug":"ivre-et-drogue-il-est-arrete-avec-sa-fille-de-10-ans","status":"publish","type":"post","link":"https:\/\/www.europesays.com\/fr\/542977\/","title":{"rendered":"ivre et drogu\u00e9, il est arr\u00eat\u00e9 avec sa fille de 10 ans"},"content":{"rendered":"<p>                    Par<br \/>\n        <strong><br \/>\n            <a href=\"https:\/\/actu.fr\/auteur\/laure-gentil\" title=\"Consulter tous les articles de Laure Gentil\" target=\"_blank\" rel=\"noopener\">Laure Gentil<\/a><br \/>\n                    <\/strong><\/p>\n<p>        Publi\u00e9 le<\/p>\n<p>            18 nov. 2025 \u00e0 18h32<br \/>\n        ; mis \u00e0 jour le 18 nov. 2025 \u00e0 18h39    <\/p>\n<p>Les gendarmes ont eu une mauvaise surprise ce 15\u00a0novembre 2025. Alors qu\u2019ils patrouillaient sur le p\u00e9riph\u00e9rique int\u00e9rieur nantais<b> au niveau de Bouguenais<\/b>, vers 20\u2009h\u200930, le <b>peloton motoris\u00e9 de Saint-Herblain<\/b> a rep\u00e9r\u00e9 une Peugeot 407 \u00ab\u2009en tr\u00e8s mauvais \u00e9tat\u2009\u00bb. Le contr\u00f4le du conducteur a r\u00e9v\u00e9l\u00e9 une longue, et grave, liste d\u2019infractions.<\/p>\n<p>Drogue, alcool et assurance<\/p>\n<p class=\" wall-content\">Selon la gendarmerie de Loire-Atlantique, une v\u00e9rification a permis, dans un premier temps, de d\u00e9couvrir que la <b>voiture n\u2019\u00e9tait pas assur\u00e9e<\/b>. Les militaires ont donc d\u00e9cid\u00e9 de proc\u00e9der \u00e0 un contr\u00f4le du conducteur, originaire de <b>Villeneuve-en-Retz <\/b>et \u00ab\u2009accompagn\u00e9 de sa fille de 10\u00a0ans.\u2009\u00bb<\/p>\n<p class=\" wall-content\">Les infractions s\u2019encha\u00eenent alors\u2009: l\u2019homme est sous l\u2019empire de stup\u00e9fiants \u2013 il a consomm\u00e9 de l\u2019h\u00e9ro\u00efne \u00ab\u2009malgr\u00e9 un traitement \u00e0 la m\u00e9thadone\u2009\u00bb \u2013 mais aussi de l\u2019alcool avec 0,36\u00a0mg\/l d\u2019air expir\u00e9. De plus, toujours selon la gendarmerie de Loire-Atlantique, son <b>permis n\u2019a pas \u00e9t\u00e9 prorog\u00e9<\/b> depuis 15\u00a0ans, la<b> carte grise n\u2019a pas \u00e9t\u00e9 mut\u00e9e <\/b>et le <b>contr\u00f4le technique <\/b>de la Peugeot est <b>p\u00e9rim\u00e9 <\/b>\u00ab\u2009depuis de nombreuses ann\u00e9es\u2009\u00bb.<\/p>\n<p>    <a href=\"https:\/\/www.facebook.com\/plugins\/post.php?href=https%3A%2F%2Fwww.facebook.com%2Fgendarmeriedeloireatlantique%2Fposts%2Fpfbid0oT7ik6zJqo3rqwzdXwWp6MYXnk1ozuY8oQZjznFyhNXV3SQip7Jwr1aqKgQHpynXl&amp;show_text=true&amp;width=350\" title=\"Ouvrie le lien\" target=\"_blank\" rel=\"noopener\">Cliquez ici pour visualiser le contenu<\/a><\/p>\n<p class=\" wall-content\">\u00ab\u2009Le permis du conducteur a \u00e9t\u00e9 imm\u00e9diatement retenu et fera l\u2019objet d\u2019une suspension pr\u00e9fectorale. Le v\u00e9hicule a quant \u00e0 lui \u00e9t\u00e9 plac\u00e9 en immobilisation administrative\u2009\u00bb, pr\u00e9cisent les gendarmes.<\/p>\n<p class=\" wall-content\">Personnalisez votre actualit\u00e9 en ajoutant vos villes et m\u00e9dias en favori avec <a href=\"https:\/\/moncompte.actu.fr\" title=\"D\u00e9couvez Mon Actu\" rel=\"nofollow noopener\" data-trk=\"{&quot;cta&quot;:{&quot;action&quot;:&quot;https:\\\/\\\/moncompte.actu.fr&quot;,&quot;category&quot;:&quot;mon compte&quot;,&quot;from&quot;:&quot;article footer&quot;,&quot;name&quot;:&quot;Mon actu&quot;,&quot;type&quot;:&quot;cta&quot;}}\" target=\"_blank\">Mon Actu<\/a>.<\/p>\n","protected":false},"excerpt":{"rendered":"Par Laure Gentil Publi\u00e9 le 18 nov. 2025 \u00e0 18h32 ; mis \u00e0 jour le 18 nov. 2025&hellip;\n","protected":false},"author":2,"featured_media":542978,"comment_status":"","ping_status":"","sticky":false,"template":"","format":"standard","meta":{"footnotes":""},"categories":[2818],"tags":[1111,11,1777,674,118,1011,27,3381,766,12,2636,4013,25],"class_list":{"0":"post-542977","1":"post","2":"type-post","3":"status-publish","4":"format-standard","5":"has-post-thumbnail","7":"category-nantes","8":"tag-actu","9":"tag-actualites","10":"tag-eu","11":"tag-europe","12":"tag-faits-divers","13":"tag-fr","14":"tag-france","15":"tag-gendarmerie","16":"tag-nantes","17":"tag-news","18":"tag-pays-de-la-loire","19":"tag-peripherique","20":"tag-republique-francaise"},"share_on_mastodon":{"url":"https:\/\/pubeurope.com\/@fr\/115572045516956722","error":""},"_links":{"self":[{"href":"https:\/\/www.europesays.com\/fr\/wp-json\/wp\/v2\/posts\/542977","targetHints":{"allow":["GET"]}}],"collection":[{"href":"https:\/\/www.europesays.com\/fr\/wp-json\/wp\/v2\/posts"}],"about":[{"href":"https:\/\/www.europesays.com\/fr\/wp-json\/wp\/v2\/types\/post"}],"author":[{"embeddable":true,"href":"https:\/\/www.europesays.com\/fr\/wp-json\/wp\/v2\/users\/2"}],"replies":[{"embeddable":true,"href":"https:\/\/www.europesays.com\/fr\/wp-json\/wp\/v2\/comments?post=542977"}],"version-history":[{"count":0,"href":"https:\/\/www.europesays.com\/fr\/wp-json\/wp\/v2\/posts\/542977\/revisions"}],"wp:featuredmedia":[{"embeddable":true,"href":"https:\/\/www.europesays.com\/fr\/wp-json\/wp\/v2\/media\/542978"}],"wp:attachment":[{"href":"https:\/\/www.europesays.com\/fr\/wp-json\/wp\/v2\/media?parent=542977"}],"wp:term":[{"taxonomy":"category","embeddable":true,"href":"https:\/\/www.europesays.com\/fr\/wp-json\/wp\/v2\/categories?post=542977"},{"taxonomy":"post_tag","embeddable":true,"href":"https:\/\/www.europesays.com\/fr\/wp-json\/wp\/v2\/tags?post=542977"}],"curies":[{"name":"wp","href":"https:\/\/api.w.org\/{rel}","templated":true}]}}