{"id":54298,"date":"2025-04-26T11:47:10","date_gmt":"2025-04-26T11:47:10","guid":{"rendered":"https:\/\/www.europesays.com\/fr\/54298\/"},"modified":"2025-04-26T11:47:10","modified_gmt":"2025-04-26T11:47:10","slug":"photos-femmes-quels-talents-des-creatrices-a-la-mairie-de-nancy-ce-week-end","status":"publish","type":"post","link":"https:\/\/www.europesays.com\/fr\/54298\/","title":{"rendered":"Photos. Femmes, quels talents ! Des cr\u00e9atrices \u00e0 la mairie de Nancy ce week-end"},"content":{"rendered":"<p>Une trentaines de cr\u00e9atrices, d&rsquo;artistes et artisanes passionn\u00e9es sont pr\u00e9sentes au\u00a0salon \u00ab\u00a0Talents de femmes\u00a0\u00bb qui se tient \u00e0 l&rsquo;h\u00f4tel de ville de Nancy du 25 au 27 avril 2025. Au programme, expositions, stands, animations et conf\u00e9rences, le tout\u00a0orchestr\u00e9\u00a0par l&rsquo;ONG \u00ab\u00a0Soroptimist International Nancy\u00a0\u00bb. Une belle opportunit\u00e9 de m\u00ealer arts, conseils avis\u00e9s et engagement solidaire.\u00a0<\/p>\n","protected":false},"excerpt":{"rendered":"Une trentaines de cr\u00e9atrices, d&rsquo;artistes et artisanes passionn\u00e9es sont pr\u00e9sentes au\u00a0salon \u00ab\u00a0Talents de femmes\u00a0\u00bb qui se tient \u00e0&hellip;\n","protected":false},"author":2,"featured_media":54299,"comment_status":"","ping_status":"","sticky":false,"template":"","format":"standard","meta":{"footnotes":""},"categories":[9635],"tags":[1111,11,1477,6211,1704,1777,674,2271,1011,27,2798,775,1702,12,5486,25,104],"class_list":{"0":"post-54298","1":"post","2":"type-post","3":"status-publish","4":"format-standard","5":"has-post-thumbnail","7":"category-nancy","8":"tag-actu","9":"tag-actualites","10":"tag-artisanat","11":"tag-conference","12":"tag-edition-nancy-et-agglomeration","13":"tag-eu","14":"tag-europe","15":"tag-exposition-arts-plastiques","16":"tag-fr","17":"tag-france","18":"tag-galerie-photo","19":"tag-grand-est","20":"tag-nancy","21":"tag-news","22":"tag-rencontre","23":"tag-republique-francaise","24":"tag-societe"},"share_on_mastodon":{"url":"https:\/\/pubeurope.com\/@fr\/114404107466900997","error":""},"_links":{"self":[{"href":"https:\/\/www.europesays.com\/fr\/wp-json\/wp\/v2\/posts\/54298","targetHints":{"allow":["GET"]}}],"collection":[{"href":"https:\/\/www.europesays.com\/fr\/wp-json\/wp\/v2\/posts"}],"about":[{"href":"https:\/\/www.europesays.com\/fr\/wp-json\/wp\/v2\/types\/post"}],"author":[{"embeddable":true,"href":"https:\/\/www.europesays.com\/fr\/wp-json\/wp\/v2\/users\/2"}],"replies":[{"embeddable":true,"href":"https:\/\/www.europesays.com\/fr\/wp-json\/wp\/v2\/comments?post=54298"}],"version-history":[{"count":0,"href":"https:\/\/www.europesays.com\/fr\/wp-json\/wp\/v2\/posts\/54298\/revisions"}],"wp:featuredmedia":[{"embeddable":true,"href":"https:\/\/www.europesays.com\/fr\/wp-json\/wp\/v2\/media\/54299"}],"wp:attachment":[{"href":"https:\/\/www.europesays.com\/fr\/wp-json\/wp\/v2\/media?parent=54298"}],"wp:term":[{"taxonomy":"category","embeddable":true,"href":"https:\/\/www.europesays.com\/fr\/wp-json\/wp\/v2\/categories?post=54298"},{"taxonomy":"post_tag","embeddable":true,"href":"https:\/\/www.europesays.com\/fr\/wp-json\/wp\/v2\/tags?post=54298"}],"curies":[{"name":"wp","href":"https:\/\/api.w.org\/{rel}","templated":true}]}}