{"id":542987,"date":"2025-11-18T18:14:17","date_gmt":"2025-11-18T18:14:17","guid":{"rendered":"https:\/\/www.europesays.com\/fr\/542987\/"},"modified":"2025-11-18T18:14:17","modified_gmt":"2025-11-18T18:14:17","slug":"elise-ouvre-lum-un-coffee-shop-autour-du-bien-etre-a-lille","status":"publish","type":"post","link":"https:\/\/www.europesays.com\/fr\/542987\/","title":{"rendered":"\u00c9lise ouvre L\u00fcm, un coffee shop autour du bien-\u00eatre \u00e0 Lille"},"content":{"rendered":"<p>                    Par<br \/>\n        <strong><br \/>\n            <a href=\"https:\/\/actu.fr\/auteur\/amandine-vachez\" title=\"Consulter tous les articles de Amandine Vachez\" rel=\"nofollow noopener\" target=\"_blank\">Amandine Vachez<\/a><br \/>\n                    <\/strong><\/p>\n<p>        Publi\u00e9 le<\/p>\n<p>            18 nov. 2025 \u00e0 18h37        <\/p>\n<p>\u00ab\u2009Un lieu dans lequel on se sent bien\u2009\u00bb. Voil\u00e0 ce qu\u2019a voulu cr\u00e9er <b>\u00c9lise<\/b>, qui avait depuis longtemps envie d\u2019ouvrir son \u00e9tablissement \u00e0 <a href=\"https:\/\/actu.fr\/lille\/\" rel=\"nofollow noopener\" target=\"_blank\">Lille<\/a> (Nord). <b>D\u00e9but novembre\u00a02025<\/b>, apr\u00e8s de gros travaux, elle a pu enfin<b> ouvrir son coffee shop<\/b>\u00a0dans le <b>Vieux-Lille<\/b>. Un lieu pens\u00e9 pour offrir une pause au calme, avec des<b> \u00ab\u2009\u00e9lixirs\u2009\u00bb cr\u00e9ation<\/b> et autres sp\u00e9cialit\u00e9s <b>au service de votre bien-\u00eatre.<\/b><\/p>\n<p class=\" wall-content\"><a href=\"https:\/\/www.instagram.com\/p\/DRNCCK4iEdR\/embed\" title=\"Ouvrir le lien sur Instagram\" rel=\"nofollow noopener\" target=\"_blank\">Visualiser le contenu sur Instagram<\/a><\/p>\n<p>Une affaire en famille<\/p>\n<p class=\" wall-content\">C\u2019est \u00e0 l\u2019angle de la rue Saint-Andr\u00e9 avec la rue Princesse, o\u00f9 il y avait avant une agence immobili\u00e8re, et encore avant une boutique de chaussures, v\u00eatements et maroquinerie, qu\u2019\u00c9lise a ouvert son coffee shop. Une affaire lanc\u00e9e en famille. \u00ab\u2009C\u2019est elle la pr\u00e9sidente, c\u2019est \u00c9lise qui g\u00e8re\u2009\u00bb, nous confie sa maman, tout sourire, qui a aid\u00e9 les premiers jours d\u2019ouverture. Avec sa maman donc, son papa et son fr\u00e8re, \u00c9lise s\u2019est lanc\u00e9e dans l\u2019aventure entrepreneuriale. Un choix \u00e0 l\u2019oppos\u00e9 de sa profession principale, puisqu\u2019elle est ing\u00e9nieure dans les travaux publics.<\/p>\n<p class=\" wall-content\">\u00ab\u2009J\u2019avais envie d\u2019ouvrir un lieu qui accueille des gens. J\u2019ai toujours aim\u00e9 les coffee shops\u2009\u00bb, retrace la g\u00e9rante. \u00ab\u2009Un jour, je me suis dit, \u2018pourquoi pas moi\u2009?\u2019\u00bb Elle a test\u00e9 plusieurs concepts et s\u2019en est inspir\u00e9e, pour <b>cr\u00e9er un lieu \u00e0 son image, dans lequel elle se sent bien.<\/b> Le local trouv\u00e9, \u00ab\u2009un vrai coup de c\u0153ur\u2009\u00bb, les travaux ont \u00e9t\u00e9 lanc\u00e9s pour ouvrir d\u00e9but novembre.<\/p>\n<p class=\" wall-content\"><a href=\"https:\/\/www.instagram.com\/p\/DQcbfoOjCcH\/embed\" title=\"Ouvrir le lien sur Instagram\" rel=\"nofollow noopener\" target=\"_blank\">Visualiser le contenu sur Instagram<\/a><\/p>\n<p>Table en bois, v\u00e9lo vintage, wifi et caf\u00e9s<\/p>\n<p class=\" wall-content\">Chez L\u00fcm (qui signifie \u00ab\u2009lumi\u00e8re\u2009\u00bb et dont le tr\u00e9ma peut faire penser \u00e0 un smiley qui sourit), on est dans<b> un lieu baign\u00e9 de lumi\u00e8re<\/b>. Tables en bois, chaises hautes ou basses, tabourets ou banquettes avec coussins, vous avez le choix pour vous installer. Il est m\u00eame possible de se poser \u00e0 une table ayant pour pied\u2026 un v\u00e9lo vintage, trouv\u00e9 dans une brocante en Belgique\u2009!<\/p>\n<p>    <img   decoding=\"async\" loading=\"lazy\" class=\"size-large\" src=\"https:\/\/www.europesays.com\/fr\/wp-content\/uploads\/2025\/11\/f41f429c67196e81f429c6719ec1f4v-960x640.jpeg\" alt=\"La d\u00e9co a \u00e9t\u00e9 faite avec soin par Elise et sa famille, au L\u00fcm coffee, dans le Vieux-Lille.\" width=\"960\" height=\"640\"\/><br \/>\n    La d\u00e9co a \u00e9t\u00e9 faite avec soin par \u00c9lise et sa famille, au L\u00fcm coffee, dans le Vieux-Lille. \u00a9Amandine Vachez<\/p>\n<p class=\" wall-content\"><b>Plantes, tableaux et miroirs boh\u00e8mes<\/b> d\u00e9corent les lieux, propices \u00e0 une pause au calme. \u00ab\u2009On propose le wifi, les gens peuvent venir travailler ici\u2009\u00bb, pr\u00e9cise \u00c9lise. \u00c0 la carte, du <b>caf\u00e9<\/b> du <a href=\"https:\/\/actu.fr\/hauts-de-france\/lille_59350\/le-vice-champion-du-monde-de-degustation-de-cafe-va-ouvrir-sa-boutique-a-lille_37563299.html\" rel=\"nofollow noopener\" target=\"_blank\">torr\u00e9facteur nordiste Muda<\/a>, des <b>matchas et autres sp\u00e9cialit\u00e9s du genre. <\/b>Il y a notamment du <b>kombucha<\/b> de chez Goodsky. On trouve surtout des<b> \u00ab\u2009\u00e9lixirs bien-\u00eatre\u2009\u00bb, \u00e0 base de spiruline, de collag\u00e8ne ou de curcuma.<\/b> \u00ab\u2009On propose un caf\u00e9 prot\u00e9in\u00e9 par exemple, id\u00e9al pour les sportifs qui courent \u00e0 la citadelle\u2009\u00bb, cite \u00c9lise.<\/p>\n<p>Brookie, shortbread, rolls, quiches\u2026<\/p>\n<p class=\" wall-content\">C\u00f4t\u00e9 miam, une belle carte de desserts vous attend, avec<b> cheesecake, brookie, cookies, shortbread, carrot cake\u2026<\/b> Il y a du sucr\u00e9, mais aussi du sal\u00e9, avec<b> des rolls, des quiches ou encore une bruschetta<\/b>, avec de la viande ou non. \u00ab\u2009On va adapter en fonction de ce qui fonctionne, des demandes\u2009\u00bb, pr\u00e9cise la g\u00e9rante.<\/p>\n<p>Votre r\u00e9gion, votre actu !<\/p>\n<p>Recevez chaque jour les infos qui comptent pour vous.<\/p>\n<p>\t<a href=\"https:\/\/actu.fr\/newsletter\" class=\"ac-btn ac-btn--corner ac-btn--medium ac-btn--blue800\" rel=\"nofollow noopener\" target=\"_blank\">S&rsquo;incrire<\/a><\/p>\n<p>    <img   decoding=\"async\" loading=\"lazy\" class=\"size-large\" src=\"https:\/\/www.europesays.com\/fr\/wp-content\/uploads\/2025\/11\/a813529c671968c13529c671960235v-960x640.jpeg\" alt=\"Une offre sal\u00e9e est propos\u00e9e le midi chez L\u00fcm, avec une quiche v\u00e9g\u00e9 par exemple, au chorizo et cheddar. D\u00e9licieux !\" width=\"960\" height=\"640\"\/><br \/>\n    Une offre sal\u00e9e est propos\u00e9e le midi chez L\u00fcm, avec une quiche au chorizo et cheddar, par exemple, lors de notre passage. D\u00e9licieux\u2009! \u00a9Amandine Vachez<\/p>\n<p class=\" wall-content\">\u00ab\u00a0\u2009On ne fait que de l\u2019assemblage sur place. Pour se fournir, on travaille avec des artisans\u2009\u00a0\u00bb, glisse \u00c9lise. Des g\u00e2teaux et tartes sal\u00e9es de chez C\u0153ur Grenadine ou du traiteur Briffe, pain du boulanger Degruson\u2026\u00a0<\/p>\n<p class=\" wall-content\">Des formules sont propos\u00e9es. Pour le midi, vous avez<b> pour 12\u00a0euros un plat sal\u00e9 et une boisson fra\u00eeche.<\/b> Pour le go\u00fbter, une<b> formule \u00e0 6,50\u00a0euros avec un mets sucr\u00e9 et une boisson chaude.<\/b><\/p>\n<p>Une surprise au sous-sol<\/p>\n<p class=\" wall-content\">En plus des 16 places \u00e0 l\u2019\u00e9tage et de la dizaine en terrasse, une<b> surprise attend les curieux au sous-sol, joliment am\u00e9nag\u00e9.<\/b> Deux salles sous les vo\u00fbtes avec des briques, dans lesquelles \u00c9lise a pris soin de cr\u00e9er un cocon id\u00e9al pour la saison fra\u00eeche qui arrive, avec une lumi\u00e8re tamis\u00e9e. Il y a de quoi caser une vingtaine de personnes.<\/p>\n<p>    <img   decoding=\"async\" loading=\"lazy\" class=\"size-large\" src=\"https:\/\/www.europesays.com\/fr\/wp-content\/uploads\/2025\/11\/2a45529c671961e45529c671990555v-960x640.jpeg\" alt=\"Une cave joliment am\u00e9nag\u00e9e attend les curieux au sous-sol du coffee shop L\u00fcm.\" width=\"960\" height=\"640\"\/><br \/>\n    Une cave joliment am\u00e9nag\u00e9e attend les curieux au sous-sol du coffee shop L\u00fcm. \u00a9Amandine Vachez<\/p>\n<p class=\" wall-content\">Le caf\u00e9 est <b>ouvert (pour l\u2019instant) du mercredi au lundi, de 10\u2009h \u00e0 18\u2009h.<\/b> Il ouvrira sans doute un peu plus tard prochainement pour des afterworks. \u00c9lise se laisse le temps de voir comment \u00e7a prend. En attendant, sa maman et son amie au service, Ir\u00e8ne, sont ravies de l\u2019accueil r\u00e9serv\u00e9 par les premiers clients. \u00ab\u2009Ils sont vraiment adorables\u2009!\u2009\u00bb Gens du quartier ou de plus loin, et m\u00eame des \u00e9trangers sont venus pousser la porte du caf\u00e9. Pour d\u00e9couvrir l\u2019ambiance, rendez-vous au <b>94, rue Saint-Andr\u00e9\u2009!<\/b><\/p>\n<p>Pour voir le menu, c\u2019est <a href=\"https:\/\/xn--lm-xka.my.canva.site\/l-m\" rel=\"nofollow noopener\" target=\"_blank\">par ici<\/a>.<\/p>\n<p class=\" wall-content\">Personnalisez votre actualit\u00e9 en ajoutant vos villes et m\u00e9dias en favori avec <a href=\"https:\/\/moncompte.actu.fr\" title=\"D\u00e9couvez Mon Actu\" rel=\"nofollow noopener\" data-trk=\"{&quot;cta&quot;:{&quot;action&quot;:&quot;https:\\\/\\\/moncompte.actu.fr&quot;,&quot;category&quot;:&quot;mon compte&quot;,&quot;from&quot;:&quot;article footer&quot;,&quot;name&quot;:&quot;Mon actu&quot;,&quot;type&quot;:&quot;cta&quot;}}\" target=\"_blank\">Mon Actu<\/a>.<\/p>\n<p>                    <script async src=\"\/\/www.instagram.com\/embed.js\"><\/script><\/p>\n","protected":false},"excerpt":{"rendered":"Par Amandine Vachez Publi\u00e9 le 18 nov. 2025 \u00e0 18h37 \u00ab\u2009Un lieu dans lequel on se sent bien\u2009\u00bb.&hellip;\n","protected":false},"author":2,"featured_media":542988,"comment_status":"","ping_status":"","sticky":false,"template":"","format":"standard","meta":{"footnotes":""},"categories":[2815],"tags":[1111,11,215,33,1777,674,1011,27,811,1307,12,3147,25],"class_list":{"0":"post-542987","1":"post","2":"type-post","3":"status-publish","4":"format-standard","5":"has-post-thumbnail","7":"category-lille","8":"tag-actu","9":"tag-actualites","10":"tag-commerce","11":"tag-economie","12":"tag-eu","13":"tag-europe","14":"tag-fr","15":"tag-france","16":"tag-hauts-de-france","17":"tag-lille","18":"tag-news","19":"tag-nouveaux-commerces","20":"tag-republique-francaise"},"share_on_mastodon":{"url":"https:\/\/pubeurope.com\/@fr\/115572066299735842","error":""},"_links":{"self":[{"href":"https:\/\/www.europesays.com\/fr\/wp-json\/wp\/v2\/posts\/542987","targetHints":{"allow":["GET"]}}],"collection":[{"href":"https:\/\/www.europesays.com\/fr\/wp-json\/wp\/v2\/posts"}],"about":[{"href":"https:\/\/www.europesays.com\/fr\/wp-json\/wp\/v2\/types\/post"}],"author":[{"embeddable":true,"href":"https:\/\/www.europesays.com\/fr\/wp-json\/wp\/v2\/users\/2"}],"replies":[{"embeddable":true,"href":"https:\/\/www.europesays.com\/fr\/wp-json\/wp\/v2\/comments?post=542987"}],"version-history":[{"count":0,"href":"https:\/\/www.europesays.com\/fr\/wp-json\/wp\/v2\/posts\/542987\/revisions"}],"wp:featuredmedia":[{"embeddable":true,"href":"https:\/\/www.europesays.com\/fr\/wp-json\/wp\/v2\/media\/542988"}],"wp:attachment":[{"href":"https:\/\/www.europesays.com\/fr\/wp-json\/wp\/v2\/media?parent=542987"}],"wp:term":[{"taxonomy":"category","embeddable":true,"href":"https:\/\/www.europesays.com\/fr\/wp-json\/wp\/v2\/categories?post=542987"},{"taxonomy":"post_tag","embeddable":true,"href":"https:\/\/www.europesays.com\/fr\/wp-json\/wp\/v2\/tags?post=542987"}],"curies":[{"name":"wp","href":"https:\/\/api.w.org\/{rel}","templated":true}]}}