{"id":542991,"date":"2025-11-18T18:17:13","date_gmt":"2025-11-18T18:17:13","guid":{"rendered":"https:\/\/www.europesays.com\/fr\/542991\/"},"modified":"2025-11-18T18:17:13","modified_gmt":"2025-11-18T18:17:13","slug":"justice-et-sante-main-dans-la-main-pour-controler-les-usagers-de-drogue-a-belsunce","status":"publish","type":"post","link":"https:\/\/www.europesays.com\/fr\/542991\/","title":{"rendered":"Justice et sant\u00e9 main dans la main pour contr\u00f4ler les usagers de drogue \u00e0 Belsunce"},"content":{"rendered":"<p>\t    Justice et sant\u00e9 main dans la main pour contr\u00f4ler les usagers de drogue \u00e0 Belsunce &#8211; Marsactu<\/p>\n<p>&#13;<br \/>\n\t\t&#13;<\/p>\n<p>Nous utilisons des cookies pour vous garantir la meilleure exp\u00e9rience sur notre site. Vous pouvez choisir de refuser les cookies.J&rsquo;accepteNonEn savoir plus<\/p>\n<p>\t\t&#13;<\/p>\n","protected":false},"excerpt":{"rendered":"Justice et sant\u00e9 main dans la main pour contr\u00f4ler les usagers de drogue \u00e0 Belsunce &#8211; Marsactu &#13;&hellip;\n","protected":false},"author":2,"featured_media":542992,"comment_status":"","ping_status":"","sticky":false,"template":"","format":"standard","meta":{"footnotes":""},"categories":[2814],"tags":[1111,11,35712,17039,4346,1052,1777,674,1011,27,884,12,15860,882,25,4772],"class_list":{"0":"post-542991","1":"post","2":"type-post","3":"status-publish","4":"format-standard","5":"has-post-thumbnail","7":"category-marseille","8":"tag-actu","9":"tag-actualites","10":"tag-ars","11":"tag-belsunce","12":"tag-cra","13":"tag-drogue","14":"tag-eu","15":"tag-europe","16":"tag-fr","17":"tag-france","18":"tag-marseille","19":"tag-news","20":"tag-parquet","21":"tag-provence-alpes-cote-dazur","22":"tag-republique-francaise","23":"tag-zalu"},"share_on_mastodon":{"url":"https:\/\/pubeurope.com\/@fr\/115572076985536283","error":""},"_links":{"self":[{"href":"https:\/\/www.europesays.com\/fr\/wp-json\/wp\/v2\/posts\/542991","targetHints":{"allow":["GET"]}}],"collection":[{"href":"https:\/\/www.europesays.com\/fr\/wp-json\/wp\/v2\/posts"}],"about":[{"href":"https:\/\/www.europesays.com\/fr\/wp-json\/wp\/v2\/types\/post"}],"author":[{"embeddable":true,"href":"https:\/\/www.europesays.com\/fr\/wp-json\/wp\/v2\/users\/2"}],"replies":[{"embeddable":true,"href":"https:\/\/www.europesays.com\/fr\/wp-json\/wp\/v2\/comments?post=542991"}],"version-history":[{"count":0,"href":"https:\/\/www.europesays.com\/fr\/wp-json\/wp\/v2\/posts\/542991\/revisions"}],"wp:featuredmedia":[{"embeddable":true,"href":"https:\/\/www.europesays.com\/fr\/wp-json\/wp\/v2\/media\/542992"}],"wp:attachment":[{"href":"https:\/\/www.europesays.com\/fr\/wp-json\/wp\/v2\/media?parent=542991"}],"wp:term":[{"taxonomy":"category","embeddable":true,"href":"https:\/\/www.europesays.com\/fr\/wp-json\/wp\/v2\/categories?post=542991"},{"taxonomy":"post_tag","embeddable":true,"href":"https:\/\/www.europesays.com\/fr\/wp-json\/wp\/v2\/tags?post=542991"}],"curies":[{"name":"wp","href":"https:\/\/api.w.org\/{rel}","templated":true}]}}