{"id":542996,"date":"2025-11-18T18:20:32","date_gmt":"2025-11-18T18:20:32","guid":{"rendered":"https:\/\/www.europesays.com\/fr\/542996\/"},"modified":"2025-11-18T18:20:32","modified_gmt":"2025-11-18T18:20:32","slug":"pourquoi-des-figures-de-la-gauche-se-reunissent-a-lyon-samedi","status":"publish","type":"post","link":"https:\/\/www.europesays.com\/fr\/542996\/","title":{"rendered":"pourquoi des figures de la gauche se r\u00e9unissent \u00e0 Lyon samedi"},"content":{"rendered":"<p>Si les \u00e9lections municipales et m\u00e9tropolitaines sont dans moins de quatre mois, la pr\u00e9sidentielle de 2027 est d\u00e9j\u00e0 dans toutes les t\u00eates \u00e0 gauche. Apr\u00e8s la d\u00e9claration de <a href=\"https:\/\/www.lemonde.fr\/politique\/article\/2025\/10\/22\/presidentielle-2027-marine-tondelier-se-presente-candidate_6648904_823448.html\" target=\"_blank\" rel=\"nofollow noopener\">candidature de Marine Tondelier<\/a>, puis l\u2019annonce de l\u2019organisation d\u2019une primaire d\u2019une partie de la gauche \u00e0 l\u2019automne 2026, plusieurs figures du Parti Socialiste mais aussi de Place Publique se r\u00e9unissent \u00e0 Lyon ce samedi.<\/p>\n<p>Organis\u00e9es par la maire socialiste de Vaulx-en-Velin <a href=\"https:\/\/www.leprogres.fr\/p\/helene-geoffroy\" target=\"_blank\" rel=\"nofollow noopener\">H\u00e9l\u00e8ne Geoffroy<\/a>, <a href=\"https:\/\/www.google.com\/url?sa=t&amp;rct=j&amp;q=&amp;esrc=s&amp;source=web&amp;cd=&amp;cad=rja&amp;uact=8&amp;ved=2ahUKEwjUqov9_vuQAxWZVqQEHTxFJooQFnoECBoQAQ&amp;url=https%3A%2F%2Fwww.leprogres.fr%2Fpolitique%2F2025%2F03%2F10%2Fcongres-du-ps-helene-geoffroy-defend-une-candidature-socialiste-ou-sociale-democrate-en-2027&amp;usg=AOvVaw1NGefWNw6nyCWvuglAQv0m&amp;opi=89978449\" target=\"_blank\" rel=\"nofollow noopener\">ces rencontres \u00ab\u00a0Debout les Socialistes\u00a0\u00bb<\/a> accueilleront <a href=\"https:\/\/www.leprogres.fr\/p\/francois-hollande\" target=\"_blank\" rel=\"nofollow noopener\">Fran\u00e7ois Hollande<\/a>, Rapha\u00ebl <a href=\"https:\/\/www.leprogres.fr\/elections\/2025\/07\/03\/municipales-2026-mobilite-education-et-travail-place-publique-devoile-ses-priorites\" target=\"_blank\" rel=\"nofollow noopener\">Glucksmann<\/a>, <a href=\"https:\/\/www.leprogres.fr\/p\/olivier-faure\" target=\"_blank\" rel=\"nofollow noopener\">Olivier Faure<\/a>, <a href=\"https:\/\/www.leprogres.fr\/p\/carole-delga\" target=\"_blank\" rel=\"nofollow noopener\">Carole Delga<\/a>, <a href=\"https:\/\/www.leprogres.fr\/p\/bernard-cazeneuve\" target=\"_blank\" rel=\"nofollow noopener\">Bernard Cazeneuve<\/a> ou encore <a href=\"https:\/\/www.leprogres.fr\/p\/guillaume-lacroix\" target=\"_blank\" rel=\"nofollow noopener\">Guillaume Lacroix<\/a>.<\/p>\n<p>L\u2019objectif\u00a0: plancher sur l\u2019\u00e9lection pr\u00e9sidentielle et \u00ab\u00a0trouver un chemin qui permettrait \u00e0 la gauche au second tour\u00a0\u00bb, nous confie-t-on en interne. Un chemin \u00ab\u00a0diff\u00e9rent\u00a0\u00bb de celui dit de Bagneux\u00a0o\u00f9 ex-Insoumis, Socialistes et Ecologistes s\u2019\u00e9taient accord\u00e9s sur un calendrier pour aboutir \u00e0 un programme et une incarnation en vue de la prochaine pr\u00e9sidentielle.<\/p>\n<p>  \u00ab\u00a0Ne pas voir le RN au pouvoir\u00a0\u00bb<\/p>\n<p>Au programme des \u00e9changes ce week-end\u00a0: l\u2019avenir des socialistes et de la gauche, les services publics, les mutations du monde ou encore la question sociale pour battre le RN. C\u2019est bien tout l\u2019enjeu de ce week-end\u00a0: \u00ab\u00a0ne pas voir le RN au pouvoir\u00a0\u00bb. Dans les rangs du courant port\u00e9 par <a href=\"https:\/\/www.google.com\/url?sa=t&amp;rct=j&amp;q=&amp;esrc=s&amp;source=web&amp;cd=&amp;cad=rja&amp;uact=8&amp;ved=2ahUKEwjonNHfgPyQAxVhVKQEHQAUKp0QFnoECBkQAQ&amp;url=https%3A%2F%2Fwww.leprogres.fr%2Fp%2Fhelene-geoffroy&amp;usg=AOvVaw2nbs-wpzuyphY7ozUBANic&amp;opi=89978449\" target=\"_blank\" rel=\"nofollow noopener\">H\u00e9l\u00e8ne Geoffroy<\/a>, il appara\u00eet qu\u2019au vu des derni\u00e8res semaines au Parlement, les antagonismes restent forts au sein de la gauche.<\/p>\n<p>\u00ab\u00a0D\u2019autant que <a href=\"https:\/\/www.leprogres.fr\/politique\/2025\/07\/09\/municipales-2026-la-releve-insoumise-en-route-avec-anais-belouassa-cherifi-a-lyon\" target=\"_blank\" rel=\"nofollow noopener\">M\u00e9lenchon <\/a>et Glucksmann ont tous les deux dit qu\u2019ils ne participeraient pas au processus\u00a0\u00bb de primaire, souligne un proche. Des rencontres avec diff\u00e9rents courants de gauche, donc \u00e0 Lyon, \u00ab\u00a0pour rechercher et tracer collectivement\u00a0\u00bb un chemin pour la gauche vers le second tour.<\/p>\n","protected":false},"excerpt":{"rendered":"Si les \u00e9lections municipales et m\u00e9tropolitaines sont dans moins de quatre mois, la pr\u00e9sidentielle de 2027 est d\u00e9j\u00e0&hellip;\n","protected":false},"author":2,"featured_media":542997,"comment_status":"","ping_status":"","sticky":false,"template":"","format":"standard","meta":{"footnotes":""},"categories":[1889],"tags":[1111,11,2430,2757,11984,1777,674,107,1011,27,2428,2756,12,3541,316,25,2429],"class_list":{"0":"post-542996","1":"post","2":"type-post","3":"status-publish","4":"format-standard","5":"has-post-thumbnail","7":"category-lyon","8":"tag-actu","9":"tag-actualites","10":"tag-auvergne-rhone-alpes","11":"tag-edition-lyon-villeurbanne","12":"tag-election-presidentielle","13":"tag-eu","14":"tag-europe","15":"tag-fil-info","16":"tag-fr","17":"tag-france","18":"tag-lyon","19":"tag-lyon-bassin","20":"tag-news","21":"tag-parti-socialiste","22":"tag-politique","23":"tag-republique-francaise","24":"tag-rhone"},"share_on_mastodon":{"url":"https:\/\/pubeurope.com\/@fr\/115572088713697140","error":""},"_links":{"self":[{"href":"https:\/\/www.europesays.com\/fr\/wp-json\/wp\/v2\/posts\/542996","targetHints":{"allow":["GET"]}}],"collection":[{"href":"https:\/\/www.europesays.com\/fr\/wp-json\/wp\/v2\/posts"}],"about":[{"href":"https:\/\/www.europesays.com\/fr\/wp-json\/wp\/v2\/types\/post"}],"author":[{"embeddable":true,"href":"https:\/\/www.europesays.com\/fr\/wp-json\/wp\/v2\/users\/2"}],"replies":[{"embeddable":true,"href":"https:\/\/www.europesays.com\/fr\/wp-json\/wp\/v2\/comments?post=542996"}],"version-history":[{"count":0,"href":"https:\/\/www.europesays.com\/fr\/wp-json\/wp\/v2\/posts\/542996\/revisions"}],"wp:featuredmedia":[{"embeddable":true,"href":"https:\/\/www.europesays.com\/fr\/wp-json\/wp\/v2\/media\/542997"}],"wp:attachment":[{"href":"https:\/\/www.europesays.com\/fr\/wp-json\/wp\/v2\/media?parent=542996"}],"wp:term":[{"taxonomy":"category","embeddable":true,"href":"https:\/\/www.europesays.com\/fr\/wp-json\/wp\/v2\/categories?post=542996"},{"taxonomy":"post_tag","embeddable":true,"href":"https:\/\/www.europesays.com\/fr\/wp-json\/wp\/v2\/tags?post=542996"}],"curies":[{"name":"wp","href":"https:\/\/api.w.org\/{rel}","templated":true}]}}