{"id":542998,"date":"2025-11-18T18:23:14","date_gmt":"2025-11-18T18:23:14","guid":{"rendered":"https:\/\/www.europesays.com\/fr\/542998\/"},"modified":"2025-11-18T18:23:14","modified_gmt":"2025-11-18T18:23:14","slug":"un-rapport-denonce-la-dette-qui-explose-et-les-derives-du-systeme-pecresse","status":"publish","type":"post","link":"https:\/\/www.europesays.com\/fr\/542998\/","title":{"rendered":"un rapport d\u00e9nonce la dette qui \u00ab\u00a0explose\u00a0\u00bb et les \u00ab\u00a0d\u00e9rives du syst\u00e8me P\u00e9cresse\u00a0\u00bb"},"content":{"rendered":"<p>                    Par<br \/>\n        <strong><br \/>\n            <a href=\"https:\/\/actu.fr\/auteur\/thomas-rideau\" title=\"Consulter tous les articles de Thomas Rideau\" target=\"_blank\" rel=\"noopener\">Thomas Rideau<\/a><br \/>\n                    <\/strong><\/p>\n<p>        Publi\u00e9 le<\/p>\n<p>            18 nov. 2025 \u00e0 18h56        <\/p>\n<p>Un rapport de la Cour des comptes, qui va \u00eatre prochainement publi\u00e9, a pass\u00e9 au crible les finances de la <a href=\"https:\/\/actu.fr\/ile-de-france\/\" target=\"_blank\" rel=\"noopener\">R\u00e9gion \u00cele-de-France<\/a> depuis 2019 jusqu\u2019\u00e0 2023. Pour l\u2019opposition, c\u2019est une \u00e9valuation de la politique de <a href=\"https:\/\/actu.fr\/tag\/valerie-pecresse\" target=\"_blank\" rel=\"noopener\">Val\u00e9rie P\u00e9cresse (Les R\u00e9publicains)<\/a>, \u00e9lue en 2015 et pour eux, les conclusions du rapport sont tr\u00e8s claires\u2009: \u00ab\u2009La chambre r\u00e9gionale des comptes <strong>\u00e9trille la gestion<\/strong> de Val\u00e9rie P\u00e9cresse.\u2009\u00bb Cet important document d\u2019une centaine de pages risque d\u2019ailleurs de faire l\u2019objet de quelques d\u00e9bats lors de la prochaine r\u00e9union du conseil r\u00e9gional, <strong>mercredi 19\u00a0novembre 2025<\/strong>.<\/p>\n<p>Une dette qui augmente et une communication qui interroge<\/p>\n<p class=\" wall-content\">\u00ab\u2009Ce rapport alerte sur les d\u00e9rives du syst\u00e8me P\u00e9cresse\u2009\u00bb, affirme l\u2019opposition. Les magistrats de la chambre, eux, \u00ab\u2009confirment<strong> l\u2019explosion de la dette<\/strong> avec une progression sur la p\u00e9riode de 28,4\u2009%. La dette atteignait 6,9\u00a0milliards d\u2019euros en 2023, elle d\u00e9passera 7,3\u00a0milliards d\u2019euros en 2025 et devrait avoisiner 8\u00a0milliards d\u2019euros fin 2026\u2009\u00bb, note, dans un communiqu\u00e9, l\u2019opposition Gauche communiste, \u00e9cologiste et citoyenne.<\/p>\n<p class=\" wall-content\">Et il est vrai que le rapport de la Cour met en avant \u00ab\u2009<strong>une d\u00e9gradation de l\u2019\u00e9pargne brute<\/strong>\u2009\u00bb, avec une dette qui, en effet, augmente. \u00ab\u2009Sa capacit\u00e9 de d\u00e9sendettement qui est pass\u00e9e de 4,3 ann\u00e9es en 2019 \u00e0 6,5 ann\u00e9es en 2023\u2009\u00bb, pr\u00e9cise le rapport. Et de cibler des <strong>d\u00e9penses de fonctionnement<\/strong> qui augmentent plus vite que les recettes de fonctionnement.<\/p>\n<p class=\" wall-content\">Mais une importante critique des experts des finances publics se porte sur la communication de la R\u00e9gion. Les magistrats constatent que la communication de la collectivit\u00e9 peut-\u00eatre\u2026<strong> trompeuse<\/strong>. Et d\u2019afficher des possibilit\u00e9s de d\u00e9sendettement erron\u00e9es sur son site Internet. \u00ab\u2009Fin 2023, la capacit\u00e9 de d\u00e9sendettement de la r\u00e9gion \u00cele-de-France \u00e9tait de 6,5 ann\u00e9es contre 4,7 ann\u00e9es affich\u00e9es par la collectivit\u00e9.\u2009\u00bb \u00ab\u2009Dans son dialogue avec l\u2019\u00c9tat visant \u00e0 augmenter ses ressources fiscales, le calcul op\u00e9r\u00e9 par la r\u00e9gion de sa capacit\u00e9 d\u2019autofinancement n\u2019est pas \u00e0 son avantage\u2009: il minore ses besoins par rapport \u00e0 sa situation r\u00e9elle et celle de ses homologues\u2009\u00bb, glisse la Cour des comptes.<\/p>\n<p>Pour la gauche, la R\u00e9gion \u00ab\u2009s\u2019arrange avec la r\u00e9alit\u00e9\u2009\u00bb<\/p>\n<p class=\" wall-content\">Pour l\u2019opposition, c\u2019est simple, la R\u00e9gion <strong>\u00ab\u2009s\u2019arrange avec la r\u00e9alit\u00e9\u2009\u00bb<\/strong>. \u00ab\u2009L\u2019ex\u00e9cutif s\u2019arrange avec la r\u00e9alit\u00e9 en cr\u00e9ant des ratios \u00ab\u2009qui lui sont propres\u2009\u00bb permettant d\u2019affirmer, \u00e0 titre d\u2019exemple, d\u2019une capacit\u00e9 de <strong>d\u00e9sendettement inf\u00e9rieure \u00e0 la moyenne nationale<\/strong> alors que celle-ci est, selon la CRC, sup\u00e9rieure \u00e0 9,3\u2009% \u00e0 la moyenne nationale.\u2009\u00bb<\/p>\n<p class=\" wall-content\">Dans sa r\u00e9ponse, la R\u00e9gion assure que, dor\u00e9navant, \u00ab\u2009elle va s\u2019engager \u00e0 pr\u00e9ciser les modalit\u00e9s de calcul de la capacit\u00e9 de d\u00e9sendettement dans ses communications\u2009\u00bb. En clair, en pr\u00e9sentent des ratios de d\u00e9sendettement \u00e0 la baisse, la R\u00e9gion met des buts contre son camp\u2009: \u00ab\u2009fondamentalement,<strong> le calcul op\u00e9r\u00e9 par la r\u00e9gion n\u2019est pas \u00e0 son avantage<\/strong>\u2009: alors que la r\u00e9gion fait valoir un manque de ressources au regard de ses d\u00e9penses et par rapport \u00e0 ses homologues, la m\u00e9thode qu\u2019elle met en \u0153uvre minore ses besoins de ressources par rapport \u00e0 sa situation r\u00e9elle\u2009\u00bb, confirme la Cour.<\/p>\n<p>Votre r\u00e9gion, votre actu !<\/p>\n<p>Recevez chaque jour les infos qui comptent pour vous.<\/p>\n<p>\t<a href=\"https:\/\/actu.fr\/newsletter\" class=\"ac-btn ac-btn--corner ac-btn--medium ac-btn--blue800\" target=\"_blank\" rel=\"noopener\">S&rsquo;incrire<\/a><\/p>\n<p class=\" wall-content\">Une dette qui augmente, une communication \u00ab\u2009\u00e9trange\u2009\u00bb\u2026 Mais nous pouvons aussi citer une derni\u00e8re anomalie dans les finances de la R\u00e9gion\u2009: ses d\u00e9penses r\u00e9alis\u00e9es en dehors de ses comp\u00e9tences. Autrement dit, la collectivit\u00e9 finance des projets qui ne sont pas de son ressort. \u00ab\u2009La Cour constate que<strong> 20\u2009% des d\u00e9penses<\/strong> de la R\u00e9gion s\u2019effectuent hors comp\u00e9tence\u2009!\u2009\u00bb, s\u2019\u00e9trangle l\u2019opposition de gauche.<\/p>\n<p class=\" wall-content\">De son c\u00f4t\u00e9, <a href=\"https:\/\/actu.fr\/tag\/les-republicains-lr\" target=\"_blank\" rel=\"noopener\">Val\u00e9rie P\u00e9cresse<\/a> pr\u00e9f\u00e8re mettre en avant les efforts \u00ab\u2009de grande ampleur qui ont \u00e9t\u00e9 accomplis depuis 2015 pour ma\u00eetriser les d\u00e9penses de fonctionnement\u2009\u00bb et les \u00ab\u2009investissements indispensables\u2009\u00bb et dans \u00ab\u2009un volume in\u00e9dit\u2009\u00bb. Et d\u2019assurer, enfin, que le \u00ab\u2009rapport dessine \u00e9galement des<strong> axes d\u2019am\u00e9lioration<\/strong> qui viendront pour la plupart alimenter des d\u00e9marches d\u00e9j\u00e0 engag\u00e9es\u2009\u00bb.<\/p>\n<p class=\" wall-content\">Personnalisez votre actualit\u00e9 en ajoutant vos villes et m\u00e9dias en favori avec <a href=\"https:\/\/moncompte.actu.fr\" title=\"D\u00e9couvez Mon Actu\" rel=\"nofollow noopener\" data-trk=\"{&quot;cta&quot;:{&quot;action&quot;:&quot;https:\\\/\\\/moncompte.actu.fr&quot;,&quot;category&quot;:&quot;mon compte&quot;,&quot;from&quot;:&quot;article footer&quot;,&quot;name&quot;:&quot;Mon actu&quot;,&quot;type&quot;:&quot;cta&quot;}}\" target=\"_blank\">Mon Actu<\/a>.<\/p>\n","protected":false},"excerpt":{"rendered":"Par Thomas Rideau Publi\u00e9 le 18 nov. 2025 \u00e0 18h56 Un rapport de la Cour des comptes, qui&hellip;\n","protected":false},"author":2,"featured_media":542999,"comment_status":"","ping_status":"","sticky":false,"template":"","format":"standard","meta":{"footnotes":""},"categories":[1592],"tags":[1111,11,33,1777,674,1011,27,662,8335,12,626,25,2328],"class_list":{"0":"post-542998","1":"post","2":"type-post","3":"status-publish","4":"format-standard","5":"has-post-thumbnail","7":"category-ile-de-france","8":"tag-actu","9":"tag-actualites","10":"tag-economie","11":"tag-eu","12":"tag-europe","13":"tag-fr","14":"tag-france","15":"tag-ile-de-france","16":"tag-les-republicains-lr","17":"tag-news","18":"tag-paris","19":"tag-republique-francaise","20":"tag-valerie-pecresse"},"share_on_mastodon":{"url":"https:\/\/pubeurope.com\/@fr\/115572100610991652","error":""},"_links":{"self":[{"href":"https:\/\/www.europesays.com\/fr\/wp-json\/wp\/v2\/posts\/542998","targetHints":{"allow":["GET"]}}],"collection":[{"href":"https:\/\/www.europesays.com\/fr\/wp-json\/wp\/v2\/posts"}],"about":[{"href":"https:\/\/www.europesays.com\/fr\/wp-json\/wp\/v2\/types\/post"}],"author":[{"embeddable":true,"href":"https:\/\/www.europesays.com\/fr\/wp-json\/wp\/v2\/users\/2"}],"replies":[{"embeddable":true,"href":"https:\/\/www.europesays.com\/fr\/wp-json\/wp\/v2\/comments?post=542998"}],"version-history":[{"count":0,"href":"https:\/\/www.europesays.com\/fr\/wp-json\/wp\/v2\/posts\/542998\/revisions"}],"wp:featuredmedia":[{"embeddable":true,"href":"https:\/\/www.europesays.com\/fr\/wp-json\/wp\/v2\/media\/542999"}],"wp:attachment":[{"href":"https:\/\/www.europesays.com\/fr\/wp-json\/wp\/v2\/media?parent=542998"}],"wp:term":[{"taxonomy":"category","embeddable":true,"href":"https:\/\/www.europesays.com\/fr\/wp-json\/wp\/v2\/categories?post=542998"},{"taxonomy":"post_tag","embeddable":true,"href":"https:\/\/www.europesays.com\/fr\/wp-json\/wp\/v2\/tags?post=542998"}],"curies":[{"name":"wp","href":"https:\/\/api.w.org\/{rel}","templated":true}]}}