{"id":5430,"date":"2025-04-06T13:56:07","date_gmt":"2025-04-06T13:56:07","guid":{"rendered":"https:\/\/www.europesays.com\/fr\/5430\/"},"modified":"2025-04-06T13:56:07","modified_gmt":"2025-04-06T13:56:07","slug":"il-y-a-une-resistance-toujours-plus-forte-a-trump-rassembles-a-nice-des-americains-se-dressent-contre-leur-president","status":"publish","type":"post","link":"https:\/\/www.europesays.com\/fr\/5430\/","title":{"rendered":"\u00ab\u00a0Il y a une r\u00e9sistance toujours plus forte \u00e0 Trump\u00a0\u00bb: rassembl\u00e9s \u00e0 Nice, des Am\u00e9ricains se dressent contre leur pr\u00e9sident"},"content":{"rendered":"<p>\u00ab\u00a0Hands off!\u00a0\u00bb Pas touche !, enjoignent les manifestants, \u00e0 Nice comme \u00e0 Toulouse, Lyon, Paris et bien s\u00fbr Washington. Ce samedi apr\u00e8s-midi, ils sont une petite centaine \u00e0 se dresser contre Donald Trump et sa politique, devant la r\u00e9plique de la statue de la libert\u00e9 sur le quai des \u00c9tats-Unis, \u00e0 l\u2019appel des Democrats abroad.<\/p>\n<p>\u00ab\u00a0Hands off\u00a0\u00bb: cette injonction vise autant Elon Musk que le pr\u00e9sident am\u00e9ricain. Elle recouvre des th\u00e9matiques aussi vari\u00e9es que les droits de douanes et les droits humains, les donn\u00e9es personnelles ou l\u2019ind\u00e9pendance des Canadiens.<\/p>\n<p>\u00ab\u00a0Notre d\u00e9mocratie est menac\u00e9e, s\u2019inqui\u00e8tent Paul et Gayle, \u00e9tablis \u00e0 Lorgues. Nous voulons d\u00e9fendre la libert\u00e9 et le partenariat avec la France. Ces droits de douane sont terribles, pas n\u00e9cessaires et embarrassants. C\u2019est un chaos auto-inflig\u00e9! Nous ne devrions pas traiter nos amis de cette mani\u00e8re.\u00a0\u00bb<\/p>\n<p>Doc, barbe blanche, voit en Donald Trump \u00ab\u00a0un f\u00e9lon condamn\u00e9. Il met \u00e0 l\u2019\u00e9preuve notre Constitution. Il veut servir d\u2019autres int\u00e9r\u00eats, quitte \u00e0 la violer!\u00a0\u00bb<\/p>\n<p>Premi\u00e8re victime \u00e0 ses yeux? L\u2019Ukraine.<\/p>\n<p> \u00ab\u00a0Il devrait s\u2019y int\u00e9resser plut\u00f4t que de se focaliser sur le Canada.\u00a0\u00bb Pour Catherine, 56 ans, et St\u00e9phanie, 47 ans, deux Am\u00e9ricaines install\u00e9es \u00e0 Nice, \u00ab\u00a0le chaos continue. Chaque jour, on croit que \u00e7a ne peut pas \u00eatre pire&#8230; Et en fait, c\u2019est pire! Il est temps de s\u2019exprimer, de changer de direction.\u00a0\u00bb<\/p>\n<p>C\u2019est le sens de ce mouvement \u00ab\u00a0Hands off\u00a0\u00bb. Exprimer \u00ab\u00a0un sentiment de honte et de col\u00e8re\u00a0\u00bb, r\u00e9sume Ruth Ann Lake, l\u2019une des organisatrices. \u00ab\u00a0Faire comprendre aux gens qu\u2019on n\u2019est pas d\u2019accord avec Trump, qu\u2019il y a une r\u00e9sistance toujours plus forte\u00a0\u00bb. Gayle, Varoise d\u2019adoption, invite \u00e0 s\u2019inspirer des Fran\u00e7ais, \u00ab\u00a0tr\u00e8s bons pour manifester. Aujourd\u2019hui, je me sens tr\u00e8s fran\u00e7aise!\u00a0\u00bb<\/p>\n","protected":false},"excerpt":{"rendered":"\u00ab\u00a0Hands off!\u00a0\u00bb Pas touche !, enjoignent les manifestants, \u00e0 Nice comme \u00e0 Toulouse, Lyon, Paris et bien s\u00fbr&hellip;\n","protected":false},"author":2,"featured_media":5431,"comment_status":"","ping_status":"","sticky":false,"template":"","format":"standard","meta":{"footnotes":""},"categories":[2819],"tags":[1111,11,1777,674,1011,27,802,12,2401,316,882,25,801],"class_list":{"0":"post-5430","1":"post","2":"type-post","3":"status-publish","4":"format-standard","5":"has-post-thumbnail","7":"category-nice","8":"tag-actu","9":"tag-actualites","10":"tag-eu","11":"tag-europe","12":"tag-fr","13":"tag-france","14":"tag-greves-et-mouvements-sociaux","15":"tag-news","16":"tag-nice","17":"tag-politique","18":"tag-provence-alpes-cote-dazur","19":"tag-republique-francaise","20":"tag-social"},"share_on_mastodon":{"url":"https:\/\/pubeurope.com\/@fr\/114291368499456507","error":""},"_links":{"self":[{"href":"https:\/\/www.europesays.com\/fr\/wp-json\/wp\/v2\/posts\/5430","targetHints":{"allow":["GET"]}}],"collection":[{"href":"https:\/\/www.europesays.com\/fr\/wp-json\/wp\/v2\/posts"}],"about":[{"href":"https:\/\/www.europesays.com\/fr\/wp-json\/wp\/v2\/types\/post"}],"author":[{"embeddable":true,"href":"https:\/\/www.europesays.com\/fr\/wp-json\/wp\/v2\/users\/2"}],"replies":[{"embeddable":true,"href":"https:\/\/www.europesays.com\/fr\/wp-json\/wp\/v2\/comments?post=5430"}],"version-history":[{"count":0,"href":"https:\/\/www.europesays.com\/fr\/wp-json\/wp\/v2\/posts\/5430\/revisions"}],"wp:featuredmedia":[{"embeddable":true,"href":"https:\/\/www.europesays.com\/fr\/wp-json\/wp\/v2\/media\/5431"}],"wp:attachment":[{"href":"https:\/\/www.europesays.com\/fr\/wp-json\/wp\/v2\/media?parent=5430"}],"wp:term":[{"taxonomy":"category","embeddable":true,"href":"https:\/\/www.europesays.com\/fr\/wp-json\/wp\/v2\/categories?post=5430"},{"taxonomy":"post_tag","embeddable":true,"href":"https:\/\/www.europesays.com\/fr\/wp-json\/wp\/v2\/tags?post=5430"}],"curies":[{"name":"wp","href":"https:\/\/api.w.org\/{rel}","templated":true}]}}