{"id":543000,"date":"2025-11-18T18:24:11","date_gmt":"2025-11-18T18:24:11","guid":{"rendered":"https:\/\/www.europesays.com\/fr\/543000\/"},"modified":"2025-11-18T18:24:11","modified_gmt":"2025-11-18T18:24:11","slug":"apres-la-prostate-geante-un-sterilet-installe-place-de-la-republique-a-paris","status":"publish","type":"post","link":"https:\/\/www.europesays.com\/fr\/543000\/","title":{"rendered":"apr\u00e8s la prostate g\u00e9ante, un st\u00e9rilet install\u00e9 place de la R\u00e9publique \u00e0 Paris"},"content":{"rendered":"<p>                    Par<br \/>\n        <strong><br \/>\n            <a href=\"https:\/\/actu.fr\/auteur\/redaction-paris\" title=\"Consulter tous les articles de R\u00e9daction Paris\" target=\"_blank\" rel=\"noopener\">R\u00e9daction Paris<\/a><br \/>\n                    <\/strong><\/p>\n<p>        Publi\u00e9 le<\/p>\n<p>            18 nov. 2025 \u00e0 19h19        <\/p>\n<p>Il n\u2019est pas rest\u00e9 longtemps, mais aura marqu\u00e9 l\u2019esprit de ceux qui l\u2019ont aper\u00e7u. Ce mardi 18\u00a0novembre 2025, <strong>un st\u00e9rilet de six m\u00e8tres de haut<\/strong> a \u00e9t\u00e9 bri\u00e8vement \u00e9rig\u00e9 <a href=\"https:\/\/actu.fr\/tag\/republique\" target=\"_blank\" rel=\"noopener\">place de la R\u00e9publique<\/a> \u00e0 Paris par des associations f\u00e9ministes. Elles souhaitent notamment alerter sur le sort des contraceptifs am\u00e9ricains bloqu\u00e9s en Belgique, au c\u0153ur d\u2019un bras de fer entre Bruxelles et la Maison Blanche.<\/p>\n<p>\u00ab\u2009Bonjour je suis Freeda, je suis un st\u00e9rilet\u2009\u00bb<\/p>\n<p class=\" wall-content\">L\u2019installation pour quelques heures de ce monument s\u2019inscrit dans le cadre d\u2019une tourn\u00e9e europ\u00e9enne, <strong>\u00ab\u2009Freeda Womb\u2009\u00bb<\/strong>, visant \u00e0 mettre l\u2019accent sur les menaces pesant sur les droits et la sant\u00e9 sexuels et reproductifs dans le monde.<\/p>\n<p class=\" wall-content\">\u00ab\u2009Bonjour, je suis Freeda, je suis un st\u00e9rilet. Je suis un moyen de contraception s\u00fbr et efficace\u2009\u00bb, pouvait-on lire sur une pancarte. \u00ab\u2009D\u00e9fendre les <strong>droits et la sant\u00e9 sexuels<\/strong> et reproductifs, c\u2019est une question de droits humains et de d\u00e9mocratie\u2009\u00bb, a d\u00e9clar\u00e9 Clara Dereudre, charg\u00e9e de plaidoyer au sein de l\u2019association f\u00e9ministe Equipop.<\/p>\n<p class=\" wall-content\">Signe de la menace qui p\u00e8se sur ces droits\u2009: la d\u00e9cision de l\u2019administration am\u00e9ricaine de <strong>d\u00e9truire des contraceptifs<\/strong> am\u00e9ricains stock\u00e9s en Belgique, a soulign\u00e9 \u00e0 ses c\u00f4t\u00e9s Chris Fleming, cofondateur d\u2019Americans for contraception.<\/p>\n<p class=\" wall-content\">Ces contraceptifs avaient initialement \u00e9t\u00e9 achet\u00e9s par l\u2019USAID, l\u2019agence am\u00e9ricaine pour le d\u00e9veloppement international, sous le mandat de l\u2019ancien pr\u00e9sident <a href=\"https:\/\/actu.fr\/tag\/joe-biden\" target=\"_blank\" rel=\"noopener\">Joe Biden<\/a> pour \u00eatre distribu\u00e9s aux femmes dans certains des <strong>pays les plus pauvres du monde<\/strong>, en particulier en Afrique subsaharienne. Mais le gouvernement de Trump a indiqu\u00e9 en juillet vouloir les d\u00e9truire, suscitant un toll\u00e9 parmi les ONG et les associations f\u00e9ministes, notamment en France.<\/p>\n<p>\u00ab\u2009Une situation catastrophique pour les milliers de femmes\u2009\u00bb<\/p>\n<p class=\" wall-content\">Mi-novembre, les autorit\u00e9s belges ont fait savoir que 20 des 24 camions charg\u00e9s de pilules et autres moyens de contraception, avaient \u00e9t\u00e9 entrepos\u00e9s dans des b\u00e2timents inadapt\u00e9s et \u00e9taient d\u00e9sormais <strong>inutilisables<\/strong>. \u00ab\u2009Aujourd\u2019hui, on est dans une situation catastrophique pour les milliers de femmes et de filles qui devaient recevoir ces contraceptifs\u2009\u00bb, a d\u00e9nonc\u00e9 aupr\u00e8s de l\u2019AFPTV la pr\u00e9sidente du Planning familial Sarah Durocher, d\u00e9plorant un \u00ab\u2009silence fort et impressionnant de la France\u2009\u00bb.<\/p>\n<p class=\" wall-content\">\u00ab\u2009\u00c7a rend un peu finalement la France <strong>complice de la politique de Trump<\/strong> [\u2026] alors que la parole de la France est tellement attendue \u00e0 l\u2019international, il y a une esp\u00e8ce d\u2019incompr\u00e9hension\u2009\u00bb, a-t-elle ajout\u00e9.\u00a0Pour la pr\u00e9sidente du Planning familial, \u00ab\u2009il y a une mobilisation encore \u00e0 faire (\u2026.) pour essayer de sauver\u2009\u00bb les \u00ab\u2009quatre cargaisons qui restent\u2009\u00bb.<\/p>\n<p>Votre r\u00e9gion, votre actu !<\/p>\n<p>Recevez chaque jour les infos qui comptent pour vous.<\/p>\n<p>\t<a href=\"https:\/\/actu.fr\/newsletter\" class=\"ac-btn ac-btn--corner ac-btn--medium ac-btn--blue800\" target=\"_blank\" rel=\"noopener\">S&rsquo;incrire<\/a><\/p>\n<p class=\" wall-content\">Avec AFP.<\/p>\n<p class=\" wall-content\">Personnalisez votre actualit\u00e9 en ajoutant vos villes et m\u00e9dias en favori avec <a href=\"https:\/\/moncompte.actu.fr\" title=\"D\u00e9couvez Mon Actu\" rel=\"nofollow noopener\" data-trk=\"{&quot;cta&quot;:{&quot;action&quot;:&quot;https:\\\/\\\/moncompte.actu.fr&quot;,&quot;category&quot;:&quot;mon compte&quot;,&quot;from&quot;:&quot;article footer&quot;,&quot;name&quot;:&quot;Mon actu&quot;,&quot;type&quot;:&quot;cta&quot;}}\" target=\"_blank\">Mon Actu<\/a>.<\/p>\n","protected":false},"excerpt":{"rendered":"Par R\u00e9daction Paris Publi\u00e9 le 18 nov. 2025 \u00e0 19h19 Il n\u2019est pas rest\u00e9 longtemps, mais aura marqu\u00e9&hellip;\n","protected":false},"author":2,"featured_media":543001,"comment_status":"","ping_status":"","sticky":false,"template":"","format":"standard","meta":{"footnotes":""},"categories":[1888],"tags":[1111,1928,11,1927,75,6121,1777,674,1011,27,12,1926,626,1925,25,71,104],"class_list":{"0":"post-543000","1":"post","2":"type-post","3":"status-publish","4":"format-standard","5":"has-post-thumbnail","7":"category-paris","8":"tag-actu","9":"tag-actu-paris","10":"tag-actualites","11":"tag-actualites-paris","12":"tag-donald-trump","13":"tag-droits-des-femmes","14":"tag-eu","15":"tag-europe","16":"tag-fr","17":"tag-france","18":"tag-news","19":"tag-news-paris","20":"tag-paris","21":"tag-paris-news","22":"tag-republique-francaise","23":"tag-sante","24":"tag-societe"},"share_on_mastodon":{"url":"https:\/\/pubeurope.com\/@fr\/115572104684822563","error":""},"_links":{"self":[{"href":"https:\/\/www.europesays.com\/fr\/wp-json\/wp\/v2\/posts\/543000","targetHints":{"allow":["GET"]}}],"collection":[{"href":"https:\/\/www.europesays.com\/fr\/wp-json\/wp\/v2\/posts"}],"about":[{"href":"https:\/\/www.europesays.com\/fr\/wp-json\/wp\/v2\/types\/post"}],"author":[{"embeddable":true,"href":"https:\/\/www.europesays.com\/fr\/wp-json\/wp\/v2\/users\/2"}],"replies":[{"embeddable":true,"href":"https:\/\/www.europesays.com\/fr\/wp-json\/wp\/v2\/comments?post=543000"}],"version-history":[{"count":0,"href":"https:\/\/www.europesays.com\/fr\/wp-json\/wp\/v2\/posts\/543000\/revisions"}],"wp:featuredmedia":[{"embeddable":true,"href":"https:\/\/www.europesays.com\/fr\/wp-json\/wp\/v2\/media\/543001"}],"wp:attachment":[{"href":"https:\/\/www.europesays.com\/fr\/wp-json\/wp\/v2\/media?parent=543000"}],"wp:term":[{"taxonomy":"category","embeddable":true,"href":"https:\/\/www.europesays.com\/fr\/wp-json\/wp\/v2\/categories?post=543000"},{"taxonomy":"post_tag","embeddable":true,"href":"https:\/\/www.europesays.com\/fr\/wp-json\/wp\/v2\/tags?post=543000"}],"curies":[{"name":"wp","href":"https:\/\/api.w.org\/{rel}","templated":true}]}}