{"id":543004,"date":"2025-11-18T18:26:19","date_gmt":"2025-11-18T18:26:19","guid":{"rendered":"https:\/\/www.europesays.com\/fr\/543004\/"},"modified":"2025-11-18T18:26:19","modified_gmt":"2025-11-18T18:26:19","slug":"que-des-produits-tres-simples-les-secrets-de-la-meilleure-tarte-aux-pommes-dile-de-france","status":"publish","type":"post","link":"https:\/\/www.europesays.com\/fr\/543004\/","title":{"rendered":"\u00ab\u00a0Que des produits tr\u00e8s simples\u00a0\u00bb\u00a0: les secrets de la meilleure tarte aux pommes d\u2019\u00cele-de-France"},"content":{"rendered":"<p class=\"paragraph text_align_left lp-f-body-02\">\u00ab Je viens pour la tarte aux pommes ! \u00bb Arriv\u00e9 peu apr\u00e8s 16 heures, ce client de la boulangerie Paris&amp;Co repart d\u00e9\u00e7u. \u00ab On a tout vendu, il faudra revenir demain \u00bb, sourit Youssef Afantrous, l\u2019air d\u00e9sol\u00e9. Le patron vient \u00e0 peine d\u2019apposer sur sa vitrine le macaron de sa derni\u00e8re r\u00e9compense. Celle de la meilleure tarte aux pommes d\u2019\u00cele-de-France, d\u00e9cern\u00e9e par le syndicat des boulangers du Grand Paris.<\/p>\n<p class=\"paragraph text_align_left lp-f-body-02\">Son deuxi\u00e8me titre apr\u00e8s celui du <a href=\"https:\/\/www.leparisien.fr\/bien-manger\/quel-est-le-meilleur-flan-de-paris-on-a-departage-la-creme-de-la-creme-avec-le-chef-etoile-matthias-marc-11-05-2024-VEY755KHJJBQDFFVWGJGBVB6WU.php\" target=\"_self\" rel=\"nofollow noopener\">meilleur flan<\/a> francilien obtenu en 2021. Et une grande fiert\u00e9 pour l\u2019enfant d\u2019Ivry-sur-Seine (Val-de-Marne) qui a d\u00e9couvert la boulangerie lors d\u2019un stage \u00e0 16 ans.<\/p>\n<p>\u00ab Le go\u00fbt de la cuisine de nos grands-m\u00e8res \u00bb<\/p>\n<p class=\"paragraph text_align_left lp-f-body-02\">Install\u00e9 dans son labo o\u00f9 travaillent huit personnes, le boulanger d\u00e9voile les ingr\u00e9dients de sa tarte dont le secret r\u00e9side dans la cuisson\u2026 de la p\u00e2te ! \u00ab C\u2019est une simple p\u00e2te feuillet\u00e9e que je cuis une premi\u00e8re fois seule, explique Youssef Afantrous. J\u2019y ajoute ensuite les pommes d\u00e9coup\u00e9es finement. Je travaille uniquement des Golden. \u00bb<\/p>\n<p class=\"paragraph text_align_left lp-f-body-02\">De fa\u00e7on g\u00e9n\u00e9reuse. Cinq fruits garnissent ainsi la version pour quatre personnes. Elles sont ensuite enduites d\u2019un peu de beurre et parsem\u00e9es de cassonade avant la cuisson finale. \u00ab Il n\u2019y a rien d\u2019autre, ce ne sont que des produits tr\u00e8s simples. Mais c\u2019est hyper r\u00e9gressif car cela a le go\u00fbt de la cuisine de nos grands-m\u00e8res. \u00bb<\/p>\n<p><img decoding=\"async\" class=\"image \" loading=\"lazy\" src=\"https:\/\/www.europesays.com\/fr\/wp-content\/uploads\/2025\/11\/NROPTVDQZVFHVOAP7Y6YI2YYUI.jpg\" alt=\"Paris (XVe), lundi 17 novembre. Une fois cuite, la tarte de Youssef Afantrous offre un d\u00e9licieux m\u00e9lange entre le croustillant de la p\u00e2te et l'onctuosit\u00e9 du fruit. LP\/Bertrand M\u00e9tayer\" align=\"\" data-rubrique-principale=\"\" data-article-type=\"\" fetchpriority=\"auto\"\/>Paris (XVe), lundi 17 novembre. Une fois cuite, la tarte de Youssef Afantrous offre un d\u00e9licieux m\u00e9lange entre le croustillant de la p\u00e2te et l&rsquo;onctuosit\u00e9 du fruit. LP\/Bertrand M\u00e9tayer<\/p>\n<p class=\"paragraph text_align_left lp-f-body-02\">Le r\u00e9sultat est un subtil m\u00e9lange entre le croustillant de la p\u00e2te et la douceur et l\u2019onctuosit\u00e9 du fruit avec une d\u00e9licieuse note caram\u00e9lis\u00e9e. Un plaisir simple \u00e0 d\u00e9guster rue de la Ga\u00eet\u00e9 (<a href=\"https:\/\/www.leparisien.fr\/paris-75\/paris-75014\/\" target=\"_self\" rel=\"nofollow noopener\">XIVe arrondissement<\/a>) ou rue de la Convention (<a href=\"https:\/\/www.leparisien.fr\/paris-75\/paris-75015\/\" target=\"_self\" rel=\"nofollow noopener\">XVe arrondissement<\/a>) o\u00f9 il propose \u00e9galement chaque jour un brunch dans la salle \u00e0 c\u00f4t\u00e9 de la boulangerie. Le week-end est particuli\u00e8rement consacr\u00e9 aux douceurs sucr\u00e9es. Chaque dimanche, son bar \u00e0 flans est ainsi constitu\u00e9 d\u2019une vingtaine de vari\u00e9t\u00e9s qui tr\u00f4nent \u00e0 c\u00f4t\u00e9 d\u2019une dizaine de d\u00e9clinaisons de cheesecake ou de chouquettes.<\/p>\n<p class=\"paragraph text_align_left lp-f-body-02\">\u00ab Aujourd\u2019hui, les boulangeries sont des commerces o\u00f9 l\u2019on peut manger \u00e0 toute heure de la journ\u00e9e, du petit-d\u00e9jeuner au soir, glisse l\u2019homme de 41 ans. Le m\u00e9tier a beaucoup \u00e9volu\u00e9 et il faut \u00eatre capable de proposer une offre tr\u00e8s large. Surtout que le niveau est d\u00e9sormais tr\u00e8s \u00e9lev\u00e9 \u00e0 Paris. \u00bb<\/p>\n<p>Une centaine de tartes vendues chaque jour<\/p>\n<p class=\"paragraph text_align_left lp-f-body-02\">Si apr\u00e8s le Covid, Youssef Afantrous n\u2019a conserv\u00e9 que deux de ses cinq magasins, c\u2019est notamment pour conserver le temps de participer \u00e0 ces concours professionnels, avec des places d\u2019honneur aux <a href=\"https:\/\/www.leparisien.fr\/paris-75\/paris-qui-mieux-que-la-parisienne-pour-remporter-le-prix-de-meilleure-baguette-de-la-capitale-27-03-2025-O76C3IB6IZEDJHKFOY4BA2HNLU.php\" target=\"_self\" rel=\"nofollow noopener\">concours de la baguette<\/a> ou de l\u2019\u00e9clair. Et un effet certain sur la client\u00e8le.<\/p>\n<p class=\"paragraph text_align_left lp-f-body-02\">\u00ab On vendait une dizaine de tartes aux pommes chaque jour et depuis ce titre, on tourne \u00e0 une centaine, se r\u00e9jouit celui qui emploie une quarantaine de personnes. Il y a une grande concurrence donc il faut sans cesse se mettre au niveau. Il y a un effet de mode autour de la p\u00e2tisserie qui est de plus en plus technique. Gagner ce concours permet aussi de cr\u00e9er une dynamique. C\u2019est une vraie reconnaissance. Nos clients fid\u00e8les nous font confiance et se laissent tenter par les nouveaut\u00e9s. Mais les gens sont capables de venir de tr\u00e8s loin pour go\u00fbter un g\u00e2teau dont ils ont entendu parler sur les r\u00e9seaux sociaux. Il ne faut pas les d\u00e9cevoir. \u00bb<\/p>\n","protected":false},"excerpt":{"rendered":"\u00ab Je viens pour la tarte aux pommes ! \u00bb Arriv\u00e9 peu apr\u00e8s 16 heures, ce client de&hellip;\n","protected":false},"author":2,"featured_media":543005,"comment_status":"","ping_status":"","sticky":false,"template":"","format":"standard","meta":{"footnotes":""},"categories":[1888],"tags":[11,3013,1777,674,1011,27,1944,12,626,66116,25],"class_list":{"0":"post-543004","1":"post","2":"type-post","3":"status-publish","4":"format-standard","5":"has-post-thumbnail","7":"category-paris","8":"tag-actualites","9":"tag-bien-manger","10":"tag-eu","11":"tag-europe","12":"tag-fr","13":"tag-france","14":"tag-ma-ville","15":"tag-news","16":"tag-paris","17":"tag-paris-75015","18":"tag-republique-francaise"},"share_on_mastodon":{"url":"https:\/\/pubeurope.com\/@fr\/115572112478845171","error":""},"_links":{"self":[{"href":"https:\/\/www.europesays.com\/fr\/wp-json\/wp\/v2\/posts\/543004","targetHints":{"allow":["GET"]}}],"collection":[{"href":"https:\/\/www.europesays.com\/fr\/wp-json\/wp\/v2\/posts"}],"about":[{"href":"https:\/\/www.europesays.com\/fr\/wp-json\/wp\/v2\/types\/post"}],"author":[{"embeddable":true,"href":"https:\/\/www.europesays.com\/fr\/wp-json\/wp\/v2\/users\/2"}],"replies":[{"embeddable":true,"href":"https:\/\/www.europesays.com\/fr\/wp-json\/wp\/v2\/comments?post=543004"}],"version-history":[{"count":0,"href":"https:\/\/www.europesays.com\/fr\/wp-json\/wp\/v2\/posts\/543004\/revisions"}],"wp:featuredmedia":[{"embeddable":true,"href":"https:\/\/www.europesays.com\/fr\/wp-json\/wp\/v2\/media\/543005"}],"wp:attachment":[{"href":"https:\/\/www.europesays.com\/fr\/wp-json\/wp\/v2\/media?parent=543004"}],"wp:term":[{"taxonomy":"category","embeddable":true,"href":"https:\/\/www.europesays.com\/fr\/wp-json\/wp\/v2\/categories?post=543004"},{"taxonomy":"post_tag","embeddable":true,"href":"https:\/\/www.europesays.com\/fr\/wp-json\/wp\/v2\/tags?post=543004"}],"curies":[{"name":"wp","href":"https:\/\/api.w.org\/{rel}","templated":true}]}}