{"id":543006,"date":"2025-11-18T18:27:13","date_gmt":"2025-11-18T18:27:13","guid":{"rendered":"https:\/\/www.europesays.com\/fr\/543006\/"},"modified":"2025-11-18T18:27:13","modified_gmt":"2025-11-18T18:27:13","slug":"le-point-sur-les-procedures-pour-violences-sexuelles-dans-les-ecoles-liberation","status":"publish","type":"post","link":"https:\/\/www.europesays.com\/fr\/543006\/","title":{"rendered":"le point sur les proc\u00e9dures pour violences sexuelles dans les \u00e9coles \u2013 Lib\u00e9ration"},"content":{"rendered":"<p class=\"sc-cPiKLX AiZTS text-element\">Une s\u00e9rie noire dans les \u00e9coles maternelles parisiennes. Depuis plusieurs mois, les proc\u00e9dures judiciaires pour soup\u00e7ons de faits \u00e0 caract\u00e8re sexuel \u00e0 l\u2019encontre d\u2019animateurs du p\u00e9riscolaire et d\u2019enseignants des \u00e9coles de la capitale se multiplient. <a href=\"https:\/\/www.liberation.fr\/societe\/education\/a-paris-un-nouvel-animateur-en-maternelle-vise-par-une-plainte-pour-viol-aggrave-20251118_BBRJEK23LFFFJP7WMRYU5WBH4A\/\" target=\"_blank\" rel=\"noreferrer noopener\" title=\"https:\/\/www.liberation.fr\/societe\/education\/a-paris-un-nouvel-animateur-en-maternelle-vise-par-une-plainte-pour-viol-aggrave-20251118_BBRJEK23LFFFJP7WMRYU5WBH4A\/\">Nouvelle illustration ce mardi 18 novembre<\/a> : la m\u00e8re d\u2019un petit gar\u00e7on de 4 ans a d\u00e9pos\u00e9 plainte pour \u00abviol aggrav\u00e9\u00bb, avec constitution de partie civile, contre un animateur de la ville de Paris. Ce dernier travaillait au sein de l\u2019\u00e9cole maternelle Parmentier, situ\u00e9e dans le XIe arrondissement de la capitale.<\/p>\n<p class=\"sc-cPiKLX AiZTS text-element\">Il s\u2019agit de la deuxi\u00e8me plainte pour des <a href=\"https:\/\/www.liberation.fr\/societe\/education\/a-paris-un-animateur-en-maternelle-vise-par-une-plainte-pour-viol-aggrave-20251113_O6ZQDW2WNZEIJDYAN5QASH6I5E\/?redirected=1\" target=\"_blank\" rel=\"noopener\" title=\"https:\/\/www.liberation.fr\/societe\/education\/a-paris-un-animateur-en-maternelle-vise-par-une-plainte-pour-viol-aggrave-20251113_O6ZQDW2WNZEIJDYAN5QASH6I5E\/?redirected=1\">faits similaires en quelques jours<\/a>, apr\u00e8s celle d\u2019une m\u00e8re d\u2019une enfant de 4 ans mettant en cause un autre animateur de la ville d<\/p>\n","protected":false},"excerpt":{"rendered":"Une s\u00e9rie noire dans les \u00e9coles maternelles parisiennes. Depuis plusieurs mois, les proc\u00e9dures judiciaires pour soup\u00e7ons de faits&hellip;\n","protected":false},"author":2,"featured_media":543007,"comment_status":"","ping_status":"","sticky":false,"template":"","format":"standard","meta":{"footnotes":""},"categories":[1888],"tags":[11,1777,674,118,1011,27,24934,12,626,25,799],"class_list":{"0":"post-543006","1":"post","2":"type-post","3":"status-publish","4":"format-standard","5":"has-post-thumbnail","7":"category-paris","8":"tag-actualites","9":"tag-eu","10":"tag-europe","11":"tag-faits-divers","12":"tag-fr","13":"tag-france","14":"tag-maltraitance-infantile","15":"tag-news","16":"tag-paris","17":"tag-republique-francaise","18":"tag-violences-sexuelles"},"share_on_mastodon":{"url":"https:\/\/pubeurope.com\/@fr\/115572116322385347","error":""},"_links":{"self":[{"href":"https:\/\/www.europesays.com\/fr\/wp-json\/wp\/v2\/posts\/543006","targetHints":{"allow":["GET"]}}],"collection":[{"href":"https:\/\/www.europesays.com\/fr\/wp-json\/wp\/v2\/posts"}],"about":[{"href":"https:\/\/www.europesays.com\/fr\/wp-json\/wp\/v2\/types\/post"}],"author":[{"embeddable":true,"href":"https:\/\/www.europesays.com\/fr\/wp-json\/wp\/v2\/users\/2"}],"replies":[{"embeddable":true,"href":"https:\/\/www.europesays.com\/fr\/wp-json\/wp\/v2\/comments?post=543006"}],"version-history":[{"count":0,"href":"https:\/\/www.europesays.com\/fr\/wp-json\/wp\/v2\/posts\/543006\/revisions"}],"wp:featuredmedia":[{"embeddable":true,"href":"https:\/\/www.europesays.com\/fr\/wp-json\/wp\/v2\/media\/543007"}],"wp:attachment":[{"href":"https:\/\/www.europesays.com\/fr\/wp-json\/wp\/v2\/media?parent=543006"}],"wp:term":[{"taxonomy":"category","embeddable":true,"href":"https:\/\/www.europesays.com\/fr\/wp-json\/wp\/v2\/categories?post=543006"},{"taxonomy":"post_tag","embeddable":true,"href":"https:\/\/www.europesays.com\/fr\/wp-json\/wp\/v2\/tags?post=543006"}],"curies":[{"name":"wp","href":"https:\/\/api.w.org\/{rel}","templated":true}]}}