{"id":543008,"date":"2025-11-18T18:28:12","date_gmt":"2025-11-18T18:28:12","guid":{"rendered":"https:\/\/www.europesays.com\/fr\/543008\/"},"modified":"2025-11-18T18:28:12","modified_gmt":"2025-11-18T18:28:12","slug":"une-fuite-de-gaz-provoque-une-violente-explosion-dun-gazoduc","status":"publish","type":"post","link":"https:\/\/www.europesays.com\/fr\/543008\/","title":{"rendered":"une fuite de gaz provoque une violente explosion d\u2019un gazoduc"},"content":{"rendered":"<p>\n    Un accident a eu lieu sur une section souterraine d\u2019un gazoduc dans la r\u00e9gion d\u2019Omsk, en Russie, a d\u00e9clar\u00e9 le 18 novembre le gouverneur r\u00e9gional, Vitaly Khotsenko.<\/p>\n<p class=\"fig-paragraph\"><a href=\"http:\/\/www.lefigaro.fr\/international\/sabotage-du-gazoduc-nord-stream-une-cour-d-appel-italienne-valide-l-extradition-d-un-suspect-ukrainien-20251027\" data-fig-type=\"NewsFlash\" data-gtm-custom-categorie=\"navigation\" data-gtm-custom-action=\"crossclick\" data-gtm-custom-label=\"Contextuel\" data-gtm-event=\"customEventSPE\" data-fig-domain=\"LEFIGARO\" rel=\"nofollow noopener\" target=\"_blank\">Un accident a eu lieu sur une section souterraine d\u2019un gazoduc<\/a>\u00a0dans la r\u00e9gion d\u2019Omsk, en Russie, a d\u00e9clar\u00e9 mardi le gouverneur r\u00e9gional, Vitaly Khotsenko. Les services d\u2019urgence ont \u00e9t\u00e9 d\u00e9p\u00each\u00e9s sur place, a indiqu\u00e9 Khotsenko sur Telegram. \u00abIl n\u2019y a aucun danger pour les habitants du district d\u2019Omsk ni pour les autres localit\u00e9s de notre r\u00e9gion\u00bb, a-t-il affirm\u00e9.<\/p>\n<p class=\"fig-paragraph\">L\u2019agence de presse russe TASS, citant les services de s\u00e9curit\u00e9 de la r\u00e9gion d\u2019Omsk, a indiqu\u00e9 qu\u2019un incendie s\u2019\u00e9tait d\u00e9clar\u00e9 sur un gazoduc pr\u00e8s du village de Rostovka lors de travaux de r\u00e9paration. \u00abL\u2019incendie est ma\u00eetris\u00e9\u00bb, a d\u00e9clar\u00e9 le FSB, cit\u00e9 par l\u2019agence TASS. \u00abIl n\u2019y a pas de victimes. Les circonstances et les causes de l\u2019incident font l\u2019objet d\u2019une enqu\u00eate\u00bb.<\/p>\n<p>                                    <a class=\"fig-a11y-skip a11y-hidden\" href=\"#fig-a11y-skip-main-inarticle\"><br \/>\n        Passer la publicit\u00e9<br \/>\n    <\/a><\/p>\n<p class=\"fig-paragraph\">Khotsenko a indiqu\u00e9 que\u00a0<a href=\"http:\/\/www.lefigaro.fr\/conjoncture\/l-ue-s-accorde-pour-renforcer-ses-sanctions-sur-le-petrole-et-le-gaz-russes-20251022\" data-fig-type=\"NewsFlash\" data-gtm-custom-categorie=\"navigation\" data-gtm-custom-action=\"crossclick\" data-gtm-custom-label=\"Contextuel\" data-gtm-event=\"customEventSPE\" data-fig-domain=\"LEFIGARO\" rel=\"nofollow noopener\" target=\"_blank\">plusieurs usines \u00e9taient d\u00e9connect\u00e9es du r\u00e9seau de gaz<\/a>\u00a0pendant que les techniciens s\u2019effor\u00e7aient de r\u00e9tablir le service. Les sp\u00e9cialistes de Gazprom pr\u00e9voient que les r\u00e9parations pourraient durer jusqu\u2019\u00e0 24 heures. Omsk se situe dans le sud-ouest de la Sib\u00e9rie, \u00e0 environ 2200 km \u00e0 l\u2019est de Moscou.<\/p>\n","protected":false},"excerpt":{"rendered":"Un accident a eu lieu sur une section souterraine d\u2019un gazoduc dans la r\u00e9gion d\u2019Omsk, en Russie, a&hellip;\n","protected":false},"author":2,"featured_media":543009,"comment_status":"","ping_status":"","sticky":false,"template":"","format":"standard","meta":{"footnotes":""},"categories":[1591],"tags":[11,1887,843,131,12,1885,1886,132],"class_list":{"0":"post-543008","1":"post","2":"type-post","3":"status-publish","4":"format-standard","5":"has-post-thumbnail","7":"category-russie","8":"tag-actualites","9":"tag-federation-de-russie","10":"tag-gaz","11":"tag-guerre-en-ukraine","12":"tag-news","13":"tag-russia","14":"tag-russian-federation","15":"tag-russie"},"share_on_mastodon":{"url":"https:\/\/pubeurope.com\/@fr\/115572120346408175","error":""},"_links":{"self":[{"href":"https:\/\/www.europesays.com\/fr\/wp-json\/wp\/v2\/posts\/543008","targetHints":{"allow":["GET"]}}],"collection":[{"href":"https:\/\/www.europesays.com\/fr\/wp-json\/wp\/v2\/posts"}],"about":[{"href":"https:\/\/www.europesays.com\/fr\/wp-json\/wp\/v2\/types\/post"}],"author":[{"embeddable":true,"href":"https:\/\/www.europesays.com\/fr\/wp-json\/wp\/v2\/users\/2"}],"replies":[{"embeddable":true,"href":"https:\/\/www.europesays.com\/fr\/wp-json\/wp\/v2\/comments?post=543008"}],"version-history":[{"count":0,"href":"https:\/\/www.europesays.com\/fr\/wp-json\/wp\/v2\/posts\/543008\/revisions"}],"wp:featuredmedia":[{"embeddable":true,"href":"https:\/\/www.europesays.com\/fr\/wp-json\/wp\/v2\/media\/543009"}],"wp:attachment":[{"href":"https:\/\/www.europesays.com\/fr\/wp-json\/wp\/v2\/media?parent=543008"}],"wp:term":[{"taxonomy":"category","embeddable":true,"href":"https:\/\/www.europesays.com\/fr\/wp-json\/wp\/v2\/categories?post=543008"},{"taxonomy":"post_tag","embeddable":true,"href":"https:\/\/www.europesays.com\/fr\/wp-json\/wp\/v2\/tags?post=543008"}],"curies":[{"name":"wp","href":"https:\/\/api.w.org\/{rel}","templated":true}]}}