{"id":543010,"date":"2025-11-18T18:29:13","date_gmt":"2025-11-18T18:29:13","guid":{"rendered":"https:\/\/www.europesays.com\/fr\/543010\/"},"modified":"2025-11-18T18:29:13","modified_gmt":"2025-11-18T18:29:13","slug":"lukraine-reclame-44-milliards-de-dollars-a-la-russie-pour-compenser-les-dommages-climatiques-de-la-guerre-liberation","status":"publish","type":"post","link":"https:\/\/www.europesays.com\/fr\/543010\/","title":{"rendered":"L\u2019Ukraine r\u00e9clame 44\u00a0milliards de dollars \u00e0 la Russie pour compenser les dommages climatiques de la guerre \u2013 Lib\u00e9ration"},"content":{"rendered":"<p class=\"sc-cPiKLX AiZTS text-element\">C\u2019est une d\u00e9marche in\u00e9dite. En marge de <a href=\"https:\/\/www.liberation.fr\/tags\/cop\/?redirected=1\" target=\"_blank\" rel=\"noopener\" title=\"https:\/\/www.liberation.fr\/tags\/cop\/?redirected=1\">la COP30 sur le climat<\/a>, qui se d\u00e9roule depuis le 10 novembre \u00e0 Bel\u00e9m, en Amazonie br\u00e9silienne, l\u2019Ukraine a annonc\u00e9 ce mardi 18 novembre qu\u2019elle allait demander 43,8 milliards de dollars (38 milliards d\u2019euros) de \u00abcompensation climatique\u00bb \u00e0 la Russie afin de financer une \u00abreconstruction respectueuse de la plan\u00e8te\u00bb apr\u00e8s la guerre. <\/p>\n<p class=\"sc-cPiKLX AiZTS text-element\">Ce montant s\u2019appuie sur un <a href=\"https:\/\/fthe-dot-yamm-track.appspot.com\/2IwkffAGN--ZEmq41Jt5SUnxWoO12T-U5_sWiVpjvaE-TMD-RmgFi-LmghLVHMtViwhYI2MNs8MFOxGmEi3lxS3zmAs3NE8EQiXaMPS0GftIRaylMQxuURzXBBRzlArnPNE6qJ5HhiaVNsPNWgN9NNB-0UBWOhRNdVGwK2voA4-ErkNJTfrTJLrNLdEu4Q5WOWck_sTGlGnAMQ3Na3fPb0Jfy0-Pk-ve6wOuLO5l2YjPEFYLEmJ3QJFjNpK-FKMHHmpMNPSCMgkNTq0Jv\" target=\"_blank\" rel=\"noopener\">rapport<\/a> publi\u00e9 en octobre par l\u2019Initiative sur la comptabilisation des gaz \u00e0 effet de serre de la guerre (<a href=\"https:\/\/fthe-dot-yamm-track.appspot.com\/24WlQE83asQjHfHxE0BvAEcoBMRx4dKt_tgicpfYuSoCWMD-RmgEsdgPKBsJnesYmtFvGCzPF6XrxUjmfdPB-UULRWBGoIOKxxAuR1wnT3VeZTlgbUSRHu7iMWOk0Ec_Vq1QZb5rnpB5KanO_gfL7cZMFTnzHHI5dKvv3ceiu5h7Q5NXiA-c0\" target=\"_blank\" rel=\"noopener\">IGGAW<\/a>, cofinanc\u00e9e par l\u2019Allemagne, la Su\u00e8de et la Fondation europ\u00e9enne pour le climat et soutenue par le gouvernement ukrainien et des ONG et universit\u00e9s du pays), selon lequel l\u2019\u00e9quivalent de 236,8 millions de tonnes de dioxyd<\/p>\n","protected":false},"excerpt":{"rendered":"C\u2019est une d\u00e9marche in\u00e9dite. En marge de la COP30 sur le climat, qui se d\u00e9roule depuis le 10&hellip;\n","protected":false},"author":2,"featured_media":543011,"comment_status":"","ping_status":"","sticky":false,"template":"","format":"standard","meta":{"footnotes":""},"categories":[1590],"tags":[11,35996,1777,674,12,132,220,297],"class_list":{"0":"post-543010","1":"post","2":"type-post","3":"status-publish","4":"format-standard","5":"has-post-thumbnail","7":"category-ukraine","8":"tag-actualites","9":"tag-cop","10":"tag-eu","11":"tag-europe","12":"tag-news","13":"tag-russie","14":"tag-ukraine","15":"tag-ukraine-la-crise"},"share_on_mastodon":{"url":"https:\/\/pubeurope.com\/@fr\/115572124149967491","error":""},"_links":{"self":[{"href":"https:\/\/www.europesays.com\/fr\/wp-json\/wp\/v2\/posts\/543010","targetHints":{"allow":["GET"]}}],"collection":[{"href":"https:\/\/www.europesays.com\/fr\/wp-json\/wp\/v2\/posts"}],"about":[{"href":"https:\/\/www.europesays.com\/fr\/wp-json\/wp\/v2\/types\/post"}],"author":[{"embeddable":true,"href":"https:\/\/www.europesays.com\/fr\/wp-json\/wp\/v2\/users\/2"}],"replies":[{"embeddable":true,"href":"https:\/\/www.europesays.com\/fr\/wp-json\/wp\/v2\/comments?post=543010"}],"version-history":[{"count":0,"href":"https:\/\/www.europesays.com\/fr\/wp-json\/wp\/v2\/posts\/543010\/revisions"}],"wp:featuredmedia":[{"embeddable":true,"href":"https:\/\/www.europesays.com\/fr\/wp-json\/wp\/v2\/media\/543011"}],"wp:attachment":[{"href":"https:\/\/www.europesays.com\/fr\/wp-json\/wp\/v2\/media?parent=543010"}],"wp:term":[{"taxonomy":"category","embeddable":true,"href":"https:\/\/www.europesays.com\/fr\/wp-json\/wp\/v2\/categories?post=543010"},{"taxonomy":"post_tag","embeddable":true,"href":"https:\/\/www.europesays.com\/fr\/wp-json\/wp\/v2\/tags?post=543010"}],"curies":[{"name":"wp","href":"https:\/\/api.w.org\/{rel}","templated":true}]}}