{"id":543012,"date":"2025-11-18T18:30:23","date_gmt":"2025-11-18T18:30:23","guid":{"rendered":"https:\/\/www.europesays.com\/fr\/543012\/"},"modified":"2025-11-18T18:30:23","modified_gmt":"2025-11-18T18:30:23","slug":"cest-sa-premiere-visite-aux-usa-depuis-la-mort-du-journaliste-jamal-khashoggi-trump-deroule-le-tapis-rouge-au-prince-saoudien-sur-fond-de-vente-davions-de-chasse-americains-f","status":"publish","type":"post","link":"https:\/\/www.europesays.com\/fr\/543012\/","title":{"rendered":"C\u2019est sa premi\u00e8re visite aux USA depuis la mort du journaliste Jamal Khashoggi\u00a0: Trump d\u00e9roule le tapis rouge au prince saoudien sur fond de vente d\u2019avions de chasse am\u00e9ricains F-35"},"content":{"rendered":"<p>\n                                                                Les relations entre les \u00c9tats-Unis et l\u2019Arabie saoudite se renforcent avec la visite de Mohamed ben Salman \u00e0 Washington. La vente d\u2019avions F-35 et des accords bilat\u00e9raux sont au c\u0153ur des discussions.\n                            <\/p>\n<p>Le pr\u00e9sident am\u00e9ricain Donald Trump a d\u00e9roul\u00e9 mardi le tapis rouge au prince h\u00e9ritier saoudien Mohamed ben Salman, dirigeant de facto du royaume wahhabite, pour une visite lors de laquelle devraient \u00eatre formalis\u00e9s la vente d\u2019avions de chasse am\u00e9ricains F-35 et un \u00e9ventail d\u2019accords bilat\u00e9raux avec Ryad.<\/p>\n<p>Il s\u2019agit du premier d\u00e9placement aux Etats-Unis de Mohamed ben Salman, dit \u00ab\u00a0MbS\u00a0\u00bb, depuis que le journaliste et dissident Jamal Khashoggi a \u00e9t\u00e9 tu\u00e9 par des agents saoudiens \u00e0 Istanbul en 2018, un assassinat qui a provoqu\u00e9 un toll\u00e9 international.<\/p>\n<p>D\u2019apr\u00e8s un rapport des services du renseignement am\u00e9ricain, Mohamed ben Salman a approuv\u00e9 l\u2019enl\u00e8vement et l\u2019assassinat de Jamal Khashoggi. Le prince h\u00e9ritier a ni\u00e9 avoir commandit\u00e9 cette op\u00e9ration, tout en disant en assumer la responsabilit\u00e9 en tant que dirigeant de facto de l\u2019Arabie saoudite.<\/p>\n<p>L\u2019accueil chaleureux dont a b\u00e9n\u00e9fici\u00e9 \u00ab\u00a0MbS\u00a0\u00bb \u00e0 Washington illustre combien les relations entre les Etats-Unis et l\u2019Arabie saoudite se sont r\u00e9chauff\u00e9es depuis les tensions provoqu\u00e9es par l\u2019assassinat de Jamal Khashoggi, survenu lors du premier mandat pr\u00e9sidentiel de Donald Trump.<\/p>\n<p>Le pr\u00e9sident am\u00e9ricain, tout sourire, a accueilli le prince h\u00e9ritier saoudien sur le tapis rouge par une poign\u00e9e de main. Des avions de chasse ont ensuite survol\u00e9 la Maison blanche avant que Donald Trump ne conduise son invit\u00e9 \u00e0 l\u2019int\u00e9rieur.<\/p>\n<p>Au cours de sa visite d\u2019une journ\u00e9e \u00e0 la Maison blanche, Mohamed ben Salman va prendre part \u00e0 une r\u00e9union avec Donald Trump dans le Bureau ovale, avant un d\u00e9jeuner commun dans une salle de r\u00e9ception puis, dans la soir\u00e9e, un d\u00eener de gala.<\/p>\n<p>Les discussions entre Donald Trump et Mohamed ben Salman devraient permettre de renforcer les liens en mati\u00e8re de s\u00e9curit\u00e9, la coop\u00e9ration nucl\u00e9aire civile et les accords commerciaux entre les deux pays.<\/p>\n<p>Aucune avanc\u00e9e majeure n\u2019est toutefois attendue concernant la normalisation des relations entre l\u2019Arabie saoudite et Isra\u00ebl, malgr\u00e9 les pressions exerc\u00e9es par Donald Trump pour y parvenir.<\/p>\n<p>Virage dans l\u2019\u00e9quilibre militaire au Proche-Orient\u00a0?<\/p>\n<p>Donald Trump esp\u00e8re que la promesse de 600\u00a0milliards de dollars d\u2019investissements effectu\u00e9e par Ryad lors de la visite du pr\u00e9sident am\u00e9ricain en Arabie saoudite en mai dernier va se concr\u00e9tiser.<\/p>\n<p>Un repr\u00e9sentant de haut rang de la Maison blanche a d\u00e9clar\u00e9 \u00e0 Reuters que des accords bilat\u00e9raux portant notamment sur les technologies, la production manufacturi\u00e8re et la d\u00e9fense sont attendus.<\/p>\n<p>S\u2019exprimant lundi devant les journalistes, Donald Trump a d\u00e9clar\u00e9 que les Etats-Unis allaient \u00ab\u00a0vendre les F-35\u00a0\u00bb \u00e0 l\u2019Arabie saoudite, qui a demand\u00e9 \u00e0 se procurer 48 de ces avions de chasse am\u00e9ricains de pointe.<\/p>\n<p>Il s\u2019agirait d\u2019une transaction sans pr\u00e9c\u00e9dent entre Washington et Ryad, qui repr\u00e9senterait \u00e9galement un important virage politique. L\u2019\u00e9quilibre militaire au Proche-Orient pourrait s\u2019en retrouver modifi\u00e9, alors que les Etats-Unis pr\u00f4nent de longue date un \u00ab\u00a0avantage militaire qualitatif\u00a0\u00bb d\u2019Isra\u00ebl dans la r\u00e9gion.<\/p>\n<p>Jusqu\u2019\u00e0 pr\u00e9sent, Isra\u00ebl est le seul pays du Proche-Orient \u00e0 poss\u00e9der des avions de chasse am\u00e9ricains F-35.<\/p>\n<p>En marge des \u00e9quipements militaires, Mohamed ben Salman se rend \u00e0 Washington avec la volont\u00e9 d\u2019obtenir des garanties s\u00e9curitaires, d\u2019avoir acc\u00e8s \u00e0 des technologies d\u2019intelligence artificielle (IA) et d\u2019effectuer des avanc\u00e9es vers un accord sur un programme nucl\u00e9aire civil.<\/p>\n<p>Le repr\u00e9sentant de haut rang de la Maison blanche a d\u00e9clar\u00e9 lundi \u00e0 Reuters que \u00ab\u00a0les Saoudiens vont d\u00e9penser demain beaucoup d\u2019argent aux Etats-Unis\u00a0\u00bb.<\/p>\n<p>Garder l\u2019Arabie-Saoudite hors de la \u00ab\u00a0sph\u00e8re de la Chine\u00a0\u00bb<\/p>\n<p>D\u2019apr\u00e8s Dennis Ross, ancien n\u00e9gociateur am\u00e9ricain au Proche-Orient d\u00e9sormais membre du think tank Washington Institute for Near East Policy, l\u2019objectif de Donald Trump est de d\u00e9velopper une relation multifacette avec l\u2019Arabie saoudite afin que celle-ci n\u2019entre pas dans la sph\u00e8re de la Chine.<\/p>\n<p>\u00ab\u00a0Le pr\u00e9sident Trump pense que toutes ces d\u00e9marches lient de plus en plus les Saoudiens aux Am\u00e9ricains sur un \u00e9ventail de questions, allant de la s\u00e9curit\u00e9 au nexus finance-IA-\u00e9nergie\u00a0\u00bb, a-t-il dit. \u00ab\u00a0Il veut qu\u2019ils soient li\u00e9s \u00e0 nous dans ces domaines, et pas \u00e0 la Chine\u00a0\u00bb.<\/p>\n<p>Par ailleurs, il est attendu que Donald Trump presse Mohamed ben Salman d\u2019int\u00e9grer les accords dits Abraham chapeaut\u00e9s par l\u2019administration du pr\u00e9sident am\u00e9ricain pour normaliser les relations de pays r\u00e9gionaux avec Isra\u00ebl.<\/p>\n<p>Ryad est de longue date r\u00e9ticent \u00e0 prendre une telle d\u00e9cision en l\u2019absence d\u2019une solution cr\u00e9dible vers un Etat palestinien, une perspective \u00e0 laquelle s\u2019oppose fermement le Premier ministre isra\u00e9lien Benjamin Netanyahu.<\/p>\n<p>Donald Trump, qui a d\u00e9crit les Accords Abraham comme l\u2019une de ses plus grandes r\u00e9ussites de politique \u00e9trang\u00e8re, consid\u00e8re que l\u2019adh\u00e9sion de l\u2019Arabie saoudite constitue la pierre angulaire d\u2019une paix durable au Proche-Orient.<\/p>\n<p>\u00ab\u00a0C\u2019est tr\u00e8s important pour lui que les Saoudiens int\u00e8grent les Accords Abraham durant son mandat, donc il fait pas mal de battage autour de \u00e7a\u00a0\u00bb, a d\u00e9clar\u00e9 le haut repr\u00e9sentant de la Maison blanche.<\/p>\n","protected":false},"excerpt":{"rendered":"Les relations entre les \u00c9tats-Unis et l\u2019Arabie saoudite se renforcent avec la visite de Mohamed ben Salman \u00e0&hellip;\n","protected":false},"author":2,"featured_media":543013,"comment_status":"","ping_status":"","sticky":false,"template":"","format":"standard","meta":{"footnotes":""},"categories":[1589],"tags":[11,73,1866,12,1864,1865,1863,308],"class_list":{"0":"post-543012","1":"post","2":"type-post","3":"status-publish","4":"format-standard","5":"has-post-thumbnail","7":"category-etats-unis","8":"tag-actualites","9":"tag-etats-unis","10":"tag-etats-unis-damerique","11":"tag-news","12":"tag-united-states","13":"tag-united-states-of-america","14":"tag-us","15":"tag-usa"},"share_on_mastodon":{"url":"https:\/\/pubeurope.com\/@fr\/115572128150659823","error":""},"_links":{"self":[{"href":"https:\/\/www.europesays.com\/fr\/wp-json\/wp\/v2\/posts\/543012","targetHints":{"allow":["GET"]}}],"collection":[{"href":"https:\/\/www.europesays.com\/fr\/wp-json\/wp\/v2\/posts"}],"about":[{"href":"https:\/\/www.europesays.com\/fr\/wp-json\/wp\/v2\/types\/post"}],"author":[{"embeddable":true,"href":"https:\/\/www.europesays.com\/fr\/wp-json\/wp\/v2\/users\/2"}],"replies":[{"embeddable":true,"href":"https:\/\/www.europesays.com\/fr\/wp-json\/wp\/v2\/comments?post=543012"}],"version-history":[{"count":0,"href":"https:\/\/www.europesays.com\/fr\/wp-json\/wp\/v2\/posts\/543012\/revisions"}],"wp:featuredmedia":[{"embeddable":true,"href":"https:\/\/www.europesays.com\/fr\/wp-json\/wp\/v2\/media\/543013"}],"wp:attachment":[{"href":"https:\/\/www.europesays.com\/fr\/wp-json\/wp\/v2\/media?parent=543012"}],"wp:term":[{"taxonomy":"category","embeddable":true,"href":"https:\/\/www.europesays.com\/fr\/wp-json\/wp\/v2\/categories?post=543012"},{"taxonomy":"post_tag","embeddable":true,"href":"https:\/\/www.europesays.com\/fr\/wp-json\/wp\/v2\/tags?post=543012"}],"curies":[{"name":"wp","href":"https:\/\/api.w.org\/{rel}","templated":true}]}}