{"id":543016,"date":"2025-11-18T18:32:21","date_gmt":"2025-11-18T18:32:21","guid":{"rendered":"https:\/\/www.europesays.com\/fr\/543016\/"},"modified":"2025-11-18T18:32:21","modified_gmt":"2025-11-18T18:32:21","slug":"mistral-sap-la-france-et-lallemagne-concluent-un-partenariat-pour-renforcer-lia-dans-ladministration","status":"publish","type":"post","link":"https:\/\/www.europesays.com\/fr\/543016\/","title":{"rendered":"Mistral-SAP : la France et l\u2019Allemagne concluent un partenariat pour renforcer l\u2019IA dans l\u2019administration"},"content":{"rendered":"<p>La\u00a0coop\u00e9ration num\u00e9rique entre la\u00a0France\u00a0et l\u2019Allemagne\u00a0se renforce encore. Elle\u00a0s\u2019est illustr\u00e9e, ce mardi 18\u00a0novembre, par la tenue d\u2019un sommet europ\u00e9en, \u00e0 Berlin, sur la souverainet\u00e9 num\u00e9rique, copr\u00e9sid\u00e9 par les deux pays. David\u00a0Amiel, ministre de la\u00a0Fonction\u00a0publique et de la\u00a0R\u00e9forme de l\u2019\u00c9tat, y a notamment rencontr\u00e9 son homologue allemand,  Karsten\u00a0Wildberger, ministre de la\u00a0Transition\u00a0digitale et de la\u00a0Modernisation\u00a0publique.<\/p>\n<p>Un\u00a0d\u00e9ploiement pr\u00e9vu d\u00e8s 2026<\/p>\n<p>Mais\u00a0la rencontre a surtout \u00e9t\u00e9 l\u2019occasion, pour les deux \u00c9tats, de d\u00e9voiler un nouveau partenariat visant \u00e0 renforcer l\u2019usage de l\u2019intelligence artificielle dans le secteur public\u00a0: les deux ministres ont en effet sign\u00e9 ce jour une lettre d\u2019intention pour formaliser un contrat entre le fran\u00e7ais Mistral\u00a0AI, sp\u00e9cialis\u00e9 dans l\u2019intelligence artificielle, et l\u2019entreprise allemande SAP, sp\u00e9cialis\u00e9e dans les logiciels de gestion. les mod\u00e8les d\u2019IA de\u00a0Mistral\u00a0pourront ainsi s\u2019int\u00e9grer dans les logiciels de\u00a0SAP pour simplifier certaines t\u00e2ches administratives. D\u2019ici la mi\u20112026, la\u00a0France, l\u2019Allemagne\u00a0ainsi que Mistral\u00a0et SAP vont formaliser leur engagement par la signature d\u2019un accord\u2011cadre. \u201cCe\u00a0document fondateur d\u00e9finira la structure de gouvernance, le p\u00e9rim\u00e8tre de la coop\u00e9ration et l\u2019encadrement budg\u00e9taire. Des\u00a0cas d\u2019usages sp\u00e9cifiques et identifi\u00e9s seront d\u00e9ploy\u00e9s dans les administrations entre 2026\u00a0et 2030\u201d, pr\u00e9cise le minist\u00e8re.<\/p>\n<p>SAP fournit d\u2019ores et d\u00e9j\u00e0 bon nombre de logiciels \u00e0 l\u2019administration fran\u00e7aise\u00a0: l\u2019entreprise est notamment \u00e0 l\u2019origine du logiciel de pilotage des d\u00e9penses Chorus, utilis\u00e9 par les minist\u00e8res et les collectivit\u00e9s. Elle\u00a0alimente \u00e9galement plusieurs op\u00e9rateurs fran\u00e7ais, tels que France\u00a0Travail, la\u00a0Caisse\u00a0nationale d\u2019assurance maladie ou l\u2019AP\u2011HP. L\u2019id\u00e9e derri\u00e8re le partenariat de ces deux g\u00e9ants nationaux vise \u00e0 faire infuser, \u00e9videmment, l\u2019intelligence artificielle de mani\u00e8re concr\u00e8te dans l\u2019administration, et ce, de mani\u00e8re souveraine.<\/p>\n<p class=\"article-cta-related\">Lire aussi : <a href=\"https:\/\/acteurspublics.fr\/articles\/letat-ouvre-lexperimentation-de-son-assistant-ia-a-10-000-agents-publics\/\" class=\"article-cta-related__link\" rel=\"nofollow noopener\" target=\"_blank\">L\u2019\u00c9tat ouvre l\u2019exp\u00e9rimentation de son Assistant IA \u00e0 10 000 agents publics<\/a><\/p>\n<p>Quatre\u00a0piliers strat\u00e9giques d\u00e9finissent le partenariat tel que d\u00e9finis par le communiqu\u00e9 de presse publi\u00e9 ce mardi par Bercy\u00a0: des logiciels souverains et intelligents, sp\u00e9cifiquement d\u00e9velopp\u00e9s pour les besoins des administrations allemande et fran\u00e7ais ; une gestion financi\u00e8re augment\u00e9e par l\u2019IA, avec l\u2019automatisation des activit\u00e9s financi\u00e8res (facturation, audits) ; une aide \u00e0 la d\u00e9cision pour les agents publics ; et un renforcement des syst\u00e8mes, permettant la transparence, le suivi et la tra\u00e7abilit\u00e9 des outils d\u2019IA. C\u00f4t\u00e9 fran\u00e7ais, ce partenariat constitue une deuxi\u00e8me \u00e9tape de la collaboration de l\u2019\u00c9tat avec Mistral, apr\u00e8s un contrat visant \u00e0 booster l\u2019Assistant\u00a0IA d\u00e9sormais propos\u00e9 en test, depuis la mi\u2011octobre, \u00e0 10\u00a0000\u00a0agents de la fonction publique d\u2019\u00c9tat.<\/p>\n<p>Renforcer\u00a0la coop\u00e9ration<\/p>\n<p>Au\u2011del\u00e0 de cette annonce, le sommet France\u2011Allemagne\u00a0\u00e9tait marqu\u00e9 par une volont\u00e9 marqu\u00e9e d\u2019aller vers plus de souverainet\u00e9 num\u00e9rique, notamment au travers de la commande publique. La\u00a0ministre fran\u00e7aise du\u00a0Num\u00e9rique et de l\u2019Intelligence\u00a0artificielle, Anne\u00a0Le\u00a0H\u00e9nanff, \u00e9tait par ailleurs \u00e9galement pr\u00e9sente \u00e0 Berlin, avec l\u2019objectif \u201cd\u2019avancer vers une d\u00e9finition commune de la souverainet\u00e9 num\u00e9rique\u201d et \u201cde d\u00e9fendre le principe de pr\u00e9f\u00e9rence europ\u00e9enne, notamment dans la commande publique\u201d, a\u2011t\u2011elle d\u00e9clar\u00e9. <\/p>\n<p>De\u00a0son c\u00f4t\u00e9, David\u00a0Amiel\u00a0a particip\u00e9 \u00e0 une table ronde sur le sujet de l\u2019<a href=\"https:\/\/www.numerique.gouv.fr\/sinformer\/espace-presse\/edic-un-consortium-pour-les-communs-numeriques\/\" rel=\"nofollow noopener\" target=\"_blank\">Edic\u00a0Digital\u00a0Commons<\/a>, un consortium cr\u00e9\u00e9 par la\u00a0France, l\u2019Allemagne, les Pays\u2011Bas\u00a0et l\u2019Italie\u00a0visant \u00e0 formaliser un cadre europ\u00e9en permettant aux \u00c9tats membres de concevoir et g\u00e9rer des infrastructures num\u00e9riques communes et libres sous une gouvernance partag\u00e9e. Une\u00a0nouvelle pierre \u00e0 l\u2019\u00e9difice des communs num\u00e9riques libres souhait\u00e9s par plusieurs acteurs europ\u00e9ens.<\/p>\n<p class=\"article-cta-related\">Lire aussi : <a href=\"https:\/\/acteurspublics.fr\/articles\/france-et-allemagne-main-dans-la-main-pour-developper-une-suite-numerique-europeenne\/\" class=\"article-cta-related__link\" rel=\"nofollow noopener\" target=\"_blank\">France et Allemagne main dans la main pour d\u00e9velopper une suite num\u00e9rique europ\u00e9enne<\/a><\/p>\n<p>La\u00a0relation entre la\u00a0France\u00a0et l\u2019Allemagne\u00a0sur ce sujet <a href=\"https:\/\/acteurspublics.fr\/articles\/france-et-allemagne-main-dans-la-main-pour-developper-une-suite-numerique-europeenne\/\" rel=\"nofollow noopener\" target=\"_blank\">ne date pas d\u2019hier<\/a>\u00a0: les deux DSI nationales, \u00e0 savoir la direction interminist\u00e9rielle du num\u00e9rique (Dinum) pour la\u00a0France, et le minist\u00e8re de la\u00a0Num\u00e9risation et de la\u00a0Modernisation\u00a0de l\u2019\u00c9tat (BMDS) pour l\u2019Allemagne, travaillent d\u00e9j\u00e0 ensemble depuis quelques ann\u00e9es. Leur\u00a0collaboration s\u2019est notamment illustr\u00e9e par la cr\u00e9ation d\u2019une suite collaborative bas\u00e9e sur des communs num\u00e9riques \u2013 cette m\u00eame suite qui a donn\u00e9 naissance, par exemple, \u00e0 la messagerie d\u2019\u00c9tat s\u00e9curis\u00e9e Tchap, ou \u00e0 l\u2019outil de partage de documents Docs.<\/p>\n","protected":false},"excerpt":{"rendered":"La\u00a0coop\u00e9ration num\u00e9rique entre la\u00a0France\u00a0et l\u2019Allemagne\u00a0se renforce encore. Elle\u00a0s\u2019est illustr\u00e9e, ce mardi 18\u00a0novembre, par la tenue d\u2019un sommet europ\u00e9en,&hellip;\n","protected":false},"author":2,"featured_media":543017,"comment_status":"","ping_status":"","sticky":false,"template":"","format":"standard","meta":{"footnotes":""},"categories":[1587],"tags":[11,672,1804,1805,1803,1777,674,1801,12,1802],"class_list":{"0":"post-543016","1":"post","2":"type-post","3":"status-publish","4":"format-standard","5":"has-post-thumbnail","7":"category-allemagne","8":"tag-actualites","9":"tag-allemagne","10":"tag-bundesrepublik-deutschland","11":"tag-de","12":"tag-deutschland","13":"tag-eu","14":"tag-europe","15":"tag-germany","16":"tag-news","17":"tag-republique-federale-dallemagne"},"share_on_mastodon":{"url":"https:\/\/pubeurope.com\/@fr\/115572135983474256","error":""},"_links":{"self":[{"href":"https:\/\/www.europesays.com\/fr\/wp-json\/wp\/v2\/posts\/543016","targetHints":{"allow":["GET"]}}],"collection":[{"href":"https:\/\/www.europesays.com\/fr\/wp-json\/wp\/v2\/posts"}],"about":[{"href":"https:\/\/www.europesays.com\/fr\/wp-json\/wp\/v2\/types\/post"}],"author":[{"embeddable":true,"href":"https:\/\/www.europesays.com\/fr\/wp-json\/wp\/v2\/users\/2"}],"replies":[{"embeddable":true,"href":"https:\/\/www.europesays.com\/fr\/wp-json\/wp\/v2\/comments?post=543016"}],"version-history":[{"count":0,"href":"https:\/\/www.europesays.com\/fr\/wp-json\/wp\/v2\/posts\/543016\/revisions"}],"wp:featuredmedia":[{"embeddable":true,"href":"https:\/\/www.europesays.com\/fr\/wp-json\/wp\/v2\/media\/543017"}],"wp:attachment":[{"href":"https:\/\/www.europesays.com\/fr\/wp-json\/wp\/v2\/media?parent=543016"}],"wp:term":[{"taxonomy":"category","embeddable":true,"href":"https:\/\/www.europesays.com\/fr\/wp-json\/wp\/v2\/categories?post=543016"},{"taxonomy":"post_tag","embeddable":true,"href":"https:\/\/www.europesays.com\/fr\/wp-json\/wp\/v2\/tags?post=543016"}],"curies":[{"name":"wp","href":"https:\/\/api.w.org\/{rel}","templated":true}]}}