{"id":543025,"date":"2025-11-18T18:37:12","date_gmt":"2025-11-18T18:37:12","guid":{"rendered":"https:\/\/www.europesays.com\/fr\/543025\/"},"modified":"2025-11-18T18:37:12","modified_gmt":"2025-11-18T18:37:12","slug":"le-kremlin-reproche-a-la-france-d-alimenter-la-guerre-et-des-saboteurs-en-fuite","status":"publish","type":"post","link":"https:\/\/www.europesays.com\/fr\/543025\/","title":{"rendered":"Le Kremlin reproche \u00e0 la France d&rsquo;\u00ab\u00a0alimenter\u00a0\u00bb la guerre et des saboteurs en fuite"},"content":{"rendered":"<p>Vous avez rat\u00e9 les derniers \u00e9v\u00e9nements sur la <a href=\"https:\/\/www.20minutes.fr\/monde\/ukraine\/\" class=\"c-link c-link--is-underlined\" target=\"_blank\" rel=\"noopener\">guerre en Ukraine<\/a>\u00a0? 20 Minutes fait le point pour vous tous les soirs. Voici l\u2019essentiel de ce mardi 18\u00a0novembre, 1.364e jour du conflit.<\/p>\n<p>Le fait du jour<\/p>\n<p>L\u2019enqu\u00eate est rapide en <a href=\"https:\/\/www.20minutes.fr\/dossier\/pologne\" class=\"c-link c-link--is-underlined\" target=\"_blank\" rel=\"noopener\">Pologne<\/a> apr\u00e8s la d\u00e9couverte lundi du sabotage d\u2019une voie ferr\u00e9e strat\u00e9gique pour l\u2019acheminement de l\u2019aide en Ukraine. Et sans surprise. \u00ab\u00a0Les auteurs identifi\u00e9s sont deux citoyens ukrainiens qui op\u00e8rent et collaborent depuis longtemps avec les services <a href=\"https:\/\/www.20minutes.fr\/monde\/russie\/\" class=\"c-link c-link--is-underlined\" target=\"_blank\" rel=\"noopener\">russes<\/a>\u00a0\u00bb, a d\u00e9clar\u00e9 le Premier ministre Donald Tusk devant le parlement. Peu de temps apr\u00e8s les incidents, les deux suspects auraient quitt\u00e9 le territoire polonais pour la Bi\u00e9lorussie. \u00ab\u00a0Il s\u2019agit bien s\u00fbr de [semer] le d\u00e9sordre, le chaos, la panique, des sp\u00e9culations, de l\u2019incertitude\u00a0\u00bb, estime le dirigeant polonais mais aussi de \u00ab\u00a0susciter des sentiments anti-ukrainiens aussi radicaux que possible\u00a0\u00bb.<\/p>\n<\/p>\n<p>De son c\u00f4t\u00e9, le <a href=\"https:\/\/www.20minutes.fr\/dossier\/kremlin\" class=\"c-link c-link--is-underlined\" target=\"_blank\" rel=\"noopener\">Kremlin<\/a> joue la victimisation. \u00ab\u00a0La Russie est accus\u00e9e de toutes les formes de guerre hybride ou directe qui se produisent et en Pologne, ils font du z\u00e8le \u00e0 ce sujet\u00a0\u00bb, a d\u00e9clar\u00e9 le porte-parole du Kremlin, Dmitri Peskov, interrog\u00e9 par un journaliste russe. Et d\u2019ajouter que \u00ab\u00a0la russophobie fleurit dans toute sa splendeur\u00a0\u00bb, en Pologne.<\/p>\n<p>Il n\u2019a pour autant pas d\u00e9menti directement les accusations polonaises.<\/p>\n<p>La phrase du jour<\/p>\n<blockquote class=\"mx-m@xs mx-xxl@md color-ultramarine c-citation\">\n<p class=\"font-weight-regular@xs text-italic font-source-serif-pro text-l@xs c-citation__content\">\u00ab\u00a0Paris ne contribue en aucun cas \u00e0 la paix, mais alimente au contraire les sentiments militaristes et proguerre.\u00a0\u00bb<\/p>\n<\/blockquote>\n<p>C\u2019\u00e9tait couru d\u2019avance. Le porte-parole du Kremlin s\u2019est aussi charg\u00e9 de dire tout le mal qu\u2019inspire \u00e0 la Russie, l\u2019accord intervenu lundi entre <a href=\"https:\/\/www.20minutes.fr\/monde\/volodymyr-zelensky\/\" class=\"c-link c-link--is-underlined\" target=\"_blank\" rel=\"noopener\">Volodymyr Zelensky <\/a>et <a href=\"https:\/\/www.20minutes.fr\/politique\/emmanuel-macron\/\" class=\"c-link c-link--is-underlined\" target=\"_blank\" rel=\"noopener\">Emmanuel Macron<\/a> sur l\u2019achat futur d\u2019une centaine d\u2019avions de combat fran\u00e7ais <a href=\"https:\/\/www.20minutes.fr\/dossier\/rafale\" class=\"c-link c-link--is-underlined\" target=\"_blank\" rel=\"noopener\">Rafale<\/a>.<\/p>\n<p>Le chiffre du jour<\/p>\n<p>15.000 dollars. Soit environ 15.000 euros pi\u00e8ce. Le co\u00fbt des drones tir\u00e9s par le syst\u00e8me Merops acquis par l\u2019<a href=\"https:\/\/www.20minutes.fr\/monde\/otan\/\" class=\"c-link c-link--is-underlined\" target=\"_blank\" rel=\"noopener\">Otan<\/a> et au maniement desquels s\u2019entra\u00eenent actuellement des soldats polonais pour renforcer la d\u00e9fense du flanc oriental de l\u2019Alliance. Ils sont particuli\u00e8rement efficaces pour abattre les drones Shahed, de conception iranienne, utilis\u00e9s par les Russes. Et ils reviennent surtout bien moins cher que de faire d\u00e9coller des avions de chasse pour \u00e9loigner les essaims de drones de Moscou.<\/p>\n<p>La tendance<\/p>\n<p>Le pr\u00e9sident ukrainien doit rencontrer mercredi \u00e0 Ankara son homologue turc Recep Tayyip Erdogan et l\u2019\u00e9missaire de <a href=\"https:\/\/www.20minutes.fr\/dossier\/donald_trump\" class=\"c-link c-link--is-underlined\" target=\"_blank\" rel=\"noopener\">Donald Trump<\/a>, Steve Witkoff, alors que les pourparlers de paix avec la Russie sont dans l\u2019impasse. \u00ab\u00a0L\u2019objectif principal vise \u00e0 r\u00e9engager les Etats-Unis dans les efforts de paix en imposant des sanctions contre la Russie\u00a0\u00bb et \u00ab\u00a0des pressions diplomatiques\u00a0\u00bb sur Moscou, a indiqu\u00e9 un responsable ukrainien, sous le couvert de l\u2019anonymat.<\/p>\n<p>Mais le Kremlin a d\u2019ores et d\u00e9j\u00e0 indiqu\u00e9 qu\u2019aucun de ses repr\u00e9sentants ne sera pr\u00e9sent en <a href=\"https:\/\/www.20minutes.fr\/monde\/turquie\/\" class=\"c-link c-link--is-underlined\" target=\"_blank\" rel=\"noopener\">Turquie<\/a>.<\/p>\n<p><a href=\"http:\/\/www.20minutes.fr\/monde\/ukraine\" class=\"c-link c-btn c-btn--primary\" target=\"_blank\" rel=\"noopener\">Notre dossier sur la guerre en Ukraine<\/a><\/p>\n<p>Apr\u00e8s bient\u00f4t quatre ans d\u2019invasion russe de l\u2019Ukraine, les positions des deux camps sur les conditions pour une paix, l\u2019instauration d\u2019un cessez-le-feu ou une rencontre entre leurs dirigeants continuent d\u2019\u00eatre diam\u00e9tralement oppos\u00e9es.<\/p>\n","protected":false},"excerpt":{"rendered":"Vous avez rat\u00e9 les derniers \u00e9v\u00e9nements sur la guerre en Ukraine\u00a0? 20 Minutes fait le point pour vous&hellip;\n","protected":false},"author":2,"featured_media":543026,"comment_status":"","ping_status":"","sticky":false,"template":"","format":"standard","meta":{"footnotes":""},"categories":[4],"tags":[47,11,52509,1011,27,131,4998,74,12,136,2437,25,132,3496,135],"class_list":{"0":"post-543025","1":"post","2":"type-post","3":"status-publish","4":"format-standard","5":"has-post-thumbnail","7":"category-france","8":"tag-actualite","9":"tag-actualites","10":"tag-dassault-rafale","11":"tag-fr","12":"tag-france","13":"tag-guerre-en-ukraine","14":"tag-kremlin","15":"tag-monde","16":"tag-news","17":"tag-otan","18":"tag-pologne","19":"tag-republique-francaise","20":"tag-russie","21":"tag-turquie","22":"tag-vladimir-poutine"},"share_on_mastodon":{"url":"https:\/\/pubeurope.com\/@fr\/115572155541679983","error":""},"_links":{"self":[{"href":"https:\/\/www.europesays.com\/fr\/wp-json\/wp\/v2\/posts\/543025","targetHints":{"allow":["GET"]}}],"collection":[{"href":"https:\/\/www.europesays.com\/fr\/wp-json\/wp\/v2\/posts"}],"about":[{"href":"https:\/\/www.europesays.com\/fr\/wp-json\/wp\/v2\/types\/post"}],"author":[{"embeddable":true,"href":"https:\/\/www.europesays.com\/fr\/wp-json\/wp\/v2\/users\/2"}],"replies":[{"embeddable":true,"href":"https:\/\/www.europesays.com\/fr\/wp-json\/wp\/v2\/comments?post=543025"}],"version-history":[{"count":0,"href":"https:\/\/www.europesays.com\/fr\/wp-json\/wp\/v2\/posts\/543025\/revisions"}],"wp:featuredmedia":[{"embeddable":true,"href":"https:\/\/www.europesays.com\/fr\/wp-json\/wp\/v2\/media\/543026"}],"wp:attachment":[{"href":"https:\/\/www.europesays.com\/fr\/wp-json\/wp\/v2\/media?parent=543025"}],"wp:term":[{"taxonomy":"category","embeddable":true,"href":"https:\/\/www.europesays.com\/fr\/wp-json\/wp\/v2\/categories?post=543025"},{"taxonomy":"post_tag","embeddable":true,"href":"https:\/\/www.europesays.com\/fr\/wp-json\/wp\/v2\/tags?post=543025"}],"curies":[{"name":"wp","href":"https:\/\/api.w.org\/{rel}","templated":true}]}}