{"id":543029,"date":"2025-11-18T18:41:12","date_gmt":"2025-11-18T18:41:12","guid":{"rendered":"https:\/\/www.europesays.com\/fr\/543029\/"},"modified":"2025-11-18T18:41:12","modified_gmt":"2025-11-18T18:41:12","slug":"la-france-dos-au-mur-face-a-la-belgique-en-quart-de-finale-de-coupe-davis-apres-la-defaite-de-corentin-moutet-contre-raphael-collignon-lequipe","status":"publish","type":"post","link":"https:\/\/www.europesays.com\/fr\/543029\/","title":{"rendered":"La France dos au mur face \u00e0 la Belgique en quart de finale de Coupe davis apr\u00e8s la d\u00e9faite de Corentin Moutet contre Rapha\u00ebl Collignon &#8211; L&#039;\u00c9quipe"},"content":{"rendered":"<ol>\n<li><a href=\"https:\/\/news.google.com\/rss\/articles\/CBMikgJBVV95cUxObDJ3SkhKQzJva1IwXzZkTG83Y0x5M2VuQWJza3NhV2F6eHMzSURNOTI5V3JLUjRyOWM2VXZmQk5LNkxBOXJNM055elJPOFVxbkhGeEVtSElvVmJvMXhlVnBhZU1DZWdpeGVIVHE5bmxVVWNVTzh1OHEwSVMyTjdoeWlGeW1iVThLTE5NZHY5ZjFKUG1CWGhTRU5IVHllMUtwNWcwVkdhVEd4WWtROHR4SDRhcVViUVRRTElRQ2MxTFIyS1MwdG03WjR3cWVRc0pwREsyaUMwNUozUFNEUnllcjYtYV9IaGpON0FFZEtUcS1PODR5MlY2OFNFbkJyNUhLR0hLeFA0WWdfck45VmxveFNn?oc=5\" target=\"_blank\" rel=\"nofollow noopener\">La France dos au mur face \u00e0 la Belgique en quart de finale de Coupe davis apr\u00e8s la d\u00e9faite de Corentin Moutet contre Rapha\u00ebl Collignon<\/a>&nbsp;&nbsp;L&rsquo;\u00c9quipe<\/li>\n<li><a href=\"https:\/\/news.google.com\/rss\/articles\/CBMisAJBVV95cUxOVl93LXBMb1N0TlpCbXFaWUVBMXItUkowVmprdEtoNFF3ZnBabVZLSU5SclA3UmFWdE5uVkx3Yk93YVFhSkRlMDdBam5TVmV4YUwxbE1jMExoTFM4SEwyOEJoMkFhZ01PTkc2bEhWMTJjUG16cVB3OW85Q0hGd0pEZVNMUFI1SXR3SUw2U1hBWWR6MlN0aFNjcERwcUdNRnVlZFlGM1YydklvTVpvcjNfT3hYeS1hdkhZU2ZDcjE2SXdDR3JpMndEdDdrbjRJWG1HcFVnT2w3Tk82TlpsTVlOa1M4ZVdDcFZ4WXJTNW9jcUpTOWFuSkktLTE4Z255eEI0R0lYZ3VweWJ2MHdwa2dxSldld000Vy0xRmgwbkU4QmJvMXhLYXJWdXQzVnNGSjBn?oc=5\" target=\"_blank\" rel=\"nofollow noopener\">La France dos au mur apr\u00e8s la d\u00e9faite tr\u00e8s frustrante de Corentin Moutet contre Rapha\u00ebl Collignon<\/a>&nbsp;&nbsp;Eurosport<\/li>\n<li><a href=\"https:\/\/news.google.com\/rss\/articles\/CBMi2AFBVV95cUxQVDh0WFJnTll2S1hyZUQ1WldraEhlMU02cU1ycnNjcm5JcU1IVkE2TE9OUjRxcnJhTVpNR2JwaWhSeTdpTTZsWFNmQnpZUmpRdmgzRGl4ZzB4Njl5NExuS1NuaGtCWWZBX2d1Sy1LaTNBVEF3Z3A0R0gzUmZ2T1dqVU5LX0JjVzRxU1RZYnFjeTBRUi1EYjVfX1NKUGNjOHhSS00xM2ZNUURMNGRTU3ItNWZ6dTZ3M0xoSV9vMVNEbEpDYW0zdE9sWFRLb2psYjNCNGpYZ0lCd2M?oc=5\" target=\"_blank\" rel=\"nofollow noopener\">DIRECT. France-Belgique: apr\u00e8s la d\u00e9faite de Moutet, Rinderknech n&rsquo;a plus le choix<\/a>&nbsp;&nbsp;RMC Sport<\/li>\n<li><a href=\"https:\/\/news.google.com\/rss\/articles\/CBMirAFBVV95cUxORnRqbTAxOTlnUDFaenlDQ2Y1YThBWmJJWUpWZlNaUXpISEhhZDZhYV9IZDdrRC15MGtYZHJCXzZoekpSRUNCaE8wWDNSWVJSTVhPbmthaHVQeExtRVJGXzZENjBvU0JVY2pCeWtOY3cxaWpYTnRvYTlXVkxRLXlvd3IyVmNYbjRySFZvaXFkZTNabm5QRzlJaDhRT1FQc0hfZVNZMU0tRlZma0Z0?oc=5\" target=\"_blank\" rel=\"nofollow noopener\">Un Jour avec les Bleus #5 | Phase finale | Coupe Davis 2025<\/a>&nbsp;&nbsp;F\u00e9d\u00e9ration Fran\u00e7aise de Tennis<\/li>\n<li><a href=\"https:\/\/news.google.com\/rss\/articles\/CBMisgFBVV95cUxPLXlRNlhhekpvbm5WMTNaOTN6WWhHM0tLam5vZmdVS2x2RTZUZGp1R3U5QWlob0RoQzJ1VjYyYUk4c1N3YnliNFhybGZuR1F4Rkk0Q1hPb2lsMHlPd3FBakRnY3AwTnFPZVlKVkUtUFI0M09PWU15UHZERnZ4OTlEdEFVZWN1aWoyaFU1dlJZcEtrZXFVY1NJZXBxWG5XUVZXdkloVGlyUzdYaWJoSmdTX1VB?oc=5\" target=\"_blank\" rel=\"nofollow noopener\">Coupe Davis : L\u2019\u00e9norme rat\u00e9 de Corentin Moutet en vid\u00e9o<\/a>&nbsp;&nbsp;Le Figaro<\/li>\n<\/ol>\n","protected":false},"excerpt":{"rendered":"La France dos au mur face \u00e0 la Belgique en quart de finale de Coupe davis apr\u00e8s la&hellip;\n","protected":false},"author":2,"featured_media":543030,"comment_status":"","ping_status":"","sticky":false,"template":"","format":"standard","meta":{"footnotes":""},"categories":[1415],"tags":[1011,27,60,1467],"class_list":{"0":"post-543029","1":"post","2":"type-post","3":"status-publish","4":"format-standard","5":"has-post-thumbnail","7":"category-tennis","8":"tag-fr","9":"tag-france","10":"tag-sports","11":"tag-tennis"},"share_on_mastodon":{"url":"https:\/\/pubeurope.com\/@fr\/115572171325058818","error":""},"_links":{"self":[{"href":"https:\/\/www.europesays.com\/fr\/wp-json\/wp\/v2\/posts\/543029","targetHints":{"allow":["GET"]}}],"collection":[{"href":"https:\/\/www.europesays.com\/fr\/wp-json\/wp\/v2\/posts"}],"about":[{"href":"https:\/\/www.europesays.com\/fr\/wp-json\/wp\/v2\/types\/post"}],"author":[{"embeddable":true,"href":"https:\/\/www.europesays.com\/fr\/wp-json\/wp\/v2\/users\/2"}],"replies":[{"embeddable":true,"href":"https:\/\/www.europesays.com\/fr\/wp-json\/wp\/v2\/comments?post=543029"}],"version-history":[{"count":0,"href":"https:\/\/www.europesays.com\/fr\/wp-json\/wp\/v2\/posts\/543029\/revisions"}],"wp:featuredmedia":[{"embeddable":true,"href":"https:\/\/www.europesays.com\/fr\/wp-json\/wp\/v2\/media\/543030"}],"wp:attachment":[{"href":"https:\/\/www.europesays.com\/fr\/wp-json\/wp\/v2\/media?parent=543029"}],"wp:term":[{"taxonomy":"category","embeddable":true,"href":"https:\/\/www.europesays.com\/fr\/wp-json\/wp\/v2\/categories?post=543029"},{"taxonomy":"post_tag","embeddable":true,"href":"https:\/\/www.europesays.com\/fr\/wp-json\/wp\/v2\/tags?post=543029"}],"curies":[{"name":"wp","href":"https:\/\/api.w.org\/{rel}","templated":true}]}}