{"id":543031,"date":"2025-11-18T18:45:19","date_gmt":"2025-11-18T18:45:19","guid":{"rendered":"https:\/\/www.europesays.com\/fr\/543031\/"},"modified":"2025-11-18T18:45:19","modified_gmt":"2025-11-18T18:45:19","slug":"team-eliteorga-us-saint-herblain-leffectif-2026-actualite","status":"publish","type":"post","link":"https:\/\/www.europesays.com\/fr\/543031\/","title":{"rendered":"Team EliteOrga-US Saint-Herblain : L\u2019effectif 2026 &#8211; Actualit\u00e9"},"content":{"rendered":"<p style=\"text-align: justify;\">Le<strong>\u00a0<a href=\"https:\/\/www.directvelo.com\/equipe\/65\/team-eliteorga-us-saint-herblain\" target=\"_blank\" rel=\"noopener\">Team EliteOrga-US Saint-Herblain<\/a><\/strong> poss\u00e8de un effectif de seize \u00e9l\u00e9ments pour la saison 2026. Le club de Loire-Atlantique compte neuf recrues. <br \/>En 2025, le Team EliteOrga-US Saint-Herblain a termin\u00e9 2e du Challenge DirectVelo des N3 et de la Coupe de France N3.<\/p>\n<p><strong>L\u2019effectif 2026 du Team EliteOrga-US Saint-Herblain :<\/strong><br \/>Matisse Babonneau, 26 ans (Team Deux-S\u00e8vres)<br \/>Ewen Chatelais, 18 ans (US Vern Cyclisme)<br \/>Paul Cocault, 24 ans (Sabl\u00e9 Sarthe Cyclisme)<br \/>Maxime Cormerais, 18 ans (Guidon Machecoulais)<br \/>Mathieu David, 21 ans<br \/>Titouan Foubert, 18 ans (VC Saint-James)<br \/>Paolo Janitor, 21 ans<br \/>Axel Le Bohec, 24 ans<br \/>Jean Le Bot, 20 ans<br \/>Thomas Lebot, 21 ans (Team Adris-La Cr\u00eape de Broc\u00e9liande-BLC)<br \/>Jules Lemperi\u00e8re, 20 ans (UC Cholet 49)<br \/>Romain Migeon, 21 ans (Team Deux-S\u00e8vres)<br \/>Tugdual Nicolas, 18 ans (Association Cycliste Noyal-Ch\u00e2tillon)<br \/>Mathis Ollivaud, 20 ans<br \/>Florian Rapiteau, 26 ans<br \/>Gabriel Thomas, 23 ans<\/p>\n<p>Les principaux d\u00e9parts : Th\u00e9o H\u00e9bert (Vend\u00e9e U) et Damien Ridel (arr\u00eat).<\/p>\n","protected":false},"excerpt":{"rendered":"Le\u00a0Team EliteOrga-US Saint-Herblain poss\u00e8de un effectif de seize \u00e9l\u00e9ments pour la saison 2026. Le club de Loire-Atlantique compte&hellip;\n","protected":false},"author":2,"featured_media":543032,"comment_status":"","ping_status":"","sticky":false,"template":"","format":"standard","meta":{"footnotes":""},"categories":[1411],"tags":[834,828,836,829,837,827,83,826,824,823,1154,207,814,817,815,816,822,821,832,211,839,1011,27,820,818,819,835,831,830,833,838,60,212,208,825],"class_list":{"0":"post-543031","1":"post","2":"type-post","3":"status-publish","4":"format-standard","5":"has-post-thumbnail","7":"category-cyclisme","8":"tag-attaque","9":"tag-belgique","10":"tag-braquet","11":"tag-bretagne","12":"tag-chute","13":"tag-competition","14":"tag-coupe-de-france","15":"tag-coureur","16":"tag-course-cyclisme","17":"tag-course-cycliste","18":"tag-cycling","19":"tag-cyclisme","20":"tag-direct","21":"tag-direct-velo","22":"tag-directvelo","23":"tag-directvelo-com","24":"tag-epreuve","25":"tag-epreuve-cycliste","26":"tag-federation-francaise-de-cyclisme","27":"tag-ffc","28":"tag-flandres","29":"tag-fr","30":"tag-france","31":"tag-live","32":"tag-live-course","33":"tag-live-epreuve","34":"tag-peloton","35":"tag-radio-peloton","36":"tag-radio-tour","37":"tag-ravitaillement","38":"tag-relance","39":"tag-sports","40":"tag-uci","41":"tag-velo","42":"tag-velos"},"share_on_mastodon":{"url":"https:\/\/pubeurope.com\/@fr\/115572187119350794","error":""},"_links":{"self":[{"href":"https:\/\/www.europesays.com\/fr\/wp-json\/wp\/v2\/posts\/543031","targetHints":{"allow":["GET"]}}],"collection":[{"href":"https:\/\/www.europesays.com\/fr\/wp-json\/wp\/v2\/posts"}],"about":[{"href":"https:\/\/www.europesays.com\/fr\/wp-json\/wp\/v2\/types\/post"}],"author":[{"embeddable":true,"href":"https:\/\/www.europesays.com\/fr\/wp-json\/wp\/v2\/users\/2"}],"replies":[{"embeddable":true,"href":"https:\/\/www.europesays.com\/fr\/wp-json\/wp\/v2\/comments?post=543031"}],"version-history":[{"count":0,"href":"https:\/\/www.europesays.com\/fr\/wp-json\/wp\/v2\/posts\/543031\/revisions"}],"wp:featuredmedia":[{"embeddable":true,"href":"https:\/\/www.europesays.com\/fr\/wp-json\/wp\/v2\/media\/543032"}],"wp:attachment":[{"href":"https:\/\/www.europesays.com\/fr\/wp-json\/wp\/v2\/media?parent=543031"}],"wp:term":[{"taxonomy":"category","embeddable":true,"href":"https:\/\/www.europesays.com\/fr\/wp-json\/wp\/v2\/categories?post=543031"},{"taxonomy":"post_tag","embeddable":true,"href":"https:\/\/www.europesays.com\/fr\/wp-json\/wp\/v2\/tags?post=543031"}],"curies":[{"name":"wp","href":"https:\/\/api.w.org\/{rel}","templated":true}]}}