{"id":543043,"date":"2025-11-18T18:53:28","date_gmt":"2025-11-18T18:53:28","guid":{"rendered":"https:\/\/www.europesays.com\/fr\/543043\/"},"modified":"2025-11-18T18:53:28","modified_gmt":"2025-11-18T18:53:28","slug":"des-propos-du-directeur-de-la-cinematheque-sur-maria-schneider-juges-inacceptables-par-les-etudiants-de-la-sorbonne-liberation","status":"publish","type":"post","link":"https:\/\/www.europesays.com\/fr\/543043\/","title":{"rendered":"des propos du directeur de la Cin\u00e9math\u00e8que sur Maria Schneider jug\u00e9s inacceptables par les \u00e9tudiants de la Sorbonne \u2013 Lib\u00e9ration"},"content":{"rendered":"<p class=\"sc-cPiKLX AiZTS text-element\">A peine moins d\u2019un an apr\u00e8s la pol\u00e9mique qui secouait la Cin\u00e9math\u00e8que fran\u00e7aise en d\u00e9cembre 2024, provoquant l\u2019annulation d\u2019une s\u00e9ance du Dernier Tango \u00e0 Paris sur fond de mobilisation f\u00e9ministe, Fr\u00e9d\u00e9ric Bonnaud ne fait pas dans le repentir. Le 22 octobre \u00e0 l\u2019Universit\u00e9 Paris-I-Panth\u00e9on-Sorbonne, le directeur de la Cin\u00e9math\u00e8que fran\u00e7aise \u00e9tait convi\u00e9 \u00e0 intervenir aupr\u00e8s d\u2019une classe d\u2019\u00e9tudiants en cin\u00e9ma dans le cadre d\u2019une \u00abcin\u00e9-rencontre\u00bb organis\u00e9e par un enseignant, comme le r\u00e9v\u00e8le <a href=\"https:\/\/www.mediapart.fr\/journal\/culture-et-idees\/181125\/des-propos-arrieres-du-directeur-de-la-cinematheque-creent-la-polemique-la-sorbonne\" target=\"_blank\" rel=\"nofollow noopener\" title=\"https:\/\/www.mediapart.fr\/journal\/culture-et-idees\/181125\/des-propos-arrieres-du-directeur-de-la-cinematheque-creent-la-polemique-la-sorbonne\">Mediapart<\/a> ce mardi 18 novembre.<\/p>\n<p class=\"sc-cPiKLX AiZTS text-element\">A cette occasion, un \u00e9tudiant interrogeait l\u2019invit\u00e9 sur la projection tr\u00e8s pol\u00e9mique du film de <a href=\"https:\/\/www.liberation.fr\/cinema\/2018\/11\/26\/bernardo-bertolucci-realisateur-du-dernier-tango-a-paris-et-de-1900-est-mort_1694309\/\" target=\"_blank\" rel=\"noreferrer nofollow noopener\" title=\"https:\/\/www.liberation.fr\/cinema\/2018\/11\/26\/bernardo-bertolucci-realisateur-du-dernier-tango-a-paris-et-de-1900-est-mort_1694309\/\">Bernardo Bertolucci<\/a> (sorti en 1972) \u00e0 la Cin\u00e9math\u00e8que l\u2019hiver dernier, dans lequel l\u2019acteur Marlon Brando, avec la complicit\u00e9 du cin\u00e9aste, simule une sc\u00e8ne de sodomie \u00e0 l\u2019aide d\u2019une motte de beurre sans l<\/p>\n","protected":false},"excerpt":{"rendered":"A peine moins d\u2019un an apr\u00e8s la pol\u00e9mique qui secouait la Cin\u00e9math\u00e8que fran\u00e7aise en d\u00e9cembre 2024, provoquant l\u2019annulation&hellip;\n","protected":false},"author":2,"featured_media":543044,"comment_status":"","ping_status":"","sticky":false,"template":"","format":"standard","meta":{"footnotes":""},"categories":[1354],"tags":[58,59,1346,1011,27,1360,626,797],"class_list":{"0":"post-543043","1":"post","2":"type-post","3":"status-publish","4":"format-standard","5":"has-post-thumbnail","7":"category-films","8":"tag-divertissement","9":"tag-entertainment","10":"tag-films","11":"tag-fr","12":"tag-france","13":"tag-movies","14":"tag-paris","15":"tag-violences-faites-aux-femmes"},"share_on_mastodon":{"url":"https:\/\/pubeurope.com\/@fr\/115572218533456887","error":""},"_links":{"self":[{"href":"https:\/\/www.europesays.com\/fr\/wp-json\/wp\/v2\/posts\/543043","targetHints":{"allow":["GET"]}}],"collection":[{"href":"https:\/\/www.europesays.com\/fr\/wp-json\/wp\/v2\/posts"}],"about":[{"href":"https:\/\/www.europesays.com\/fr\/wp-json\/wp\/v2\/types\/post"}],"author":[{"embeddable":true,"href":"https:\/\/www.europesays.com\/fr\/wp-json\/wp\/v2\/users\/2"}],"replies":[{"embeddable":true,"href":"https:\/\/www.europesays.com\/fr\/wp-json\/wp\/v2\/comments?post=543043"}],"version-history":[{"count":0,"href":"https:\/\/www.europesays.com\/fr\/wp-json\/wp\/v2\/posts\/543043\/revisions"}],"wp:featuredmedia":[{"embeddable":true,"href":"https:\/\/www.europesays.com\/fr\/wp-json\/wp\/v2\/media\/543044"}],"wp:attachment":[{"href":"https:\/\/www.europesays.com\/fr\/wp-json\/wp\/v2\/media?parent=543043"}],"wp:term":[{"taxonomy":"category","embeddable":true,"href":"https:\/\/www.europesays.com\/fr\/wp-json\/wp\/v2\/categories?post=543043"},{"taxonomy":"post_tag","embeddable":true,"href":"https:\/\/www.europesays.com\/fr\/wp-json\/wp\/v2\/tags?post=543043"}],"curies":[{"name":"wp","href":"https:\/\/api.w.org\/{rel}","templated":true}]}}