{"id":543049,"date":"2025-11-18T18:56:14","date_gmt":"2025-11-18T18:56:14","guid":{"rendered":"https:\/\/www.europesays.com\/fr\/543049\/"},"modified":"2025-11-18T18:56:14","modified_gmt":"2025-11-18T18:56:14","slug":"il-ne-peut-plus-marcher-plus-parler-eric-judor-les-nouvelles-ne-sont-pas-bonnes-mais-le-comedien-reste-combattif","status":"publish","type":"post","link":"https:\/\/www.europesays.com\/fr\/543049\/","title":{"rendered":"\u00ab\u00a0Il ne peut plus marcher, plus parler\u00a0\u00bb, \u00c9ric Judor, les nouvelles ne sont pas bonnes mais le com\u00e9dien reste combattif"},"content":{"rendered":"<p>\u00c9ric Judor a troqu\u00e9 son humour pour faire preuve de s\u00e9rieux. Et pour cause, l\u2019un de ses amis lutte actuellement contre une terrible maladie : la maladie de Charcot.<a href=\"https:\/\/www.public.fr\/cest-lhomme-de-ma-vie-ramzy-bedia-sa-belle-declaration-en-pleine-interview-pour-eric-judor\" target=\"_blank\" rel=\"noopener\"> L\u2019acolyte de Ramzy<\/a> a partag\u00e9 le t\u00e9moignage d\u2019un ami en commun, qui met en avant le courage de Nicolas Beretti et la r\u00e9silience de ce dernier face \u00e0 la situation.\u00a0<\/p>\n<p>\u00c0 l\u2019heure actuelle, La maladie de Charcot (SLA) touche en France environ 7 000 personnes, d&rsquo;une moyenne d&rsquo;\u00e2ge de 55 ans, dont cinq diagnostiqu\u00e9es et quatre d\u00e9c\u00e8s par jour. La recherche ne cesse d\u2019avancer mais un traitement n\u2019a toujours pas \u00e9t\u00e9 trouv\u00e9. C\u2019est pourquoi, \u00c9ric Judor a tenu \u00e0 rappeler \u00e0 quel point aider les chercheurs est important \u00e0 l\u2019heure actuelle.<\/p>\n<p>\u00c9ric Judor appelle sa communaut\u00e9 \u00e0 faire des dons pour faire avancer la recherche<\/p>\n<p>Pour tenter de faire prendre conscience de la situation \u00e0 ses abonn\u00e9s,<a href=\"https:\/\/www.public.fr\/ah-tes-un-connard-en-fait-eric-judor-demande-a-interrompre-une-interview-avec-une-celebre-youtubeuse\" target=\"_blank\" rel=\"noopener\"> l\u2019humoriste a<\/a> partag\u00e9 un d\u00e9chirant t\u00e9moignage. <strong>\u00ab\u00a0Vous vous souvenez de mon gars, le faux b\u00fbcheron dans qui est l\u2019imposteur\u00a0\u00bb<\/strong>, \u00e9crit l\u2019acolyte de <a href=\"https:\/\/vsd.fr\/tag\/ramzy-bedia\/\" target=\"_blank\" rel=\"noopener\">Ramzy<\/a> dans un premier temps pour permettre \u00e0 sa communaut\u00e9 de mettre un visage sur le nom de son ami : Nicolas Beretti.<\/p>\n<p>Ce dernier avait pris part \u00e0 <a href=\"https:\/\/www.public.fr\/gp-explorer-3-squeezie-termine-dans-les-graviers-mais-bat-un-record-important\" target=\"_blank\" rel=\"noopener\">la vid\u00e9o de Squeezie<\/a>, <strong>Qui est l\u2019imposteur<\/strong>, il y a deux ans. Dans ce contenu, il se faisait passer pour un faux b\u00fbcheron, lui permettant de berner le Youtubeur et Ramzy. Mais depuis deux ans, la vie de Nicolas Beretti a malheureusement bien chang\u00e9 comme le r\u00e9v\u00e8le \u00c9ric Judor \u00e0 travers une publication Instagram alarmante mais n\u00e9anmoins remplie d\u2019espoir et de courage.\u00a0<\/p>\n<p><strong>\u00ab\u00a0Et bien il ne peut plus parler, plus marcher, aujourd\u2019hui, enferm\u00e9 dans son corps, \u00e0 cause de cette maladie de Charcot\u00a0\u00bb<\/strong>, regrette-t-il avant de faire preuve d\u2019espoir : \u00ab\u00a0Mais si la recherche avance plus vite, on va le sauver, et sauver des milliers d\u2019autres personnes. Y a une cagnotte. Moi je donne. Vous pouvez aussi, si le c\u0153ur vous en dit. @arsla_ don.arsla.org. C\u2019est l\u00e0 que \u00e7a se passe\u00a0\u00bb.<\/p>\n<p>\u00ab\u00a0Courage mon Nicolas Beretti , on va prendre exemple sur toi et on va se battre \u00e0 tes c\u00f4t\u00e9s. Bisous mon vieux. Stay strong (c\u2019est de l\u2019am\u00e9ricain)\u00a0\u00bb, a conclu \u00c9ric Judor sur une l\u00e9g\u00e8re pointe d\u2019humour malgr\u00e9 tout.<\/p>\n<p>Malgr\u00e9 la maladie, Nicolas Beretti se bat et a r\u00e9colt\u00e9 de nombreux fonds<\/p>\n<p>Dans la vid\u00e9o partag\u00e9e par \u00c9ric Judor, un ami en commun \u00e9voque le cas de Nicolas Beretti, ayant appris son diagnostic en 2022 : <strong>\u00ab\u00a0on lui a annonc\u00e9 qu&rsquo;il lui restait trois ans \u00e0 vivre\u00a0\u00bb.<\/strong> L\u2019homme qui souffre de la maladie de Charcot a, \u00e0 ce jour, cr\u00e9\u00e9 trois bo\u00eetes, dont une avec \u00c9ric Judor, mais aussi une association de d\u00e9fense de l&rsquo;environnement, des centaines de conf\u00e9rences, dont un TEDx, deux livres.<\/p>\n<p>En plus de cela, l\u2019ami de l\u2019humoriste est \u00e9galement un jeune mari\u00e9 et un tout jeune papa. \u00ab\u00a0Bref, un mec qui bouffe la vie et qui inspire les autres \u00e0 en faire autant. Il y a trois ans, il sent une petite faiblesse dans sa jambe droite. En quelques semaines, \u00e7a se d\u00e9grade. Il arrive plus \u00e0 courir. M\u00e9decin, puis neurologue, puis examen en urgence, le diagnostic tombe\u00a0\u00bb, apprenons-nous dans la vid\u00e9o partag\u00e9e par \u00c9ric Judor. Face \u00e0 la situation, Nicolas Beretti a alors cr\u00e9\u00e9 le projet SLIA, le premier dispositif de recherche pour vaincre la maladie de Charcot gr\u00e2ce \u00e0 l&rsquo;intelligence artificielle.<\/p>\n<p>\u00c0 ce jour, avec ses nombreuses initiatives, l\u2019ami de l\u2019humoriste a collect\u00e9 plus de cinq cent mille euros en quelques mois, ce qui permettra de financer quatre nouveaux projets de recherche. Il a m\u00eame \u00e9t\u00e9 re\u00e7u \u00e0 l\u2019\u00c9lys\u00e9e et a contribu\u00e9 au lancement de l&rsquo;Institut Charcot, nouveau bras arm\u00e9 pour combattre la SLA.<\/p>\n<p>\n          Hits &amp; People en continu\n        <\/p>\n<p>\n          Public Radio\n        <\/p>\n<p>      Mentionn\u00e9s dans cet article<\/p>\n<p>      Sur le m\u00eame sujet<\/p>\n","protected":false},"excerpt":{"rendered":"\u00c9ric Judor a troqu\u00e9 son humour pour faire preuve de s\u00e9rieux. Et pour cause, l\u2019un de ses amis&hellip;\n","protected":false},"author":2,"featured_media":543050,"comment_status":"","ping_status":"","sticky":false,"template":"","format":"standard","meta":{"footnotes":""},"categories":[8],"tags":[58,59,21535,1011,27,12000,27665,28198],"class_list":{"0":"post-543049","1":"post","2":"type-post","3":"status-publish","4":"format-standard","5":"has-post-thumbnail","7":"category-divertissement","8":"tag-divertissement","9":"tag-entertainment","10":"tag-eric-judor","11":"tag-fr","12":"tag-france","13":"tag-ramzy-bedia","14":"tag-sclerose-en-plaques","15":"tag-squeezie"},"share_on_mastodon":{"url":"https:\/\/pubeurope.com\/@fr\/115572230394048369","error":""},"_links":{"self":[{"href":"https:\/\/www.europesays.com\/fr\/wp-json\/wp\/v2\/posts\/543049","targetHints":{"allow":["GET"]}}],"collection":[{"href":"https:\/\/www.europesays.com\/fr\/wp-json\/wp\/v2\/posts"}],"about":[{"href":"https:\/\/www.europesays.com\/fr\/wp-json\/wp\/v2\/types\/post"}],"author":[{"embeddable":true,"href":"https:\/\/www.europesays.com\/fr\/wp-json\/wp\/v2\/users\/2"}],"replies":[{"embeddable":true,"href":"https:\/\/www.europesays.com\/fr\/wp-json\/wp\/v2\/comments?post=543049"}],"version-history":[{"count":0,"href":"https:\/\/www.europesays.com\/fr\/wp-json\/wp\/v2\/posts\/543049\/revisions"}],"wp:featuredmedia":[{"embeddable":true,"href":"https:\/\/www.europesays.com\/fr\/wp-json\/wp\/v2\/media\/543050"}],"wp:attachment":[{"href":"https:\/\/www.europesays.com\/fr\/wp-json\/wp\/v2\/media?parent=543049"}],"wp:term":[{"taxonomy":"category","embeddable":true,"href":"https:\/\/www.europesays.com\/fr\/wp-json\/wp\/v2\/categories?post=543049"},{"taxonomy":"post_tag","embeddable":true,"href":"https:\/\/www.europesays.com\/fr\/wp-json\/wp\/v2\/tags?post=543049"}],"curies":[{"name":"wp","href":"https:\/\/api.w.org\/{rel}","templated":true}]}}