{"id":543053,"date":"2025-11-18T18:58:13","date_gmt":"2025-11-18T18:58:13","guid":{"rendered":"https:\/\/www.europesays.com\/fr\/543053\/"},"modified":"2025-11-18T18:58:13","modified_gmt":"2025-11-18T18:58:13","slug":"macron-prone-la-preference-europeenne-dans-la-tech-budget-pacte-dutreil-ce-quil-faut-retenir-de-ce-mardi-18-novembre","status":"publish","type":"post","link":"https:\/\/www.europesays.com\/fr\/543053\/","title":{"rendered":"Macron pr\u00f4ne la pr\u00e9f\u00e9rence europ\u00e9enne dans la tech, budget, pacte Dutreil\u2026 Ce qu&rsquo;il faut retenir de ce mardi 18 novembre"},"content":{"rendered":"<p>Bonsoir \u00e0 tous, nous sommes le<strong> mardi 18<\/strong><strong>\u00a0novembre<\/strong>. Dans l&rsquo;essentiel de l&rsquo;actualit\u00e9, Emmanuel Macron a martel\u00e9 son \u00ab\u2009refus d&rsquo;\u00eatre un vassal\u2009\u00bb des \u00c9tats-Unis et de la Chine dans la tech. Il n&rsquo;y a pas de suspension des ventes de <strong>Perrier<\/strong> sous l&rsquo;appellation \u00ab\u2009eau min\u00e9rale naturelle\u2009\u00bb. Enfin, la coalition gouvernementale douche tout espoir d&rsquo;une adoption du <strong>budget<\/strong> en premi\u00e8re lecture.<\/p>\n<p>Bonne fin de journ\u00e9e et bonne lecture ! \ud83d\udc4b<\/p>\n<p><strong>\ud83d\udccd<\/strong> Macron pr\u00f4ne la \u00ab\u2009pr\u00e9f\u00e9rence europ\u00e9enne\u2009\u00bb dans la tech&#13;\n<\/p>\n<p><strong>Ne pas \u00eatre un \u00ab\u2009vassal\u2009\u00bb, \u00ab\u2009pr\u00e9f\u00e9rence europ\u00e9enne\u2009\u00bb, <\/strong><strong>\u00ab\u2009forger son chemin num\u00e9rique\u2009\u00bb..<\/strong>. Friedrich Merz et Emmanuel Macron ont appel\u00e9 ce mardi \u00e0 la <strong>mobilisation pour \u00ab\u2009une souverainet\u00e9 num\u00e9rique\u2009\u00bb europ\u00e9enne<\/strong>, et rattraper le retard sur les \u00c9tats-Unis et la Chine. Le pr\u00e9sident fran\u00e7ais et le chancelier allemand cl\u00f4turaient un <strong>sommet de responsables politiques et d&rsquo;acteurs de la tech<\/strong> avec l&rsquo;objectif d&rsquo;impulser en tandem cette qu\u00eate d&rsquo;ind\u00e9pendance technologique, alors que l&rsquo;Europe accuse un retard consid\u00e9rable, en particulier dans le domaine de l&rsquo;IA.<\/p>\n<p><strong>\ud83d\udccd <\/strong>La coalition gouvernementale d\u00e9sapprouve la partie recettes du budget&#13;\n<\/p>\n<p><strong>C&rsquo;est l&rsquo;entourage de S\u00e9bastien Lecornu qui a vendu la m\u00e8che.<\/strong> Les groupes du camp gouvernemental \u00e0 l&rsquo;Assembl\u00e9e lui ont signifi\u00e9 ce mardi qu&rsquo;ils ne pourraient pas voter la partie recettes du projet de budget de l&rsquo;\u00c9tat pour 2026, invoquant l&rsquo;<strong>\u00ab\u2009insinc\u00e9rit\u00e9\u2009\u00bb des mesures adopt\u00e9es<\/strong>. Si ces groupes ont affirm\u00e9 vouloir \u00ab\u2009un compromis\u2009\u00bb lors de la navette parlementaire, selon l&rsquo;entourage du Premier ministre, ils devraient donc osciller <strong>entre abstentions et vote contre<\/strong> sur ce texte d&rsquo;ici \u00e0 dimanche. Le patron des d\u00e9put\u00e9s Les R\u00e9publicains Laurent Wauquiez a annonc\u00e9 son rejet du texte au vu de \u00ab\u2009toutes les horreurs fiscales\u2009\u00bb qu&rsquo;il contient.<\/p>\n<p>\ud83d\udccd La Cour des comptes propose de r\u00e9former le pacte Dutreil<strong\/>&#13;\n<\/p>\n<p>\u25b6 La <strong>Cour des comptes<\/strong> a propos\u00e9 mardi une r\u00e9forme du <strong>pacte Dutreil<\/strong>, dispositif qui offre des conditions fiscales tr\u00e8s avantageuses pour les transmissions d&rsquo;entreprises familiales, dont elle juge le co\u00fbt \u00ab\u2009\u00e9lev\u00e9\u2009\u00bb pour <strong>des r\u00e9sultats \u00e9conomiques \u00ab\u2009<\/strong><strong>peu discernables<\/strong><strong>\u2009\u00bb<\/strong>. Alors que le Pacte offre un<strong> abattement de<\/strong> <strong>75%<\/strong> sur la valeur de l&rsquo;entreprise transmise, \u00e0 condition d&rsquo;une conservation de celle-ci par les h\u00e9ritiers pendant une p\u00e9riode d\u00e9termin\u00e9e, la Cour des comptes propose d&rsquo;une part de \u00ab\u2009supprimer les m\u00e9canismes <strong>relevant de l&rsquo;optimisation fiscale<\/strong>\u2009\u00bb, d&rsquo;autre part de revoir \u00e0 la baisse le taux d&rsquo;exon\u00e9ration actuel.<\/p>\n<p>\u25b6 Le <strong>Medef et le Meti<\/strong> (Mouvement des entreprises de taille interm\u00e9diaire) ont vivement contest\u00e9 ce midi \u00ab\u2009les analyses et conclusions\u2009\u00bb de la Cour des comptes, <strong>les qualifiant de \u00ab<\/strong><strong>\u2009partiales et partielles<\/strong><strong>\u2009\u00bb<\/strong>.<\/p>\n<p>\u25b6 De son c\u00f4t\u00e9, <strong>Bercy<\/strong> juge \u00ab\u2009n\u00e9cessaire\u2009\u00bb de pr\u00e9server le pacte Dutreil, avec seulement des \u00ab\u2009ajustements\u2009\u00bb.<strong\/><\/p>\n<p>\ud83d\udccd La r\u00e9mun\u00e9ration des dirigeants du CAC 40 en baisse<strong\/>&#13;\n<\/p>\n<p><strong>\u25b6 Les grands patrons gagnent moins.<\/strong> La r\u00e9mun\u00e9ration moyenne des dirigeants des entreprises du CAC 40 a <strong>baiss\u00e9 de 9% en 2024<\/strong> par rapport \u00e0 2023, \u00e0 6,5 millions d&rsquo;euros par dirigeant, d&rsquo;apr\u00e8s un rapport publi\u00e9 mardi par le cabinet Proxinvest. Leur r\u00e9mun\u00e9ration m\u00e9diane s&rsquo;\u00e9l\u00e8ve quant \u00e0 elle \u00e0 environ <strong>5,6 millions d&rsquo;euros en 2024<\/strong>, \u00ab\u2009son plus haut niveau historique depuis la [premi\u00e8re] publication du rapport Proxinvest\u2009\u00bb, en 1999, en augmentation de 5 % par rapport \u00e0 2023.<\/p>\n<p>\u25b6 Le <strong>SBF 120<\/strong>, l&rsquo;indice \u00e9largi qui regroupe les 120 plus grosses entreprises cot\u00e9es \u00e0 Paris, y compris celle du CAC 40, conna\u00eet \u00e9galement une <strong>baisse de la r\u00e9mun\u00e9ration totale moyenne des dirigeants, de 4%, \u00e0 4,2 millions d&rsquo;euros<\/strong>. La m\u00e9diane est quant \u00e0 elle en hausse de 8 %, \u00e0 <strong>3,4 millions d&rsquo;euros<\/strong>, son \u00ab\u2009deuxi\u00e8me plus haut niveau historique\u2009\u00bb.<\/p>\n<p><strong>\ud83d\udccd<\/strong> Perrier : pas de suspension de l&rsquo;appellation \u00ab\u2009eau min\u00e9rale naturelle\u2009\u00bb&#13;\n<\/p>\n<p>Le tribunal judiciaire de Nanterre a autoris\u00e9 ce mardi la poursuite de la <strong>commercialisation des eaux Perrier, marque de Nestl\u00e9 Wasters, sous l&rsquo;appellation \u00ab\u2009eau min\u00e9rale naturelle\u2009\u00bb<\/strong>, apr\u00e8s le recours introduit en r\u00e9f\u00e9r\u00e9 par l&rsquo;UFC-Que Choisir. L&rsquo;association de consommateurs arguait que la microfiltration utilis\u00e9e par le groupe sur ses eaux faisait que celles-ci ne pouvaient plus pr\u00e9tendre \u00e0 l&rsquo;appellation \u00ab\u2009eau min\u00e9rale naturelle\u2009\u00bb, et demandait une \u00ab\u2009interdiction de commercialisation\u2009\u00bb et \u00ab\u2009la cessation des tromperies\u2009\u00bb. \u00ab\u2009L&rsquo;existence d&rsquo;un risque sanitaire pour le consommateur [&#8230;] n&rsquo;est nullement \u00e9tablie avec l&rsquo;\u00e9vidence requise en r\u00e9f\u00e9r\u00e9, de sorte qu&rsquo;aucun dommage imminent n&rsquo;est d\u00e9montr\u00e9\u2009\u00bb, a r\u00e9pondu le tribunal dans sa d\u00e9cision.<\/p>\n<p><strong>\ud83d\udccd <\/strong>L&rsquo;Arabie Saoudite promet d&rsquo;investir 1000 milliards de dollars aux Etats-Unis&#13;\n<\/p>\n<p><strong>Le prince h\u00e9ritier saoudien Mohammed ben Salmane<\/strong> a promis mardi au pr\u00e9sident am\u00e9ricain Donald Trump d&rsquo;investir <strong>1000 milliards de dollars aux Etats-Unis<\/strong>. \u00ab\u2009Nous croyons en l&rsquo;avenir de (&#8230;) l&rsquo;Am\u00e9rique. Je crois, Monsieur le Pr\u00e9sident, qu&rsquo;aujourd&rsquo;hui et demain, nous pouvons annoncer que nous allons augmenter ces 600 milliards \u00e0 pr\u00e8s de 1000 milliards de dollars pour l&rsquo;investissement\u2009\u00bb, a-t-il dit dans le Bureau ovale, un geste dont s&rsquo;est f\u00e9licit\u00e9 le pr\u00e9sident am\u00e9ricain.<\/p>\n<p>\ud83d\udcc9 Les Bourses europ\u00e9ennes dans le rouge&#13;\n<\/p>\n<p><strong>Les Bourses europ\u00e9ennes ont termin\u00e9 dans le rouge<\/strong> ce mardi, plomb\u00e9es par les inqui\u00e9tudes grandissantes concernant la valorisation potentiellement excessive des g\u00e9ants du secteur de l&rsquo;intelligence artificielle.<strong> Paris a fini en recul de 1,86%<\/strong>, Londres a perdu 1,27% et Francfort 1,74%. Milan a c\u00e9d\u00e9 2,12%.<\/p>\n<p>(Veille r\u00e9alis\u00e9e avec l&rsquo;AFP et Reuters)<\/p>\n","protected":false},"excerpt":{"rendered":"Bonsoir \u00e0 tous, nous sommes le mardi 18\u00a0novembre. Dans l&rsquo;essentiel de l&rsquo;actualit\u00e9, Emmanuel Macron a martel\u00e9 son \u00ab\u2009refus&hellip;\n","protected":false},"author":2,"featured_media":543054,"comment_status":"","ping_status":"","sticky":false,"template":"","format":"standard","meta":{"footnotes":""},"categories":[6],"tags":[16187,17,1003,35,17488,66118,33,34,4538,8290,1011,27,11514,9778,24649,40959,46138,19989,18017,18252,16033],"class_list":{"0":"post-543053","1":"post","2":"type-post","3":"status-publish","4":"format-standard","5":"has-post-thumbnail","7":"category-economie","8":"tag-16187","9":"tag-17","10":"tag-budget","11":"tag-business","12":"tag-ce","13":"tag-dutreil","14":"tag-economie","15":"tag-economy","16":"tag-europeenne","17":"tag-faut","18":"tag-fr","19":"tag-france","20":"tag-macron","21":"tag-mardi","22":"tag-novembre","23":"tag-pacte","24":"tag-preference","25":"tag-prone","26":"tag-quil","27":"tag-retenir","28":"tag-tech"},"share_on_mastodon":{"url":"https:\/\/pubeurope.com\/@fr\/115572238538452398","error":""},"_links":{"self":[{"href":"https:\/\/www.europesays.com\/fr\/wp-json\/wp\/v2\/posts\/543053","targetHints":{"allow":["GET"]}}],"collection":[{"href":"https:\/\/www.europesays.com\/fr\/wp-json\/wp\/v2\/posts"}],"about":[{"href":"https:\/\/www.europesays.com\/fr\/wp-json\/wp\/v2\/types\/post"}],"author":[{"embeddable":true,"href":"https:\/\/www.europesays.com\/fr\/wp-json\/wp\/v2\/users\/2"}],"replies":[{"embeddable":true,"href":"https:\/\/www.europesays.com\/fr\/wp-json\/wp\/v2\/comments?post=543053"}],"version-history":[{"count":0,"href":"https:\/\/www.europesays.com\/fr\/wp-json\/wp\/v2\/posts\/543053\/revisions"}],"wp:featuredmedia":[{"embeddable":true,"href":"https:\/\/www.europesays.com\/fr\/wp-json\/wp\/v2\/media\/543054"}],"wp:attachment":[{"href":"https:\/\/www.europesays.com\/fr\/wp-json\/wp\/v2\/media?parent=543053"}],"wp:term":[{"taxonomy":"category","embeddable":true,"href":"https:\/\/www.europesays.com\/fr\/wp-json\/wp\/v2\/categories?post=543053"},{"taxonomy":"post_tag","embeddable":true,"href":"https:\/\/www.europesays.com\/fr\/wp-json\/wp\/v2\/tags?post=543053"}],"curies":[{"name":"wp","href":"https:\/\/api.w.org\/{rel}","templated":true}]}}