{"id":543075,"date":"2025-11-18T19:12:15","date_gmt":"2025-11-18T19:12:15","guid":{"rendered":"https:\/\/www.europesays.com\/fr\/543075\/"},"modified":"2025-11-18T19:12:15","modified_gmt":"2025-11-18T19:12:15","slug":"a-rouen-cette-asso-fete-20-ans-de-lutte","status":"publish","type":"post","link":"https:\/\/www.europesays.com\/fr\/543075\/","title":{"rendered":"\u00e0 Rouen, cette asso f\u00eate 20 ans de lutte"},"content":{"rendered":"<p>                    Par<br \/>\n        <strong><br \/>\n            <a href=\"https:\/\/actu.fr\/auteur\/lily-dedeye\" title=\"Consulter tous les articles de Lily Dedeye\" rel=\"nofollow noopener\" target=\"_blank\">Lily Dedeye<\/a><br \/>\n                    <\/strong><\/p>\n<p>        Publi\u00e9 le<\/p>\n<p>            18 nov. 2025 \u00e0 20h10        <\/p>\n<p>Guillaume Grima travaille pour <strong>l\u2019association Effet de Serre toi-m\u00eame<\/strong> <a href=\"https:\/\/actu.fr\/normandie\/rouen_76540\" rel=\"nofollow noopener\" target=\"_blank\">\u00e0 Rouen<\/a> depuis 2015. Cette association sp\u00e9cialis\u00e9e dans la lutte pour le climat, il l\u2019a vu \u00e9voluer,<strong> il a port\u00e9 certains de ses combats<\/strong> et a \u00e9t\u00e9 t\u00e9moin de ses difficult\u00e9s et de ses r\u00e9ussites. Aujourd\u2019hui, il revient sur dix ans de travail et <strong>sur les 20 ans de la structure.<\/strong><\/p>\n<p>Les origines d\u2019Effet de serre toi-m\u00eame<\/p>\n<p class=\" wall-content\">Selon Guillaume Grima, <strong>Effet de serre a eu deux vies<\/strong>. Une entre 2005 et 2015 et une seconde, de 2015 \u00e0 nos jours. \u00ab\u00a0\u00c0 l\u2019origine, c\u2019\u00e9tait une association qui<strong> accompagnait des habitants \u00e0 faire des travaux de r\u00e9novation \u00e9nerg\u00e9tique<\/strong> dans les logements\u00a0\u00bb, explique le responsable.<\/p>\n<p class=\" wall-content\">En 2015, l\u2019association <strong>prend un nouveau tournant<\/strong>. Les deux derniers b\u00e9n\u00e9voles s\u2019appr\u00eatent \u00e0 la dissoudre. Mais pour Guillaume Grima c\u2019est inenvisageable, et il d\u00e9cide de reprendre les rennes. \u00ab\u00a0On ne pouvait pas dissoudre l\u2019association l\u2019ann\u00e9e o\u00f9 la COP21 fixe des objectifs de limitation de temp\u00e9rature\u00a0\u00bb, s\u2019exclame-t-il.<\/p>\n<p class=\" wall-content\">En l\u2019espace de six mois, Guillaume Grima remonte une \u00e9quipe et change les objectifs de l\u2019association. \u00ab\u00a0C\u2019est devenu une association q<strong>ui sensibilise et informe<\/strong> sur les questions du climat.\u00a0\u00bb<\/p>\n<p class=\" wall-content\">Les b\u00e9n\u00e9voles agissent sur deux secteurs : ils cherchent des moyens pour att\u00e9nuer le r\u00e9chauffement climatique et proposent des<strong> solutions d\u2019adaptation du territoire<\/strong>. \u00ab\u00a0Pour ce faire, on \u00e9tudie les documents officiels de la pr\u00e9fecture et on \u00e9met des critiques constructives en proposant des solutions \u00e0 ce qui nous para\u00eet inadapt\u00e9.\u00a0\u00bb<\/p>\n<p>Leurs combats pour le climat<\/p>\n<p class=\" wall-content\">Ces derni\u00e8res ann\u00e9es, l\u2019association a permis d\u2019agir sur de nombreux projets : cr\u00e9ation d\u2019une navette fluviale solaire \u00e0 la place d\u2019une passerelle pour traverser la Seine, ouverture du chantier de la livraison en centre ville, cr\u00e9ation d\u2019un jardin sur un parking, \u00e0 la place d\u2019un parking a\u00e9rien. Les d\u00e9marches ont souvent \u00e9t\u00e9 fastidieuses et chronophages mais les b\u00e9n\u00e9voles se sont toujours battus. \u00ab\u00a0On a souvent<strong> plus de 20 projets \u00e0 la fois<\/strong>. Certains aboutissent, d\u2019autres non.\u00a0\u00bb\u00a0<\/p>\n<p>Votre r\u00e9gion, votre actu !<\/p>\n<p>Recevez chaque jour les infos qui comptent pour vous.<\/p>\n<p>\t<a href=\"https:\/\/actu.fr\/newsletter\" class=\"ac-btn ac-btn--corner ac-btn--medium ac-btn--blue800\" rel=\"nofollow noopener\" target=\"_blank\">S&rsquo;incrire<\/a><\/p>\n<p class=\" wall-content\">En 10 ans ce sont donc aussi bien<strong> des r\u00e9ussites que des d\u00e9ceptions<\/strong> qui ont marqu\u00e9 l\u2019association. \u00ab\u00a0Notre plus grande r\u00e9ussite \u00e7a reste l\u2019arr\u00eat du financement de l\u2019A133 \u2013 A134 [<a href=\"https:\/\/actu.fr\/normandie\/rouen_76540\/contournement-est-de-rouen-opposants-ecrivent-elisabeth-borne_59641666.html\" rel=\"nofollow noopener\" target=\"_blank\">aka le contournement Est<\/a>]. On a montr\u00e9 que l\u2019A133 avait, en r\u00e9alit\u00e9, un faible int\u00e9r\u00eat pour les habitants de Rouen.\u00a0\u00bb Pour lui, c\u2019est \u00ab\u00a0une vraie fiert\u00e9\u00a0\u00bb, m\u00eame si le projet n\u2019est pour l\u2019heure pas abandonn\u00e9 officiellement.<\/p>\n<p class=\" wall-content\">C\u00f4t\u00e9 d\u00e9ception, Guillaume Grima confie : \u00ab\u00a0On a eu une grosse contrari\u00e9t\u00e9 il y a quelque temps. On avait mont\u00e9 un dossier pour cr\u00e9er des oasis urbaines, on voulait transformer des places de stationnement en espace v\u00e9g\u00e9talis\u00e9. On l\u2019a propos\u00e9 pour un concours, on l\u2019a gagn\u00e9 mais la mairie n\u2019a pas tenu son engagement et ne l\u2019a jamais mis en place\u00a0\u00bb.\u00a0<\/p>\n<blockquote class=\"ac-article-quote wall-content\">\n<p>Ce que l&rsquo;on a accompli, c&rsquo;est gr\u00e2ce \u00e0 la force de nos id\u00e9es r\u00e9unies, bas\u00e9e sur une connaissance approfondie du territoire.\u00a0<\/p>\n<p>    <strong>Guillaume Grima<\/strong><br \/>\n        Effet de serre toi-m\u00eame    <\/p><\/blockquote>\n<p>Une association reconnue<\/p>\n<p class=\" wall-content\">\u00c0 ce jour, Effet de serre est une institution <strong>cr\u00e9dible et reconnue<\/strong> aupr\u00e8s des politiques publiques et des habitants. \u00ab\u00a0On fait en sorte de travailler tous ensemble. Chacun a une expertise. Nous avons une expertise du territoire, les habitants ont une expertise d\u2019usage et les \u00e9lus ont une expertise dans la prise de d\u00e9cision. On essaie de mobiliser tout le monde pour apporter les meilleures r\u00e9ponses possibles \u00e0 la question climatique.\u00a0\u00bb\u00a0\u00a0<\/p>\n<blockquote class=\"ac-article-quote wall-content\">\n<p>On agit comme \u00e7a pour l&rsquo;association, car c&rsquo;est le plaisir de la chose publique et une pr\u00e9occupation de soci\u00e9t\u00e9 sur la situation climatique. On est \u00e0 +6-7 degr\u00e9s pour un mois de novembre \u00e0 Rouen [par rapport aux normales saisonni\u00e8res], c&rsquo;est inqui\u00e9tant.<\/p>\n<p>    <strong>Guillaume Grima<\/strong><br \/>\n        Responsable l\u00e9gal de l&rsquo;association    <\/p><\/blockquote>\n<p class=\" wall-content\">Pour revenir sur ces 20 ans de vie et de grands moments, l\u2019association organise <strong>une apr\u00e8s-midi festive le 22 novembre<\/strong>. Au programme : balade festive, go\u00fbter et jeux pour les enfants, tables rondes, sensibilisation, concert, ap\u00e9ritif, banquet et DJ set. \u00ab\u00a0C\u2019est l\u2019occasion de revenir sur toutes ces questions du climat, sensibiliser, montrer ce que l\u2019on a accompli jusque l\u00e0 et vulgariser certaines notions.\u00a0\u00bb<\/p>\n<p class=\" wall-content\">Nathalie Maine, b\u00e9n\u00e9vole, a \u00e9galement pr\u00e9vu une frise chronologique participative pour l\u2019occasion. Elle invite tous ceux qui le souhaitent \u00e0 \u00e9crire sur cette derni\u00e8re pour apporter leurs m\u00e9moires et souvenirs.<\/p>\n<p>Tarif : Gratuit\u00a0<br \/>Adresse : Centre Texcier \u00e0 Rouen<br \/>Acc\u00e8s : ligne T2 Arr\u00eat Saint-Pierre ou ligne 20 arr\u00eat Piscine de Bihorel<\/p>\n<p>Suivez l\u2019actualit\u00e9 de Rouen <a href=\"https:\/\/www.whatsapp.com\/channel\/0029VaKfnf99hXF2ddApFB1D\" rel=\"nofollow noopener\" target=\"_blank\">sur notre cha\u00eene WhatsApp<\/a> et <a href=\"https:\/\/www.tiktok.com\/@76actu.fr?lang=fr\" rel=\"nofollow noopener\" target=\"_blank\">sur notre compte TikTok<\/a><\/p>\n<p class=\" wall-content\">Personnalisez votre actualit\u00e9 en ajoutant vos villes et m\u00e9dias en favori avec <a href=\"https:\/\/moncompte.actu.fr\" title=\"D\u00e9couvez Mon Actu\" rel=\"nofollow noopener\" data-trk=\"{&quot;cta&quot;:{&quot;action&quot;:&quot;https:\\\/\\\/moncompte.actu.fr&quot;,&quot;category&quot;:&quot;mon compte&quot;,&quot;from&quot;:&quot;article footer&quot;,&quot;name&quot;:&quot;Mon actu&quot;,&quot;type&quot;:&quot;cta&quot;}}\" target=\"_blank\">Mon Actu<\/a>.<\/p>\n<p>                    <script async src=\"\/\/www.tiktok.com\/embed.js\"><\/script><\/p>\n","protected":false},"excerpt":{"rendered":"Par Lily Dedeye Publi\u00e9 le 18 nov. 2025 \u00e0 20h10 Guillaume Grima travaille pour l\u2019association Effet de Serre&hellip;\n","protected":false},"author":2,"featured_media":543076,"comment_status":"","ping_status":"","sticky":false,"template":"","format":"standard","meta":{"footnotes":""},"categories":[9587],"tags":[1111,11,4734,1129,1777,674,1011,27,12,5161,52,5140,25,9590],"class_list":{"0":"post-543075","1":"post","2":"type-post","3":"status-publish","4":"format-standard","5":"has-post-thumbnail","7":"category-rouen","8":"tag-actu","9":"tag-actualites","10":"tag-changement-climatique","11":"tag-climat","12":"tag-eu","13":"tag-europe","14":"tag-fr","15":"tag-france","16":"tag-news","17":"tag-normandie","18":"tag-planete","19":"tag-rechauffement-climatique","20":"tag-republique-francaise","21":"tag-rouen"},"share_on_mastodon":{"url":"https:\/\/pubeurope.com\/@fr\/115572293232647756","error":""},"_links":{"self":[{"href":"https:\/\/www.europesays.com\/fr\/wp-json\/wp\/v2\/posts\/543075","targetHints":{"allow":["GET"]}}],"collection":[{"href":"https:\/\/www.europesays.com\/fr\/wp-json\/wp\/v2\/posts"}],"about":[{"href":"https:\/\/www.europesays.com\/fr\/wp-json\/wp\/v2\/types\/post"}],"author":[{"embeddable":true,"href":"https:\/\/www.europesays.com\/fr\/wp-json\/wp\/v2\/users\/2"}],"replies":[{"embeddable":true,"href":"https:\/\/www.europesays.com\/fr\/wp-json\/wp\/v2\/comments?post=543075"}],"version-history":[{"count":0,"href":"https:\/\/www.europesays.com\/fr\/wp-json\/wp\/v2\/posts\/543075\/revisions"}],"wp:featuredmedia":[{"embeddable":true,"href":"https:\/\/www.europesays.com\/fr\/wp-json\/wp\/v2\/media\/543076"}],"wp:attachment":[{"href":"https:\/\/www.europesays.com\/fr\/wp-json\/wp\/v2\/media?parent=543075"}],"wp:term":[{"taxonomy":"category","embeddable":true,"href":"https:\/\/www.europesays.com\/fr\/wp-json\/wp\/v2\/categories?post=543075"},{"taxonomy":"post_tag","embeddable":true,"href":"https:\/\/www.europesays.com\/fr\/wp-json\/wp\/v2\/tags?post=543075"}],"curies":[{"name":"wp","href":"https:\/\/api.w.org\/{rel}","templated":true}]}}