{"id":543083,"date":"2025-11-18T19:16:25","date_gmt":"2025-11-18T19:16:25","guid":{"rendered":"https:\/\/www.europesays.com\/fr\/543083\/"},"modified":"2025-11-18T19:16:25","modified_gmt":"2025-11-18T19:16:25","slug":"des-travaux-de-maintenance-prevus-en-gare-de-rennes-pendant-la-nuit-fin-novembre","status":"publish","type":"post","link":"https:\/\/www.europesays.com\/fr\/543083\/","title":{"rendered":"Des travaux de maintenance pr\u00e9vus en gare de Rennes pendant la nuit, fin novembre"},"content":{"rendered":"<p>Dans le cadre du plan national de r\u00e9novation du r\u00e9seau ferroviaire, SNCF R\u00e9seau a programm\u00e9 des travaux de maintenance (coupe de rails, bourrage de joint et meulage de soudures sur les voies) en <a href=\"http:\/\/www.rennes.maville.com\/actu\/actudet_-la-gare-de-rennes-parmi-les-chantiers-les-plus-spectaculaires-de-france_52674-3514180_actu.Htm\" target=\"_blank\" rel=\"noopener\">gare de Rennes<\/a> (c\u00f4t\u00e9 Paris). Ces travaux se d\u00e9rouleront de nuit du 24\u00a0novembre au 5\u00a0d\u00e9cembre 2025, entre 22\u00a0h et 6\u00a0h du matin.<\/p>\n<p>Moderniser les installations ferroviaires<\/p>\n<p>Ce chantier a pour objectifs de moderniser les installations ferroviaires, garantir le niveau de performance de l\u2019infrastructure, d\u2019optimiser la r\u00e9gularit\u00e9 et le confort des voyageurs.<\/p>\n<p>Ce type de travaux engendre des nuisances sonores dues au fonctionnement des <a href=\"https:\/\/rennes.maville.com\/actu\/actudet_-malgre-230-trains-par-jour-le-trafic-reste-insuffisant-en-gare-de-rennes-mais-devrait-evoluer-_7-6740746_actu.Htm\" target=\"_blank\" rel=\"noopener\">trains<\/a> travaux et des engins de chantier en particulier l\u2019avertisseur sonore qui assure la s\u00e9curit\u00e9 des agents.<\/p>\n<p>\u00a0<\/p>\n","protected":false},"excerpt":{"rendered":"Dans le cadre du plan national de r\u00e9novation du r\u00e9seau ferroviaire, SNCF R\u00e9seau a programm\u00e9 des travaux de&hellip;\n","protected":false},"author":2,"featured_media":543084,"comment_status":"","ping_status":"","sticky":false,"template":"","format":"standard","meta":{"footnotes":""},"categories":[2821],"tags":[1111,11,829,1777,674,5729,1011,27,7533,16975,12,24649,293,15971,3086,584,25,2086],"class_list":{"0":"post-543083","1":"post","2":"type-post","3":"status-publish","4":"format-standard","5":"has-post-thumbnail","7":"category-rennes","8":"tag-actu","9":"tag-actualites","10":"tag-bretagne","11":"tag-eu","12":"tag-europe","13":"tag-fin","14":"tag-fr","15":"tag-france","16":"tag-gare","17":"tag-maintenance","18":"tag-news","19":"tag-novembre","20":"tag-nuit","21":"tag-prevus","22":"tag-redon","23":"tag-rennes","24":"tag-republique-francaise","25":"tag-travaux"},"share_on_mastodon":{"url":"https:\/\/pubeurope.com\/@fr\/115572309065768846","error":""},"_links":{"self":[{"href":"https:\/\/www.europesays.com\/fr\/wp-json\/wp\/v2\/posts\/543083","targetHints":{"allow":["GET"]}}],"collection":[{"href":"https:\/\/www.europesays.com\/fr\/wp-json\/wp\/v2\/posts"}],"about":[{"href":"https:\/\/www.europesays.com\/fr\/wp-json\/wp\/v2\/types\/post"}],"author":[{"embeddable":true,"href":"https:\/\/www.europesays.com\/fr\/wp-json\/wp\/v2\/users\/2"}],"replies":[{"embeddable":true,"href":"https:\/\/www.europesays.com\/fr\/wp-json\/wp\/v2\/comments?post=543083"}],"version-history":[{"count":0,"href":"https:\/\/www.europesays.com\/fr\/wp-json\/wp\/v2\/posts\/543083\/revisions"}],"wp:featuredmedia":[{"embeddable":true,"href":"https:\/\/www.europesays.com\/fr\/wp-json\/wp\/v2\/media\/543084"}],"wp:attachment":[{"href":"https:\/\/www.europesays.com\/fr\/wp-json\/wp\/v2\/media?parent=543083"}],"wp:term":[{"taxonomy":"category","embeddable":true,"href":"https:\/\/www.europesays.com\/fr\/wp-json\/wp\/v2\/categories?post=543083"},{"taxonomy":"post_tag","embeddable":true,"href":"https:\/\/www.europesays.com\/fr\/wp-json\/wp\/v2\/tags?post=543083"}],"curies":[{"name":"wp","href":"https:\/\/api.w.org\/{rel}","templated":true}]}}