{"id":543087,"date":"2025-11-18T19:18:38","date_gmt":"2025-11-18T19:18:38","guid":{"rendered":"https:\/\/www.europesays.com\/fr\/543087\/"},"modified":"2025-11-18T19:18:38","modified_gmt":"2025-11-18T19:18:38","slug":"la-librairie-le-tigre-vendue-pour-devenir-un-cafe-librairie","status":"publish","type":"post","link":"https:\/\/www.europesays.com\/fr\/543087\/","title":{"rendered":"La librairie Le Tigre vendue pour devenir un caf\u00e9-librairie"},"content":{"rendered":"<p class=\"wp-block-post-excerpt__excerpt\">La librairie ind\u00e9pendante Le Tigre, quai des Bateliers \u00e0 Strasbourg, va devenir un caf\u00e9-librairie. Son propri\u00e9taire, Nicolas Deprez, a vendu le fonds de commerce au dirigeant du parc animalier Sainte-Croix. <\/p>\n<p class=\"font-sans\">\n\t\t\tCet article est en acc\u00e8s libre. Pour soutenir Rue89 Strasbourg,<br \/>\n\t\t\t<a class=\"underline\" href=\"https:\/\/www.rue89strasbourg.com\/abonnement\" target=\"_blank\" rel=\"noopener\">abonnez-vous<\/a>.\n\t\t<\/p>\n<p>Pierre France<\/p>\n<p>Publi\u00e9 le 18 novembre 2025\u00a0\u00a0\u00b7\u00a0\u00a0<\/p>\n<p>Imprim\u00e9 le 18 novembre 2025 \u00e0 20h00\u00a0\u00a0\u00b7\u00a0\u00a0<\/p>\n<p>Modifi\u00e9 le 18 novembre 2025\u00a0\u00a0\u00b7\u00a0\u00a0<\/p>\n<p>\t\t\t\t\t2\u00a0minutes\n<\/p>\n<p>Le m\u00e9dia sp\u00e9cialis\u00e9 dans l\u2019actualit\u00e9 du livre, <a href=\"https:\/\/actualitte.com\/article\/127572\/librairie\/a-strasbourg-la-librairie-le-tigre-a-un-nouveau-proprietaire\" target=\"_blank\" rel=\"noreferrer noopener\">Actualitt\u00e9, a r\u00e9v\u00e9l\u00e9 que la librairie Le Tigre, install\u00e9e au 36, quai des Bateliers \u00e0 Strasbourg et sp\u00e9cialis\u00e9e dans la bande dessin\u00e9e avait \u00e9t\u00e9 vendue<\/a>. L\u2019information a \u00e9t\u00e9 confirm\u00e9e \u00e0 Rue89 Strasbourg par Nicolas Deprez qui fait \u00e9tat <a href=\"https:\/\/www.rue89strasbourg.com\/librairies-independantes-tache-noire-278466\" target=\"_blank\" rel=\"noreferrer noopener\">d\u2019une situation \u00e9conomique d\u00e9grad\u00e9e<\/a>\u00a0:<\/p>\n<blockquote class=\"wp-block-quote is-layout-flow wp-block-quote-is-layout-flow\">\n<p>\u00ab\u00a0Depuis 2020, chaque ann\u00e9e est pire que la pr\u00e9c\u00e9dente. Je n\u2019arrivais plus \u00e0 \u00e9quilibrer les comptes et c\u2019est pas mon truc de faire des Ulule\u2026 C\u2019est devenu tr\u00e8s compliqu\u00e9. Sur un bouquin, une fois tout enlev\u00e9, il me reste 1%\u2026 En tant qu\u2019ind\u00e9pendant, ce n\u2019est pas tenable.\u00a0\u00bb<\/p>\n<\/blockquote>\n<p>C\u2019est Laurent Singer, dirigeant du parc animalier Sainte-Croix pr\u00e8s de Sarrebourg en Moselle, qui s\u2019est port\u00e9 acqu\u00e9reur du fonds de commerce du Tigre pour 150\u00a0000\u20ac. Nicolas Deprez d\u00e9taille\u00a0:<\/p>\n<blockquote class=\"wp-block-quote is-layout-flow wp-block-quote-is-layout-flow\">\n<p>\u00ab\u00a0C\u2019est un copain. Je lui ai fait part de mes difficult\u00e9s et lui voulait d\u00e9velopper un caf\u00e9 avec des sp\u00e9cialit\u00e9s et des p\u00e2tisseries \u00e0 Strasbourg. Donc apr\u00e8s quelques \u00e9changes, il a propos\u00e9 de racheter le fonds, d\u2019y installer un caf\u00e9 sur la partie en fa\u00e7ade des locaux et de me garder en temps que salari\u00e9 pour continuer \u00e0 g\u00e9rer la librairie dans l\u2019arri\u00e8re boutique.\u00a0\u00bb<\/p>\n<\/blockquote>\n<p><a href=\"https:\/\/www.rue89strasbourg.com\/livrets-enquetes-librairie-363522\" target=\"_blank\" rel=\" noreferrer noopener\"><img loading=\"lazy\" decoding=\"async\" width=\"970\" height=\"250\" src=\"https:\/\/www.europesays.com\/fr\/wp-content\/uploads\/2025\/11\/copie-de-copie-de-bannie\u0300re-nl-lpl-970-x-250-px.png\" alt=\"\" class=\"wp-image-366707\" style=\"object-fit:cover;width:970px;height:250px\"  \/><\/a><\/p>\n<p>En bonne place sur le quai<\/p>\n<p>Le Tigre \u00e9tant id\u00e9alement plac\u00e9 sur le quai des Bateliers, <a href=\"https:\/\/www.rue89strasbourg.com\/reamenagement-quais-zone-pietonne-107647\" target=\"_blank\" rel=\"noreferrer noopener\">pi\u00e9tonnis\u00e9 depuis 2019<\/a>, le nouveau commerce va demander une licence III et l\u2019autorisation d\u2019installer une terrasse. L\u2019objectif \u00e9tant d\u2019ouvrir apr\u00e8s quelques semaines de travaux au premier semestre 2026. <\/p>\n<p>Cette transformation du Tigre marque un nouveau recul pour les librairies et les commerces ind\u00e9pendants \u00e0 Strasbourg. Mais Nicolas Deprez reste combatif\u00a0:<\/p>\n<blockquote class=\"wp-block-quote is-layout-flow wp-block-quote-is-layout-flow\">\n<p>\u00ab\u00a0Je perds environ 100\u00a0000\u20ac dans cette affaire et ma soci\u00e9t\u00e9 est liquid\u00e9e mais au moins, je vais pouvoir continuer \u00e0 proposer des bandes dessin\u00e9es avec la m\u00eame politique \u00e9ditoriale. Donc m\u00eame si ce sera dans un format r\u00e9duit, la librairie continue et \u00e7a a beaucoup jou\u00e9 dans ma d\u00e9cision. J\u2019ai d\u2019ailleurs dit \u00e0 Laurent qu\u2019avec cette affaire, il continuait d\u2019\u0153uvrer pour la pr\u00e9servation d\u2019esp\u00e8ces menac\u00e9es\u2026\u00a0\u00bb<\/p>\n<\/blockquote>\n","protected":false},"excerpt":{"rendered":"La librairie ind\u00e9pendante Le Tigre, quai des Bateliers \u00e0 Strasbourg, va devenir un caf\u00e9-librairie. Son propri\u00e9taire, Nicolas Deprez,&hellip;\n","protected":false},"author":2,"featured_media":543088,"comment_status":"","ping_status":"","sticky":false,"template":"","format":"standard","meta":{"footnotes":""},"categories":[2820],"tags":[1111,11,7227,1777,674,1011,27,775,7373,12,63721,25,640],"class_list":{"0":"post-543087","1":"post","2":"type-post","3":"status-publish","4":"format-standard","5":"has-post-thumbnail","7":"category-strasbourg","8":"tag-actu","9":"tag-actualites","10":"tag-commerces","11":"tag-eu","12":"tag-europe","13":"tag-fr","14":"tag-france","15":"tag-grand-est","16":"tag-librairies","17":"tag-news","18":"tag-quai-des-bateliers","19":"tag-republique-francaise","20":"tag-strasbourg"},"share_on_mastodon":{"url":"https:\/\/pubeurope.com\/@fr\/115572318615713573","error":""},"_links":{"self":[{"href":"https:\/\/www.europesays.com\/fr\/wp-json\/wp\/v2\/posts\/543087","targetHints":{"allow":["GET"]}}],"collection":[{"href":"https:\/\/www.europesays.com\/fr\/wp-json\/wp\/v2\/posts"}],"about":[{"href":"https:\/\/www.europesays.com\/fr\/wp-json\/wp\/v2\/types\/post"}],"author":[{"embeddable":true,"href":"https:\/\/www.europesays.com\/fr\/wp-json\/wp\/v2\/users\/2"}],"replies":[{"embeddable":true,"href":"https:\/\/www.europesays.com\/fr\/wp-json\/wp\/v2\/comments?post=543087"}],"version-history":[{"count":0,"href":"https:\/\/www.europesays.com\/fr\/wp-json\/wp\/v2\/posts\/543087\/revisions"}],"wp:featuredmedia":[{"embeddable":true,"href":"https:\/\/www.europesays.com\/fr\/wp-json\/wp\/v2\/media\/543088"}],"wp:attachment":[{"href":"https:\/\/www.europesays.com\/fr\/wp-json\/wp\/v2\/media?parent=543087"}],"wp:term":[{"taxonomy":"category","embeddable":true,"href":"https:\/\/www.europesays.com\/fr\/wp-json\/wp\/v2\/categories?post=543087"},{"taxonomy":"post_tag","embeddable":true,"href":"https:\/\/www.europesays.com\/fr\/wp-json\/wp\/v2\/tags?post=543087"}],"curies":[{"name":"wp","href":"https:\/\/api.w.org\/{rel}","templated":true}]}}