{"id":543097,"date":"2025-11-18T19:23:33","date_gmt":"2025-11-18T19:23:33","guid":{"rendered":"https:\/\/www.europesays.com\/fr\/543097\/"},"modified":"2025-11-18T19:23:33","modified_gmt":"2025-11-18T19:23:33","slug":"pres-de-cinquante-exposants-made-in-france-a-decouvrir-au-marche-de-noel-de","status":"publish","type":"post","link":"https:\/\/www.europesays.com\/fr\/543097\/","title":{"rendered":"Pr\u00e8s de cinquante exposants \u00ab\u00a0Made in France\u00a0\u00bb \u00e0 d\u00e9couvrir au march\u00e9 de No\u00ebl de"},"content":{"rendered":"<p>La magie de No\u00ebl s\u2019installera \u00e0 Mauves-sur-Loire, pr\u00e8s de Nantes (Loire-Atlantique), samedi 6\u00a0d\u00e9cembre, sur le Champ de Foire et la rue de la Loire, \u00e0 l\u2019occasion du quatri\u00e8me <a href=\"https:\/\/maubeuge.maville.com\/actu\/actudet_-retombees-economiques-embauches...-derriere-la-magie-le-business-des-marches-de-noel-_52716-7065126_actu.Htm?utm_source=troove&amp;utm_medium=site\" target=\"_self\" rel=\"noopener\">march\u00e9 de No\u00ebl organis\u00e9 par la Ville<\/a>.<\/p>\n<p>Pr\u00e8s d\u2019une cinquantaine d\u2019artisans, cr\u00e9ateurs et producteurs locaux \u2013 tous made in France \u2013 proposeront leurs r\u00e9alisations originales et gourmandes. Le droit de place des exposants, accessible \u00e0 20\u00a0\u20ac par stand, pay\u00e9 \u00e0 la commune, sera int\u00e9gralement revers\u00e9 au T\u00e9l\u00e9thon.<\/p>\n<p>Des animations gratuites\u00a0auront lieu tout au long de la journ\u00e9e\u00a0: fanfare de cuivres Les Anchahuteurs, spectacle son et lumi\u00e8re sign\u00e9 La Team Ross, balades en cal\u00e8che, man\u00e8ge \u00e0 p\u00e9dales, maquillage, tombola, pr\u00e9sence du P\u00e8re No\u00ebl et sa hotte de friandises\u2026 Sans oublier la traditionnelle bo\u00eete aux lettres pour poster les souhaits des enfants. La biblioth\u00e8que de Mauves proposera \u00e9galement des livres et magazines \u00e0 prix r\u00e9duits au profit du T\u00e9l\u00e9thon.<\/p>\n<p><strong>Samedi 6\u00a0d\u00e9cembre<\/strong> <strong>,<\/strong> de 10\u00a0h \u00e0 20\u00a0h, sur le Champ de Foire et la rue de la Loire, \u00e0 Mauves-sur-Loire. Certains artisans n\u2019ont pas de lecteurs de cartes bancaires, pr\u00e9voir esp\u00e8ces et ch\u00e9quier (il n\u2019y a pas de distributeurs de billets \u00e0 Mauves). Foodtrucks et buvette sur place. <a href=\"https:\/\/www.mauvessurloire.fr\/agenda\/marche-de-noel-de-mauves\/\" target=\"_self\" rel=\"noopener\">Plus d\u2019informations sur le site internet de la Ville<\/a>.<\/p>\n<p>\u00a0<\/p>\n","protected":false},"excerpt":{"rendered":"La magie de No\u00ebl s\u2019installera \u00e0 Mauves-sur-Loire, pr\u00e8s de Nantes (Loire-Atlantique), samedi 6\u00a0d\u00e9cembre, sur le Champ de Foire&hellip;\n","protected":false},"author":2,"featured_media":543098,"comment_status":"","ping_status":"","sticky":false,"template":"","format":"standard","meta":{"footnotes":""},"categories":[2818],"tags":[1111,11,3979,1777,674,15330,1011,27,6922,2089,19138,766,12,15830,2636,3762,25],"class_list":{"0":"post-543097","1":"post","2":"type-post","3":"status-publish","4":"format-standard","5":"has-post-thumbnail","7":"category-nantes","8":"tag-actu","9":"tag-actualites","10":"tag-decouvrir","11":"tag-eu","12":"tag-europe","13":"tag-exposants","14":"tag-fr","15":"tag-france","16":"tag-in","17":"tag-marche","18":"tag-mauves-sur-loire","19":"tag-nantes","20":"tag-news","21":"tag-noel","22":"tag-pays-de-la-loire","23":"tag-pres","24":"tag-republique-francaise"},"share_on_mastodon":{"url":"https:\/\/pubeurope.com\/@fr\/115572336551258664","error":""},"_links":{"self":[{"href":"https:\/\/www.europesays.com\/fr\/wp-json\/wp\/v2\/posts\/543097","targetHints":{"allow":["GET"]}}],"collection":[{"href":"https:\/\/www.europesays.com\/fr\/wp-json\/wp\/v2\/posts"}],"about":[{"href":"https:\/\/www.europesays.com\/fr\/wp-json\/wp\/v2\/types\/post"}],"author":[{"embeddable":true,"href":"https:\/\/www.europesays.com\/fr\/wp-json\/wp\/v2\/users\/2"}],"replies":[{"embeddable":true,"href":"https:\/\/www.europesays.com\/fr\/wp-json\/wp\/v2\/comments?post=543097"}],"version-history":[{"count":0,"href":"https:\/\/www.europesays.com\/fr\/wp-json\/wp\/v2\/posts\/543097\/revisions"}],"wp:featuredmedia":[{"embeddable":true,"href":"https:\/\/www.europesays.com\/fr\/wp-json\/wp\/v2\/media\/543098"}],"wp:attachment":[{"href":"https:\/\/www.europesays.com\/fr\/wp-json\/wp\/v2\/media?parent=543097"}],"wp:term":[{"taxonomy":"category","embeddable":true,"href":"https:\/\/www.europesays.com\/fr\/wp-json\/wp\/v2\/categories?post=543097"},{"taxonomy":"post_tag","embeddable":true,"href":"https:\/\/www.europesays.com\/fr\/wp-json\/wp\/v2\/tags?post=543097"}],"curies":[{"name":"wp","href":"https:\/\/api.w.org\/{rel}","templated":true}]}}