{"id":543103,"date":"2025-11-18T19:26:17","date_gmt":"2025-11-18T19:26:17","guid":{"rendered":"https:\/\/www.europesays.com\/fr\/543103\/"},"modified":"2025-11-18T19:26:17","modified_gmt":"2025-11-18T19:26:17","slug":"rencontres-territoriales-du-sdehg-enjeux-energetiques-et-financiers-haute-garonne-st-mamet","status":"publish","type":"post","link":"https:\/\/www.europesays.com\/fr\/543103\/","title":{"rendered":"Rencontres territoriales du SDEHG : enjeux \u00e9nerg\u00e9tiques et financiers &#8211; Haute Garonne &#8211; St-Mamet"},"content":{"rendered":"<p>                    <img width=\"2560\" height=\"1701\" src=\"https:\/\/www.europesays.com\/fr\/wp-content\/uploads\/2025\/11\/2025-11-14-communique-CT-Saint-Mamet-scaled.jpg\" class=\"img-fluid landscape wp-post-image\" alt=\"Les repr\u00e9sentants du SDEHG et leurs partenaires\" itemprop=\"image\" decoding=\"async\" fetchpriority=\"high\"  \/>                    <\/p>\n<p itemprop=\"name\">\n                                                Les repr\u00e9sentants du SDEHG et leurs partenaires<br \/>\n                         Cr\u00e9dits :<br \/>\n                            MAP\n                                                <\/p>\n<p>Chaque ann\u00e9e, le Syndicat D\u00e9partemental d\u2019\u00c9nergie de la Haute-Garonne (SDEHG) organise ses rencontres territoriales permettant aux maires et d\u00e9l\u00e9gu\u00e9s des communes d\u2019\u00e9changer sur des sujets d\u2019actualit\u00e9 et des enjeux importants, en pr\u00e9sence de repr\u00e9sentants d\u2019Enedis ainsi que des entreprises de travaux et de maintenance. Le 14 novembre dernier, cette r\u00e9union territoriale s\u2019est d\u00e9roul\u00e9e \u00e0 St-Mamet, accueillie par Yvon Saint-Martin, maire de la commune. L\u2019\u00e9v\u00e9nement a rassembl\u00e9 Thierry Suaud, pr\u00e9sident du SDEHG, accompagn\u00e9 de Patrice Rival, vice-pr\u00e9sident du syndicat et conseiller d\u00e9partemental, Max Cazarr\u00e9, vice-pr\u00e9sident du SDEHG, ainsi que leurs \u00e9quipes respectives. Au cours de la rencontre, le pr\u00e9sident du SDEHG a fait le point sur le contexte \u00e9nerg\u00e9tique marqu\u00e9 par de fortes incertitudes, notamment en ce qui concerne les fluctuations des prix de l\u2019\u00e9nergie et les tarifs de rachat de l\u2019\u00e9lectricit\u00e9 produite par les installations photovolta\u00efques. Il a \u00e9galement \u00e9voqu\u00e9 les pr\u00e9occupations relatives au projet de Loi de Finances 2026, notamment le risque potentiel de suppression du Fonds de Compensation pour la TVA (FCTVA) pour les d\u00e9penses de fonctionnement, une mesure qui pourrait lourdement peser sur le budget du syndicat, en particulier pour la maintenance des \u00e9clairages publics. La r\u00e9union a mis en avant l\u2019importance de l\u2019entretien et de la r\u00e9novation des infrastructures publiques. Chaque ann\u00e9e, le SDEHG consacre 15 millions d\u2019euros \u00e0 des programmes destin\u00e9s au d\u00e9veloppement et \u00e0 la modernisation des \u00e9clairages publics, soulignant ainsi l\u2019enjeu crucial de maintenir la durabilit\u00e9 des installations communales. Face \u00e0 la mont\u00e9e des co\u00fbts \u00e9nerg\u00e9tiques et \u00e0 la diminution des ressources financi\u00e8res des collectivit\u00e9s, deux priorit\u00e9s d\u2019action ont \u00e9t\u00e9 propos\u00e9es par le SDEHG :&#13;<br \/>\n&#13;<br \/>\n&#8211; Le programme LED++, qui vise \u00e0 remplacer les anciens \u00e9quipements d\u2019\u00e9clairage public par des luminaires LED++ plus performants et \u00e9conomes.- La promotion des ombri\u00e8res photovolta\u00efques en autoconsommation pour produire et consommer localement une \u00e9nergie solaire.Pour accompagner ces projets, le syndicat propose une expertise technique, administrative et financi\u00e8re tout en assurant une veille sur les technologies de stockage, qu\u2019elles soient virtuelles ou bas\u00e9es sur des batteries. Dans une d\u00e9marche collaborative, le SDEHG s\u2019est engag\u00e9 dans une r\u00e9flexion participative sur son avenir en concertation avec les \u00e9lus, agents et acteurs du secteur \u00e9nerg\u00e9tique. Une consultation men\u00e9e aupr\u00e8s des communes a r\u00e9v\u00e9l\u00e9 un niveau de satisfaction \u00e9lev\u00e9 tout en identifiant des marges d\u2019am\u00e9lioration portant sur les co\u00fbts des prestations, la r\u00e9activit\u00e9, la qualit\u00e9 de service et le suivi des projets. Divers sujets d\u2019actualit\u00e9 ont \u00e9galement \u00e9t\u00e9 abord\u00e9s, comme les obligations relatives \u00e0 l\u2019installation de bornes de recharge pour v\u00e9hicules \u00e9lectriques (IRVE) sur les parkings comptant plus de 20 places. Les \u00e9lus ont exprim\u00e9 leur souhait d\u2019assouplir ces r\u00e9glementations afin d\u2019adapter au mieux ces infrastructures aux sp\u00e9cificit\u00e9s locales. Les difficult\u00e9s li\u00e9es \u00e0 certains projets photovolta\u00efques ont \u00e9t\u00e9 \u00e9voqu\u00e9es, notamment avec les Architectes des B\u00e2timents de France (ABF), ce qui a conduit \u00e0 la proposition d\u2019\u00e9laborer un r\u00e9f\u00e9rentiel commun avec l\u2019appui des services de l\u2019\u00c9tat. Par ailleurs, les \u00e9lus ont signal\u00e9 des complications rencontr\u00e9es avec Orange lors des op\u00e9rations d\u2019effacement de r\u00e9seaux. \u00c0 ce sujet, le SDEHG a pr\u00e9vu de recenser ces probl\u00e9matiques pour \u00e9tablir un dialogue avec l\u2019op\u00e9rateur et trouver des solutions. Le syndicat a conclu en remerciant chaleureusement les \u00e9lus du sud du d\u00e9partement pour leur engagement actif dans les travaux du Comit\u00e9 Syndical.<\/p>\n<p>                Cet article est r\u00e9serv\u00e9 aux abonn\u00e9s.<\/p>\n<p class=\"signature\" itemscope=\"\" itemprop=\"Author\" itemtype=\"http:\/\/schema.org\/Person\">\n                MAP\n            <\/p>\n","protected":false},"excerpt":{"rendered":"Les repr\u00e9sentants du SDEHG et leurs partenaires Cr\u00e9dits : MAP Chaque ann\u00e9e, le Syndicat D\u00e9partemental d\u2019\u00c9nergie de la&hellip;\n","protected":false},"author":2,"featured_media":543104,"comment_status":"","ping_status":"","sticky":false,"template":"","format":"standard","meta":{"footnotes":""},"categories":[2816],"tags":[1111,11,1777,674,1011,27,23720,12,2680,301,25,2312],"class_list":{"0":"post-543103","1":"post","2":"type-post","3":"status-publish","4":"format-standard","5":"has-post-thumbnail","7":"category-toulouse","8":"tag-actu","9":"tag-actualites","10":"tag-eu","11":"tag-europe","12":"tag-fr","13":"tag-france","14":"tag-internet-seulement","15":"tag-news","16":"tag-occitanie","17":"tag-premium","18":"tag-republique-francaise","19":"tag-toulouse"},"share_on_mastodon":{"url":"https:\/\/pubeurope.com\/@fr\/115572348556794305","error":""},"_links":{"self":[{"href":"https:\/\/www.europesays.com\/fr\/wp-json\/wp\/v2\/posts\/543103","targetHints":{"allow":["GET"]}}],"collection":[{"href":"https:\/\/www.europesays.com\/fr\/wp-json\/wp\/v2\/posts"}],"about":[{"href":"https:\/\/www.europesays.com\/fr\/wp-json\/wp\/v2\/types\/post"}],"author":[{"embeddable":true,"href":"https:\/\/www.europesays.com\/fr\/wp-json\/wp\/v2\/users\/2"}],"replies":[{"embeddable":true,"href":"https:\/\/www.europesays.com\/fr\/wp-json\/wp\/v2\/comments?post=543103"}],"version-history":[{"count":0,"href":"https:\/\/www.europesays.com\/fr\/wp-json\/wp\/v2\/posts\/543103\/revisions"}],"wp:featuredmedia":[{"embeddable":true,"href":"https:\/\/www.europesays.com\/fr\/wp-json\/wp\/v2\/media\/543104"}],"wp:attachment":[{"href":"https:\/\/www.europesays.com\/fr\/wp-json\/wp\/v2\/media?parent=543103"}],"wp:term":[{"taxonomy":"category","embeddable":true,"href":"https:\/\/www.europesays.com\/fr\/wp-json\/wp\/v2\/categories?post=543103"},{"taxonomy":"post_tag","embeddable":true,"href":"https:\/\/www.europesays.com\/fr\/wp-json\/wp\/v2\/tags?post=543103"}],"curies":[{"name":"wp","href":"https:\/\/api.w.org\/{rel}","templated":true}]}}