{"id":543107,"date":"2025-11-18T19:28:11","date_gmt":"2025-11-18T19:28:11","guid":{"rendered":"https:\/\/www.europesays.com\/fr\/543107\/"},"modified":"2025-11-18T19:28:11","modified_gmt":"2025-11-18T19:28:11","slug":"histoire-dun-musee-tres-atypique-dedie-a-lart-et-a-lindustrie","status":"publish","type":"post","link":"https:\/\/www.europesays.com\/fr\/543107\/","title":{"rendered":"histoire d&rsquo;un mus\u00e9e tr\u00e8s atypique d\u00e9di\u00e9 \u00e0 l&rsquo;art et \u00e0 l&rsquo;industrie"},"content":{"rendered":"<p>                    Par<br \/>\n        <strong><br \/>\n            <a href=\"https:\/\/actu.fr\/auteur\/emil-vautrin\" title=\"Consulter tous les articles de Emil Vautrin\" target=\"_blank\" rel=\"noopener\">Emil Vautrin<\/a><br \/>\n                    <\/strong><\/p>\n<p>        Publi\u00e9 le<\/p>\n<p>            18 nov. 2025 \u00e0 20h04        <\/p>\n<p>\u00c0 Roubaix, en r\u00e9gion Hauts-de-France, se trouve un mus\u00e9e particuli\u00e8rement atypique. La th\u00e9matique de ses collections n\u2019a a priori rien d\u2019hors du commun. En effet, ce qui fait que le <a href=\"https:\/\/actu.fr\/tag\/musee-la-piscine\" target=\"_blank\" rel=\"noopener\">mus\u00e9e \u00ab\u2009La Piscine\u2009\u00bb<\/a> sort du lot r\u00e9side plut\u00f4t dans l\u2019histoire du b\u00e2timent en lui-m\u00eame.<\/p>\n<p class=\" wall-content\">En voici une pr\u00e9sentation.<\/p>\n<p>Install\u00e9 dans une ancienne piscine des ann\u00e9es 30<\/p>\n<p class=\" wall-content\">En 1922, Jean-Baptiste Lebas, alors maire de Roubaix, charge un architecte de construire <strong>\u00ab\u2009la plus belle piscine de France\u2009\u00bb<\/strong>.<\/p>\n<p class=\" wall-content\">Dix ans plus tard na\u00eet alors un v\u00e9ritable complexe construit dans le style <a href=\"https:\/\/actu.fr\/histoire-patrimoine\/visites-decouvertes\/a-seulement-trois-heures-de-vol-de-paris-cette-ville-d-europe-de-l-est-est-un-joyau-de-l-art-nouveau_63276180.html\" target=\"_blank\" rel=\"noopener\">Art nouveau<\/a>, compos\u00e9 d\u2019un bassin olympique de 50\u00a0m\u00e8tres, de bains-douches publics, et entour\u00e9 d\u2019un jardin. On y trouvait \u00e9galement un salon de coiffure, et m\u00eame <strong>une laverie industrielle<\/strong>.<\/p>\n<p class=\" wall-content\">En <strong>1985<\/strong>, le complexe fut contraint de fermer ses portes pour des raisons de s\u00e9curit\u00e9, \u00e9tant devenu\u00a0<strong>insalubre<\/strong>.<\/p>\n<p class=\" wall-content\">Ce n\u2019est que bien plus tard que le projet de reconversion du lieu en mus\u00e9e,<strong> valid\u00e9 en<\/strong> <strong>1990<\/strong> par le conseil municipal et la direction des Mus\u00e9es de France vit officiellement le jour\u2009:<strong> le 20\u00a0octobre 2001, l\u2019ancienne piscine devenait le mus\u00e9e d\u2019art et d\u2019industrie Andr\u00e9-Diligent<\/strong>.<\/p>\n<p class=\" wall-content\">Confi\u00e9 \u00e0 Jean-Paul Philippon, architecte entre autres responsable de la<a href=\"https:\/\/actu.fr\/ile-de-france\/paris_75056\/l-histoire-peu-banale-du-musee-d-orsay-a-paris_34466960.html\" target=\"_blank\" rel=\"noopener\"> transformation de la gare d\u2019Orsay (Paris) en mus\u00e9e<\/a>, le chantier a repr\u00e9sent\u00e9 <strong>un co\u00fbt total de 19,5M\u20ac<\/strong>.<\/p>\n<p>Votre r\u00e9gion, votre actu !<\/p>\n<p>Recevez chaque jour les infos qui comptent pour vous.<\/p>\n<p>\t<a href=\"https:\/\/actu.fr\/newsletter\" class=\"ac-btn ac-btn--corner ac-btn--medium ac-btn--blue800\" target=\"_blank\" rel=\"noopener\">S&rsquo;incrire<\/a><\/p>\n<p class=\" wall-content\">En 2018, La Piscine a rouvert ses portes apr\u00e8s dix-huit mois de travaux afin d\u2019ajouter <strong>une extension de 2300m2<\/strong>.<\/p>\n<p>L\u2019ancien bassin, pi\u00e8ce centrale du mus\u00e9e<\/p>\n<p class=\" wall-content\">Bien que transform\u00e9e en mus\u00e9e, une version r\u00e9duite (moins large) de <strong>l\u2019ancien bassin est toujours pr\u00e9sente<\/strong> dans le b\u00e2timent (surmont\u00e9e d\u2019un magnifique vitrail symbolisant le soleil levant et couchant) constituant en quelque sorte le<strong> c\u0153ur de la structure<\/strong>, entour\u00e9 de plusieurs sculptures de diff\u00e9rentes \u00e9poques.<\/p>\n<p class=\" wall-content\">Quant aux cabines de douche, elles ont \u00e9t\u00e9 <strong>transform\u00e9es en vitrines et cabinets de consultation<\/strong>.<\/p>\n<p class=\" wall-content\">Dans un espace de <strong>8000m2 au total<\/strong>, un large \u00e9ventail d\u2019arts et d\u2019\u00e9poques s\u2019entrecroisent\u2009: <strong>sculptures<\/strong>, notamment d\u2019artistes comme Rodin ou Camille Claudel, mais aussi c\u00e9ramiques, collection de <a href=\"https:\/\/actu.fr\/tag\/textile\" target=\"_blank\" rel=\"noopener\">textiles<\/a>, mode, et m\u00eame un espace d\u00e9di\u00e9 \u00e0 l\u2019histoire de <a href=\"https:\/\/actu.fr\/hauts-de-france\/roubaix_59512\" target=\"_blank\" rel=\"noopener\">Roubaix<\/a>.<\/p>\n<p>Adresse\u2009: 23 rue de l\u2019Esp\u00e9rance \u00e0 Roubaix<\/p>\n<p>Horaires\u2009: 11h-18h du mardi au samedi, 11h-20h et 13h-18h le samedi et dimanche<\/p>\n<p>Tarifs\u2009: De 9 \u00e0 11\u20ac en p\u00e9riode d\u2019exposition et de 7 \u00e0 9\u20ac en dehors<\/p>\n<p class=\" wall-content\">Personnalisez votre actualit\u00e9 en ajoutant vos villes et m\u00e9dias en favori avec <a href=\"https:\/\/moncompte.actu.fr\" title=\"D\u00e9couvez Mon Actu\" rel=\"nofollow noopener\" data-trk=\"{&quot;cta&quot;:{&quot;action&quot;:&quot;https:\\\/\\\/moncompte.actu.fr&quot;,&quot;category&quot;:&quot;mon compte&quot;,&quot;from&quot;:&quot;article footer&quot;,&quot;name&quot;:&quot;Mon actu&quot;,&quot;type&quot;:&quot;cta&quot;}}\" target=\"_blank\">Mon Actu<\/a>.<\/p>\n","protected":false},"excerpt":{"rendered":"Par Emil Vautrin Publi\u00e9 le 18 nov. 2025 \u00e0 20h04 \u00c0 Roubaix, en r\u00e9gion Hauts-de-France, se trouve un&hellip;\n","protected":false},"author":2,"featured_media":543108,"comment_status":"","ping_status":"","sticky":false,"template":"","format":"standard","meta":{"footnotes":""},"categories":[2815],"tags":[1111,11,1777,674,1011,27,811,58904,1307,14387,12,2551,25,66122],"class_list":{"0":"post-543107","1":"post","2":"type-post","3":"status-publish","4":"format-standard","5":"has-post-thumbnail","7":"category-lille","8":"tag-actu","9":"tag-actualites","10":"tag-eu","11":"tag-europe","12":"tag-fr","13":"tag-france","14":"tag-hauts-de-france","15":"tag-histoire-patrimoine","16":"tag-lille","17":"tag-musee-la-piscine","18":"tag-news","19":"tag-patrimoine","20":"tag-republique-francaise","21":"tag-visites-decouvertes"},"share_on_mastodon":{"url":"https:\/\/pubeurope.com\/@fr\/115572356302323758","error":""},"_links":{"self":[{"href":"https:\/\/www.europesays.com\/fr\/wp-json\/wp\/v2\/posts\/543107","targetHints":{"allow":["GET"]}}],"collection":[{"href":"https:\/\/www.europesays.com\/fr\/wp-json\/wp\/v2\/posts"}],"about":[{"href":"https:\/\/www.europesays.com\/fr\/wp-json\/wp\/v2\/types\/post"}],"author":[{"embeddable":true,"href":"https:\/\/www.europesays.com\/fr\/wp-json\/wp\/v2\/users\/2"}],"replies":[{"embeddable":true,"href":"https:\/\/www.europesays.com\/fr\/wp-json\/wp\/v2\/comments?post=543107"}],"version-history":[{"count":0,"href":"https:\/\/www.europesays.com\/fr\/wp-json\/wp\/v2\/posts\/543107\/revisions"}],"wp:featuredmedia":[{"embeddable":true,"href":"https:\/\/www.europesays.com\/fr\/wp-json\/wp\/v2\/media\/543108"}],"wp:attachment":[{"href":"https:\/\/www.europesays.com\/fr\/wp-json\/wp\/v2\/media?parent=543107"}],"wp:term":[{"taxonomy":"category","embeddable":true,"href":"https:\/\/www.europesays.com\/fr\/wp-json\/wp\/v2\/categories?post=543107"},{"taxonomy":"post_tag","embeddable":true,"href":"https:\/\/www.europesays.com\/fr\/wp-json\/wp\/v2\/tags?post=543107"}],"curies":[{"name":"wp","href":"https:\/\/api.w.org\/{rel}","templated":true}]}}